{"id":52939,"date":"2025-11-25T14:16:24","date_gmt":"2025-11-25T20:16:24","guid":{"rendered":"https:\/\/radiozapatista.org\/?p=52939"},"modified":"2025-11-25T14:16:25","modified_gmt":"2025-11-25T20:16:25","slug":"colectividades-denuncian-impulso-gubernamental-para-expansion-minera-en-mexico","status":"publish","type":"post","link":"https:\/\/radiozapatista.org\/?p=52939","title":{"rendered":"Colectividades denuncian impulso gubernamental para expansi\u00f3n minera en M\u00e9xico"},"content":{"rendered":"\n<p>Por <a href=\"https:\/\/avispa.org\/es\/author\/aldo-santiago\/\">Aldo Santiago<\/a> | <a href=\"https:\/\/avispa.org\/colectividades-denuncian-impulso-gubernamental-para-expansion-minera-en-mexico\/\" target=\"_blank\" rel=\"noreferrer noopener\">Avispa Midia<\/a><\/p>\n\n\n\n<p><sub><em>En portada: El secretario de Econom\u00eda, Marcelo Ebrard y el presidente nacional de la Asociaci\u00f3n de Ingenieros de Minas, Metalurgistas y Ge\u00f3logos de M\u00e9xico (AIMMGM), Rub\u00e9n Del Pozo Mendoza, inauguraron oficialmente la XXXVI Convenci\u00f3n Internacional de Miner\u00eda \u201cLa Miner\u00eda Unida por M\u00e9xico\u201d, Acapulco 2025.<\/em><\/sub><\/p>\n\n\n\n<p>Organizaciones sociales, comunidades y acad\u00e9micos integrantes del colectivo \u00a1Cambi\u00e9mosla Ya!, quienes se articulan para exigir reformas profundas a la Ley Minera en M\u00e9xico, acusan que funcionarios de la Secretar\u00eda de Econom\u00eda, adem\u00e1s de incumplir por m\u00e1s de dos a\u00f1os en su obligaci\u00f3n legal&nbsp;<a href=\"https:\/\/avispa.org\/mientras-corte-rechaza-amparos-contra-reforma-a-la-ley-minera-de-2023-industria-cabildea-reglamento\/\">para expedir un nuevo reglamento<\/a>, derivado de las modificaciones efectuadas en mayo del 2023, actualmente est\u00e1n contemplando \u201creanudar la exploraci\u00f3n a mayor escala\u201d de la actividad extractiva.<\/p>\n\n\n\n<p>Mediante&nbsp;<a href=\"https:\/\/cambiemoslaya.org.mx\/2025\/11\/20\/la-secretaria-de-economia-debe-dejar-de-actuar-como-oficina-de-relaciones-publicas-de-las-mineras-su-obligacion-es-vigilar-el-cumplimiento-de-la-ley-de-mineria-y-mejorar-la-regulacion-a-su-cargo-col\/\">comunicado<\/a>, la colectiva denunci\u00f3 que, durante la inauguraci\u00f3n de la&nbsp;<em>XXXVI Convenci\u00f3n Internacional de Miner\u00eda<\/em>, efectuada el pasado 20 de noviembre, el titular de la Secretar\u00eda de Econom\u00eda, Marcelo Ebrard, prometi\u00f3 que, para el a\u00f1o 2026 se reanudar\u00e1 la exploraci\u00f3n minera a mayor escala. En el mismo evento, el secretario prometi\u00f3 agilizar permisos para la industria con el objetivo de reducir tiempos administrativos y facilitar la inversi\u00f3n en nuevos proyectos mineros en el pa\u00eds.<\/p>\n\n\n\n<p>En su discurso, Ebrard enunci\u00f3 que dichas decisiones derivan de las actuales tensiones geopol\u00edticas entre las cuales se encuentran el dif\u00edcil acceso a minerales y su procesamiento, situaci\u00f3n que \u201cevidentemente es una prioridad del m\u00e1s alto rango\u201d. Aunado a ello, el titular de Econom\u00eda destac\u00f3 que el impulso al que se compromete el gobierno de la autodenominada \u201cCuarta Transformaci\u00f3n\u201d responde a la necesidad de \u201cgarantizar los minerales que M\u00e9xico necesita para ser competitivo y que necesita el Plan M\u00e9xico\u201d, en referencia al portafolio de inversiones, nacionales e internacionales, p<a href=\"https:\/\/www.gob.mx\/presidencia\/prensa\/presidenta-claudia-sheinbaum-presenta-el-plan-mexico-que-contempla-un-portafolio-de-inversiones-de-277-mmddhttps:\/\/www.gob.mx\/presidencia\/prensa\/presidenta-claudia-sheinbaum-presenta-el-plan-mexico-que-contempla-un-portafolio-de-inversiones-de-277-mmdd\">or 277 mil millones de d\u00f3lares<\/a>&nbsp;anunciado por la presidenta Claudia Sheinbaum en enero del 2025.<\/p>\n\n\n\n<p>El secretario Ebrard se\u00f1al\u00f3 que, dentro de la inversi\u00f3n extranjera directa contemplada en M\u00e9xico ya se cuenta con proyectos que alcanzan un monto de casi 41 mil millones de d\u00f3lares. Incluso, para subrayar el compromiso del gobierno federal con la industria, refiri\u00f3 que el jefe de Coordinaci\u00f3n de Actividades Extractivas de la secretar\u00eda de Econom\u00eda, Fernando Aboitis, act\u00faa como si fuese miembro de la C\u00e1mara Minera de M\u00e9xico (Camimex).<\/p>\n\n\n\n<figure class=\"wp-block-image\"><a class=\"td-modal-image\" href=\"https:\/\/avispa.org\/wp-content\/uploads\/2025\/11\/Marcelo-Ebrard-Mundo-Minero-2.jpg\"><img decoding=\"async\" src=\"https:\/\/avispa.org\/wp-content\/uploads\/2025\/11\/Marcelo-Ebrard-Mundo-Minero-2.jpg\" alt=\"\" class=\"wp-image-121338\"\/><\/a><figcaption class=\"wp-element-caption\"><em><sup>El titular de Econom\u00eda, Marcelo Ebrard durante su participaci\u00f3n en la Convenci\u00f3n minera.<\/sup><\/em><\/figcaption><\/figure>\n\n\n\n<p>Ante ello, el colectivo \u00a1Cambi\u00e9mosla Ya! denunci\u00f3 lo que califica como \u201cgran irresponsabilidad\u201d en el actuar de los funcionarios de Econom\u00eda, ya que acusan que la dependencia cedi\u00f3 a los chantajes de la industria minera y omiten \u201csu responsabilidad&nbsp;en la tarea de fortalecer la regulaci\u00f3n de este sector, caracterizado por vulnerar derechos, da\u00f1ar el medio ambiente, evadir el pago de impuestos, propiciar la violencia y la corrupci\u00f3n\u201d.<\/p>\n\n\n\n<!--more-->\n\n\n\n<p>Ya en junio de este a\u00f1o, en el contexto de la puesta en marcha del Comit\u00e9 Educativo de Miner\u00eda M\u00e9xico 2025 -una iniciativa entre la industria minera, la Secretar\u00eda de Econom\u00eda e instituciones de educaci\u00f3n superior-, la colectiva calific\u00f3 como ofensiva&nbsp;\u201cla actitud tan servil de la Secretar\u00eda de Econom\u00eda hacia la industria minera, que en palabras de la ex secretaria de Econom\u00eda, Raquel Buenrostro: \u2018el sector de la miner\u00eda no paga impuestos y es de los m\u00e1s corruptos\u2019\u201d.&nbsp;<\/p>\n\n\n\n<p><a href=\"https:\/\/avispa.org\/sheinbaum-da-incentivos-al-sector-minero-organizaciones-alertan-sobre-riesgos\/\" target=\"_blank\" rel=\"noreferrer noopener\">Te puede interesar &#8211; Sheinbaum da incentivos al sector minero; organizaciones alertan sobre riesgos<\/a><\/p>\n\n\n\n<p>Adem\u00e1s, la colectiva&nbsp;\u00a1Cambi\u00e9mosla Ya! Tambi\u00e9n rememora que incluso la propia presidenta Sheinbaum se comprometi\u00f3 durante su campa\u00f1a presidencial a impulsar la prohibici\u00f3n de la miner\u00eda a cielo abierto, pero que,\u201cinexplicablemente, retir\u00f3 este compromiso de su agenda prioritaria y se impulsa con gran fuerza a la industria minera\u201d.<\/p>\n\n\n\n<h3 class=\"wp-block-heading\" id=\"h-fuertes-presiones\"><strong>Fuertes presiones<\/strong><\/h3>\n\n\n\n<p>Aunado a lo anterior, las organizaciones sociales aseveran que la industria minera est\u00e1 desplegando una fuerte campa\u00f1a medi\u00e1tica y de cabildeo para impulsar un apartado sobre miner\u00eda en el Tratado entre M\u00e9xico, Estados Unidos y Canad\u00e1 (T-MEC) debido a que, argumentan, en M\u00e9xico no existen condiciones claras para invertir en el sector, \u201cpor una excesiva regulaci\u00f3n y altos costos en el pago de impuestos\u201d.<\/p>\n\n\n\n<p>La colectiva destaca que, entre los a\u00f1os de 1992 y 2018, el gobierno federal otorg\u00f3 m\u00e1s de 60 mil concesiones mineras, \u201cninguna de ellas consultada, ni siquiera notificada a los leg\u00edtimos due\u00f1os de la tierra\u201d, reclaman.&nbsp;<\/p>\n\n\n\n<p>Ante ese escenario, sostienen que, a la fecha, miles de familias han sido desplazadas de manera forzada de sus hogares por la imposici\u00f3n de proyectos mineros de exploraci\u00f3n y explotaci\u00f3n, \u201cquienes adem\u00e1s de perder sus medios de vida, han visto afectada su salud y afecta el acceso al agua\u201d.<\/p>\n\n\n\n<figure class=\"wp-block-image\"><a class=\"td-modal-image\" href=\"https:\/\/avispa.org\/wp-content\/uploads\/2025\/11\/mineria-en-mexico-1-2.jpg\"><img decoding=\"async\" src=\"https:\/\/avispa.org\/wp-content\/uploads\/2025\/11\/mineria-en-mexico-1-2-1024x576.jpg\" alt=\"\" class=\"wp-image-121336\"\/><\/a><\/figure>\n\n\n\n<p>Sumado a lo anterior, la colectiva se\u00f1ala que, durante m\u00e1s de 30 a\u00f1os, las empresas mineras se dedicaron a especular en mercados financieros y comerciar con los t\u00edtulos de concesi\u00f3n, \u201csin ganancias para el Estado ni para las comunidades\u201d. Resaltan que a\u00fan hay vigentes m\u00e1s de 22 mil concesiones mineras, equivalentes a una superficie de 24 millones de hect\u00e1reas, susceptibles a la realizaci\u00f3n de labores de exploraci\u00f3n y explotaci\u00f3n minera.<\/p>\n\n\n\n<p>\u201cCon el mito de fortalecer la econom\u00eda nacional, la industria minera pretende presionar a las autoridades para que se le regresen los privilegios y pueda seguir evitando pagar impuestos, devastando el ambiente, desplazando a las comunidades, acaparando y contaminando impunemente el agua\u201d,&nbsp;sostienen quienes integran la colectiva \u00a1Cambi\u00e9mosla Ya!.<\/p>\n\n\n\n<p>Frente a las declaraciones del titular de Econom\u00eda, la colectiva exige que se requiere una mejor regulaci\u00f3n y vigilancia de las operaciones de la industria minera, por lo que la dependencia \u201cdebe fungir como un ente regulador, que vigile el cumplimiento de la ley, velar por el fortalecimiento de la econom\u00eda del pa\u00eds, no ser un representante de intereses privados, nacionales y extranjeros, que han saqueado los recursos minerales del pa\u00eds a costa del desplazamiento y la salud de las comunidades y la devastaci\u00f3n del medio ambiente\u201d.&nbsp;<\/p>\n","protected":false},"excerpt":{"rendered":"<p>Por Aldo Santiago | Avispa Midia En portada: El secretario de Econom\u00eda, Marcelo Ebrard y el presidente nacional de la Asociaci\u00f3n de Ingenieros de Minas, Metalurgistas y Ge\u00f3logos de M\u00e9xico (AIMMGM), Rub\u00e9n Del Pozo Mendoza, inauguraron oficialmente la XXXVI Convenci\u00f3n Internacional de Miner\u00eda \u201cLa Miner\u00eda Unida por M\u00e9xico\u201d, Acapulco 2025. Organizaciones sociales, comunidades y acad\u00e9micos [&hellip;]<\/p>\n","protected":false},"author":1,"featured_media":52940,"comment_status":"open","ping_status":"closed","sticky":false,"template":"","format":"standard","meta":{"footnotes":""},"categories":[826,958,954],"tags":[1288,137],"class_list":["post-52939","post","type-post","status-publish","format-standard","has-post-thumbnail","hentry","category-medios-libres-2","category-megaproyectos","category-mexico","tag-4t","tag-mineria"],"_links":{"self":[{"href":"https:\/\/radiozapatista.org\/index.php?rest_route=\/wp\/v2\/posts\/52939","targetHints":{"allow":["GET"]}}],"collection":[{"href":"https:\/\/radiozapatista.org\/index.php?rest_route=\/wp\/v2\/posts"}],"about":[{"href":"https:\/\/radiozapatista.org\/index.php?rest_route=\/wp\/v2\/types\/post"}],"author":[{"embeddable":true,"href":"https:\/\/radiozapatista.org\/index.php?rest_route=\/wp\/v2\/users\/1"}],"replies":[{"embeddable":true,"href":"https:\/\/radiozapatista.org\/index.php?rest_route=%2Fwp%2Fv2%2Fcomments&post=52939"}],"version-history":[{"count":1,"href":"https:\/\/radiozapatista.org\/index.php?rest_route=\/wp\/v2\/posts\/52939\/revisions"}],"predecessor-version":[{"id":52941,"href":"https:\/\/radiozapatista.org\/index.php?rest_route=\/wp\/v2\/posts\/52939\/revisions\/52941"}],"wp:featuredmedia":[{"embeddable":true,"href":"https:\/\/radiozapatista.org\/index.php?rest_route=\/wp\/v2\/media\/52940"}],"wp:attachment":[{"href":"https:\/\/radiozapatista.org\/index.php?rest_route=%2Fwp%2Fv2%2Fmedia&parent=52939"}],"wp:term":[{"taxonomy":"category","embeddable":true,"href":"https:\/\/radiozapatista.org\/index.php?rest_route=%2Fwp%2Fv2%2Fcategories&post=52939"},{"taxonomy":"post_tag","embeddable":true,"href":"https:\/\/radiozapatista.org\/index.php?rest_route=%2Fwp%2Fv2%2Ftags&post=52939"}],"curies":[{"name":"wp","href":"https:\/\/api.w.org\/{rel}","templated":true}]}}