{"id":52936,"date":"2025-11-25T10:05:59","date_gmt":"2025-11-25T16:05:59","guid":{"rendered":"https:\/\/radiozapatista.org\/?p=52936"},"modified":"2025-11-25T10:06:00","modified_gmt":"2025-11-25T16:06:00","slug":"comunicado-de-la-asamblea-nacional-por-el-agua-y-la-vida-en-apoyo-a-max-emiliano-negrete-companero-de-san-gregorio-atlapulco-amenazado-de-muerte","status":"publish","type":"post","link":"https:\/\/radiozapatista.org\/?p=52936","title":{"rendered":"Comunicado de la Asamblea Nacional por el Agua y la Vida en apoyo a Max Emiliano Negrete, compa\u00f1ero de San Gregorio Atlapulco amenazado de muerte"},"content":{"rendered":"\n<p>El pasado 5 de septiembre del 2023, con absurdo uso de la fuerza, el gobierno de la Ciudad de M\u00e9xico reprimi\u00f3 a quienes, de manera solidaria, se hicieron presentes en la alcald\u00eda de Xochimilco en apoyo a la compa\u00f1era Hortensia Tel\u00e9sforo, criminalizada por participar en la recuperaci\u00f3n de la biblioteca comunitaria de San Gregorio Atlapulco, hoy convertida en Tlamachtiloyan (Casa del pueblo). Un grupo de choque con palos, armas punzocortantes y de fuego, agredieron indiscriminadamente a quienes asistieron a la manifestaci\u00f3n, 5 compa\u00f1eras y compa\u00f1eros fueron desaparecidos por horas y posteriormente presentados en el Ministerio P\u00fablico para fabricarles delitos, m\u00e1s tarde la represi\u00f3n se agrav\u00f3 en las instalaciones de la fiscal\u00eda de Tlalpan donde fueron golpeados brutalmente m\u00e1s de una veintena de personas.<\/p>\n\n\n\n<p>Esta violencia es la verdadera cara de este gobierno.<\/p>\n\n\n\n<p>Desde entonces no han cesado las amenazas y el asedio a nuestras y nuestros compa\u00f1eros, ensa\u00f1\u00e1ndose particularmente con nuestro hermano Max Emiliano Negrete, quien ha demostrado ser congruente con sus principios en defensa de su pueblo y por ello ha sido amenazado de muerte en reiteradas ocasiones a trav\u00e9s de perfiles falsos en redes sociales.<\/p>\n\n\n\n<p>Si fueron capaces de repetir uno de los momentos m\u00e1s lamentables de la historia de M\u00e9xico: el halconazo, sabemos que son capaces de cualquier cosa, el uso de grupos de choque por parte de la Alcald\u00eda de Xochimilco es una pr\u00e1ctica criminal recurrente que debe parar.<\/p>\n\n\n\n<p>Ante las reiteradas y cobardes amenazas a en contra de Max Emiliano Negrete, integrante de la Asamblea General Permanente del pueblo de San Gregorio Atlapulco, comunicador comunitario y defensor del agua, la vida y la autonom\u00eda, como Asamblea Nacional por el Agua, la Vida y el Territorio hacemos directamente responsables a los tres niveles de gobierno, particularmente al gobierno de la Ciudad de M\u00e9xico de cualquier altercado a la integridad de nuestro compa\u00f1ero.<\/p>\n\n\n\n<p>Son ya responsables de mantenerlo en un estado de alerta por las amenazas.<\/p>\n\n\n\n<p>Como Asamblea respaldamos su labor en defensa de la vida y la autonom\u00eda y hacemos saber a los malos gobiernos que:<\/p>\n\n\n\n<p class=\"has-text-align-center\">MAX EMILIANO NEGRETE NO EST\u00c1 SOLO<\/p>\n\n\n\n<p class=\"has-text-align-center\">ATENTAMENTE<\/p>\n\n\n\n<p class=\"has-text-align-center\">TIERRA, AGUA Y LIBERTAD<\/p>\n\n\n\n<p class=\"has-text-align-center\">HASTA QUE LA DIGNIDAD SE HAGA COSTUMBRE<\/p>\n\n\n\n<p class=\"has-text-align-center\">EL AGUA ES EL COM\u00daN DE LOS PUEBLOS<\/p>\n\n\n\n<p class=\"has-text-align-center\">ASAMBLEA NACIONAL POR EL AGUA, LA VIDA Y EL TERRITORIO<\/p>\n\n\n\n<p>Foto de portada: Cuartoscuro<\/p>\n","protected":false},"excerpt":{"rendered":"<p>El pasado 5 de septiembre del 2023, con absurdo uso de la fuerza, el gobierno de la Ciudad de M\u00e9xico reprimi\u00f3 a quienes, de manera solidaria, se hicieron presentes en la alcald\u00eda de Xochimilco en apoyo a la compa\u00f1era Hortensia Tel\u00e9sforo, criminalizada por participar en la recuperaci\u00f3n de la biblioteca comunitaria de San Gregorio Atlapulco, [&hellip;]<\/p>\n","protected":false},"author":1,"featured_media":52937,"comment_status":"open","ping_status":"closed","sticky":false,"template":"","format":"standard","meta":{"footnotes":""},"categories":[957,943,954],"tags":[539,63,284,198,87],"class_list":["post-52936","post","type-post","status-publish","format-standard","has-post-thumbnail","hentry","category-autonomia","category-cni","category-mexico","tag-amenazas","tag-cni","tag-criminalizacion","tag-impunidad","tag-represion"],"_links":{"self":[{"href":"https:\/\/radiozapatista.org\/index.php?rest_route=\/wp\/v2\/posts\/52936","targetHints":{"allow":["GET"]}}],"collection":[{"href":"https:\/\/radiozapatista.org\/index.php?rest_route=\/wp\/v2\/posts"}],"about":[{"href":"https:\/\/radiozapatista.org\/index.php?rest_route=\/wp\/v2\/types\/post"}],"author":[{"embeddable":true,"href":"https:\/\/radiozapatista.org\/index.php?rest_route=\/wp\/v2\/users\/1"}],"replies":[{"embeddable":true,"href":"https:\/\/radiozapatista.org\/index.php?rest_route=%2Fwp%2Fv2%2Fcomments&post=52936"}],"version-history":[{"count":1,"href":"https:\/\/radiozapatista.org\/index.php?rest_route=\/wp\/v2\/posts\/52936\/revisions"}],"predecessor-version":[{"id":52938,"href":"https:\/\/radiozapatista.org\/index.php?rest_route=\/wp\/v2\/posts\/52936\/revisions\/52938"}],"wp:featuredmedia":[{"embeddable":true,"href":"https:\/\/radiozapatista.org\/index.php?rest_route=\/wp\/v2\/media\/52937"}],"wp:attachment":[{"href":"https:\/\/radiozapatista.org\/index.php?rest_route=%2Fwp%2Fv2%2Fmedia&parent=52936"}],"wp:term":[{"taxonomy":"category","embeddable":true,"href":"https:\/\/radiozapatista.org\/index.php?rest_route=%2Fwp%2Fv2%2Fcategories&post=52936"},{"taxonomy":"post_tag","embeddable":true,"href":"https:\/\/radiozapatista.org\/index.php?rest_route=%2Fwp%2Fv2%2Ftags&post=52936"}],"curies":[{"name":"wp","href":"https:\/\/api.w.org\/{rel}","templated":true}]}}