{"id":52904,"date":"2025-11-22T09:23:22","date_gmt":"2025-11-22T15:23:22","guid":{"rendered":"https:\/\/radiozapatista.org\/?p=52904"},"modified":"2025-11-22T09:25:01","modified_gmt":"2025-11-22T15:25:01","slug":"el-fogon-de-las-palabras-mi-bello-horizonte-cooperativa-nuevo-horizonte-peten-guatemala","status":"publish","type":"post","link":"https:\/\/radiozapatista.org\/?p=52904","title":{"rendered":"El Fog\u00f3n de las Palabras: Mi bello horizonte. Cooperativa Nuevo Horizonte. Pet\u00e9n, Guatemala"},"content":{"rendered":"\n<p>La cooperativa Nuevo Horizonte fue creada en 1998 por mujeres y hombres ex combatientes de las Fuerzas Armadas Rebeldes (FAR) en el Pet\u00e9n, Guatemala.<\/p>\n\n\n\n<p>En este programa escucharemos las voces de algunxs de ellxs, as\u00ed como de las y los j\u00f3venes que nos comparten c\u00f3mo ha sido para ellxs nacer y crecer en esta comunidad creada gracias al trabajo y la lucha de sus madres, padres, abuelas y abuelos: \u201cun pu\u00f1ado de hombres y mujeres guerrilleras y luchadoras por una sociedad distinta\u201d.<\/p>\n\n\n\n<p><strong><a href=\"https:\/\/elfogondelaspalabras.com\/14-y-15-nuevo-horizonte\" target=\"_blank\" rel=\"noreferrer noopener nofollow\">M\u00e1s informaci\u00f3n aqu\u00ed<\/a><\/strong>.<\/p>\n\n\n[podcast]https:\/\/radiozapatista.org\/wp-content\/uploads\/2025\/11\/mi-nuevo-horizonte-1.mp3[\/podcast]\n\n<p><\/p>\n","protected":false},"excerpt":{"rendered":"<p>La cooperativa Nuevo Horizonte fue creada en 1998 por mujeres y hombres ex combatientes de las Fuerzas Armadas Rebeldes (FAR) en el Pet\u00e9n, Guatemala. En este programa escucharemos las voces de algunxs de ellxs, as\u00ed como de las y los j\u00f3venes que nos comparten c\u00f3mo ha sido para ellxs nacer y crecer en esta comunidad [&hellip;]<\/p>\n","protected":false},"author":1,"featured_media":52908,"comment_status":"open","ping_status":"closed","sticky":false,"template":"","format":"standard","meta":{"footnotes":""},"categories":[1,957,1284,826],"tags":[79,148],"class_list":["post-52904","post","type-post","status-publish","format-standard","has-post-thumbnail","hentry","category-audio","category-autonomia","category-latinoamerica","category-medios-libres-2","tag-autonomia","tag-resistencia"],"_links":{"self":[{"href":"https:\/\/radiozapatista.org\/index.php?rest_route=\/wp\/v2\/posts\/52904","targetHints":{"allow":["GET"]}}],"collection":[{"href":"https:\/\/radiozapatista.org\/index.php?rest_route=\/wp\/v2\/posts"}],"about":[{"href":"https:\/\/radiozapatista.org\/index.php?rest_route=\/wp\/v2\/types\/post"}],"author":[{"embeddable":true,"href":"https:\/\/radiozapatista.org\/index.php?rest_route=\/wp\/v2\/users\/1"}],"replies":[{"embeddable":true,"href":"https:\/\/radiozapatista.org\/index.php?rest_route=%2Fwp%2Fv2%2Fcomments&post=52904"}],"version-history":[{"count":3,"href":"https:\/\/radiozapatista.org\/index.php?rest_route=\/wp\/v2\/posts\/52904\/revisions"}],"predecessor-version":[{"id":52909,"href":"https:\/\/radiozapatista.org\/index.php?rest_route=\/wp\/v2\/posts\/52904\/revisions\/52909"}],"wp:featuredmedia":[{"embeddable":true,"href":"https:\/\/radiozapatista.org\/index.php?rest_route=\/wp\/v2\/media\/52908"}],"wp:attachment":[{"href":"https:\/\/radiozapatista.org\/index.php?rest_route=%2Fwp%2Fv2%2Fmedia&parent=52904"}],"wp:term":[{"taxonomy":"category","embeddable":true,"href":"https:\/\/radiozapatista.org\/index.php?rest_route=%2Fwp%2Fv2%2Fcategories&post=52904"},{"taxonomy":"post_tag","embeddable":true,"href":"https:\/\/radiozapatista.org\/index.php?rest_route=%2Fwp%2Fv2%2Ftags&post=52904"}],"curies":[{"name":"wp","href":"https:\/\/api.w.org\/{rel}","templated":true}]}}