{"id":52892,"date":"2025-11-22T08:51:09","date_gmt":"2025-11-22T14:51:09","guid":{"rendered":"https:\/\/radiozapatista.org\/?p=52892"},"modified":"2026-03-26T09:25:43","modified_gmt":"2026-03-26T15:25:43","slug":"podcast-desapariciones-forzadas-en-chiapas","status":"publish","type":"post","link":"https:\/\/radiozapatista.org\/?p=52892","title":{"rendered":"Nantik Meche &#8211; Desapariciones forzadas en Chiapas"},"content":{"rendered":"\n<p>Este podcast nos acerca a la crisis de desapariciones forzadas en Chiapas y en espec\u00edfico a la lucha de familiares de 7 habitantes de San Crist\u00f3bal que este 23 de noviembre cumplen un a\u00f1o de haber sido desaparecidos.<\/p>\n\n\n\n<p><a href=\"https:\/\/radiozapatista.org\/wp-content\/uploads\/2025\/11\/podcast-7-desaparecidos-de-San-Cristobal-de-Las-Casas.mp3\" target=\"_blank\" rel=\"noreferrer noopener\">Descarga aqu\u00ed<\/a>.<\/p>\n\n\n\n<figure class=\"wp-block-audio\"><audio controls src=\"https:\/\/radiozapatista.org\/wp-content\/uploads\/2025\/11\/podcast-7-desaparecidos-de-San-Cristobal-de-Las-Casas.mp3\"><\/audio><\/figure>\n\n\n\n<p><\/p>\n","protected":false},"excerpt":{"rendered":"<p>Este podcast nos acerca a la crisis de desapariciones forzadas en Chiapas y en espec\u00edfico a la lucha de familiares de 7 habitantes de San Crist\u00f3bal que este 23 de noviembre cumplen un a\u00f1o de haber sido desaparecidos. Descarga aqu\u00ed.<\/p>\n","protected":false},"author":1,"featured_media":43484,"comment_status":"open","ping_status":"closed","sticky":false,"template":"","format":"standard","meta":{"footnotes":""},"categories":[1,6,1498,826],"tags":[1556,244,682,1392],"class_list":["post-52892","post","type-post","status-publish","format-standard","has-post-thumbnail","hentry","category-audio","category-chiapas","category-desaparecidos","category-medios-libres-2","tag-chipas","tag-desaparecidos","tag-desaparicion-forzada","tag-nantik-meche"],"_links":{"self":[{"href":"https:\/\/radiozapatista.org\/index.php?rest_route=\/wp\/v2\/posts\/52892","targetHints":{"allow":["GET"]}}],"collection":[{"href":"https:\/\/radiozapatista.org\/index.php?rest_route=\/wp\/v2\/posts"}],"about":[{"href":"https:\/\/radiozapatista.org\/index.php?rest_route=\/wp\/v2\/types\/post"}],"author":[{"embeddable":true,"href":"https:\/\/radiozapatista.org\/index.php?rest_route=\/wp\/v2\/users\/1"}],"replies":[{"embeddable":true,"href":"https:\/\/radiozapatista.org\/index.php?rest_route=%2Fwp%2Fv2%2Fcomments&post=52892"}],"version-history":[{"count":5,"href":"https:\/\/radiozapatista.org\/index.php?rest_route=\/wp\/v2\/posts\/52892\/revisions"}],"predecessor-version":[{"id":53904,"href":"https:\/\/radiozapatista.org\/index.php?rest_route=\/wp\/v2\/posts\/52892\/revisions\/53904"}],"wp:featuredmedia":[{"embeddable":true,"href":"https:\/\/radiozapatista.org\/index.php?rest_route=\/wp\/v2\/media\/43484"}],"wp:attachment":[{"href":"https:\/\/radiozapatista.org\/index.php?rest_route=%2Fwp%2Fv2%2Fmedia&parent=52892"}],"wp:term":[{"taxonomy":"category","embeddable":true,"href":"https:\/\/radiozapatista.org\/index.php?rest_route=%2Fwp%2Fv2%2Fcategories&post=52892"},{"taxonomy":"post_tag","embeddable":true,"href":"https:\/\/radiozapatista.org\/index.php?rest_route=%2Fwp%2Fv2%2Ftags&post=52892"}],"curies":[{"name":"wp","href":"https:\/\/api.w.org\/{rel}","templated":true}]}}