{"id":52884,"date":"2025-11-20T09:59:22","date_gmt":"2025-11-20T15:59:22","guid":{"rendered":"https:\/\/radiozapatista.org\/?p=52884"},"modified":"2025-11-20T09:59:23","modified_gmt":"2025-11-20T15:59:23","slug":"milpa-alta-22-nov-foro-enciendde-tu-chispa-comunal-a-la-defensa-del-territorio","status":"publish","type":"post","link":"https:\/\/radiozapatista.org\/?p=52884","title":{"rendered":"[Milpa Alta &#8211; 22 nov] Foro: Enciendde tu chispa comunal \u00a1A la defensa del territorio!"},"content":{"rendered":"\n<p>Compartiremos nuestros sentires y opiniones sobre las consecuencias sociales, culturales y ambientales de megaproyectos como el cablebus que quieren imponer dentro del Territorio Comunal de Milpa Alta.<\/p>\n\n\n\n<p>Con la participaci\u00f3n del Licenciado Carlos Gonz\u00e1lez Garc\u00eda quien nos compartir\u00e1 la palabra.<\/p>\n\n\n\n<p class=\"has-text-align-center\">S\u00e1bado 22 de noviembre | 5:30 PM<\/p>\n\n\n\n<p class=\"has-text-align-center\">Plaza Benito Ju\u00e1rez, San Pedro<br>Atocpan, Milpa Alta, CDMX.<\/p>\n","protected":false},"excerpt":{"rendered":"<p>Compartiremos nuestros sentires y opiniones sobre las consecuencias sociales, culturales y ambientales de megaproyectos como el cablebus que quieren imponer dentro del Territorio Comunal de Milpa Alta. Con la participaci\u00f3n del Licenciado Carlos Gonz\u00e1lez Garc\u00eda quien nos compartir\u00e1 la palabra. S\u00e1bado 22 de noviembre | 5:30 PM Plaza Benito Ju\u00e1rez, San PedroAtocpan, Milpa Alta, CDMX.<\/p>\n","protected":false},"author":1,"featured_media":0,"comment_status":"open","ping_status":"closed","sticky":false,"template":"","format":"standard","meta":{"footnotes":""},"categories":[943,958,954,183],"tags":[567,1560,148,483],"class_list":["post-52884","post","type-post","status-publish","format-standard","hentry","category-cni","category-megaproyectos","category-mexico","category-blog","tag-megaproyectos","tag-milpa-alta","tag-resistencia","tag-tierra-y-territorio"],"_links":{"self":[{"href":"https:\/\/radiozapatista.org\/index.php?rest_route=\/wp\/v2\/posts\/52884","targetHints":{"allow":["GET"]}}],"collection":[{"href":"https:\/\/radiozapatista.org\/index.php?rest_route=\/wp\/v2\/posts"}],"about":[{"href":"https:\/\/radiozapatista.org\/index.php?rest_route=\/wp\/v2\/types\/post"}],"author":[{"embeddable":true,"href":"https:\/\/radiozapatista.org\/index.php?rest_route=\/wp\/v2\/users\/1"}],"replies":[{"embeddable":true,"href":"https:\/\/radiozapatista.org\/index.php?rest_route=%2Fwp%2Fv2%2Fcomments&post=52884"}],"version-history":[{"count":1,"href":"https:\/\/radiozapatista.org\/index.php?rest_route=\/wp\/v2\/posts\/52884\/revisions"}],"predecessor-version":[{"id":52885,"href":"https:\/\/radiozapatista.org\/index.php?rest_route=\/wp\/v2\/posts\/52884\/revisions\/52885"}],"wp:attachment":[{"href":"https:\/\/radiozapatista.org\/index.php?rest_route=%2Fwp%2Fv2%2Fmedia&parent=52884"}],"wp:term":[{"taxonomy":"category","embeddable":true,"href":"https:\/\/radiozapatista.org\/index.php?rest_route=%2Fwp%2Fv2%2Fcategories&post=52884"},{"taxonomy":"post_tag","embeddable":true,"href":"https:\/\/radiozapatista.org\/index.php?rest_route=%2Fwp%2Fv2%2Ftags&post=52884"}],"curies":[{"name":"wp","href":"https:\/\/api.w.org\/{rel}","templated":true}]}}