{"id":52882,"date":"2025-11-20T09:55:51","date_gmt":"2025-11-20T15:55:51","guid":{"rendered":"https:\/\/radiozapatista.org\/?p=52882"},"modified":"2025-11-20T09:55:52","modified_gmt":"2025-11-20T15:55:52","slug":"cdmx-29-nov-resonancias-del-caracol-iii-organicemos-la-rabia-de-chiapas-a-palestina","status":"publish","type":"post","link":"https:\/\/radiozapatista.org\/?p=52882","title":{"rendered":"[CDMX &#8211; 29 nov] Resonancias del Caracol III. Organicemos la rabia de Chiapas a Palestina"},"content":{"rendered":"\n<p>Este a\u00f1o, artistas de distintas generaciones y disciplinas se unen para, desde sus artes, mandar un abrazo solidario al pueblo palestino y a los pueblos zapatistas que resisten.<\/p>\n\n\n\n<p class=\"has-text-align-center\">S\u00e1bado 29 de noviembre de 2025, 12:00hrs<\/p>\n\n\n\n<p>Habr\u00e1 actividades para infancias, danza, m\u00fasica, bailongo, tatuajes, talleres, alimentos, caf\u00e9, etc.<\/p>\n\n\n\n<p>Participan:<\/p>\n\n\n\n<p>Escuelita Aut\u00f3noma Otom\u00ed<\/p>\n\n\n\n<p>La Mosca con Smoking<\/p>\n\n\n\n<p>Le\u00f3n Ch\u00e1vez Teixeiro y Les pr\u00f3fugues del manikomio<\/p>\n\n\n\n<p>Botellita Retornable<\/p>\n\n\n\n<p>Otra Danza es Posible<\/p>\n\n\n\n<p>F\u00f3ramen Danza<\/p>\n\n\n\n<p>Musas Sonideras<\/p>\n\n\n\n<p>Toque Bulanga<\/p>\n\n\n\n<p>Taller del Sur<\/p>\n\n\n\n<p>Preventa: $130 \/\/ D\u00eda del evento $180.<\/p>\n\n\n\n<p>Lo recaudado ser\u00e1 enviado a familias palestinas.<\/p>\n\n\n\n<p>Auditorio del SME &#8211; Francisco Bre\u00f1a Alvirez, Calle Maestro Antonio Caso 50, Tabacalera, Cuauht\u00e9moc, CMDX)<\/p>\n\n\n\n<p>A una cuadra del Monumento a la Revoluci\u00f3n<\/p>\n\n\n\n<p>Puntos de llegada: Metro Revoluci\u00f3n y Metrob\u00fas Reforma.<\/p>\n\n\n\n<p>Preventas en:<\/p>\n\n\n\n<p>FB: Red Universitaria Anticapitalista IG: @mxlacomuna<\/p>\n\n\n\n<p>Vendaval &#8211; Cooperativa panadera y algo m\u00e1s (Guillermo Prieto, #46. Colonia San Rafael , Cuauht\u00e9moc, CDMX)<\/p>\n\n\n\n<p>Cafeter\u00eda Carabina 30 \u2013 30 (Escuinapa 11, Pedregal de Santo Domingo, Coyoac\u00e1n, CDMX)<\/p>\n","protected":false},"excerpt":{"rendered":"<p>Este a\u00f1o, artistas de distintas generaciones y disciplinas se unen para, desde sus artes, mandar un abrazo solidario al pueblo palestino y a los pueblos zapatistas que resisten. S\u00e1bado 29 de noviembre de 2025, 12:00hrs Habr\u00e1 actividades para infancias, danza, m\u00fasica, bailongo, tatuajes, talleres, alimentos, caf\u00e9, etc. Participan: Escuelita Aut\u00f3noma Otom\u00ed La Mosca con Smoking [&hellip;]<\/p>\n","protected":false},"author":1,"featured_media":0,"comment_status":"open","ping_status":"closed","sticky":false,"template":"","format":"standard","meta":{"footnotes":""},"categories":[6,943,954,183,1327],"tags":[1139,917,112,27],"class_list":["post-52882","post","type-post","status-publish","format-standard","hentry","category-chiapas","category-cni","category-mexico","category-blog","category-palestina","tag-artes","tag-chiapas","tag-palestina","tag-solidaridad"],"_links":{"self":[{"href":"https:\/\/radiozapatista.org\/index.php?rest_route=\/wp\/v2\/posts\/52882","targetHints":{"allow":["GET"]}}],"collection":[{"href":"https:\/\/radiozapatista.org\/index.php?rest_route=\/wp\/v2\/posts"}],"about":[{"href":"https:\/\/radiozapatista.org\/index.php?rest_route=\/wp\/v2\/types\/post"}],"author":[{"embeddable":true,"href":"https:\/\/radiozapatista.org\/index.php?rest_route=\/wp\/v2\/users\/1"}],"replies":[{"embeddable":true,"href":"https:\/\/radiozapatista.org\/index.php?rest_route=%2Fwp%2Fv2%2Fcomments&post=52882"}],"version-history":[{"count":1,"href":"https:\/\/radiozapatista.org\/index.php?rest_route=\/wp\/v2\/posts\/52882\/revisions"}],"predecessor-version":[{"id":52883,"href":"https:\/\/radiozapatista.org\/index.php?rest_route=\/wp\/v2\/posts\/52882\/revisions\/52883"}],"wp:attachment":[{"href":"https:\/\/radiozapatista.org\/index.php?rest_route=%2Fwp%2Fv2%2Fmedia&parent=52882"}],"wp:term":[{"taxonomy":"category","embeddable":true,"href":"https:\/\/radiozapatista.org\/index.php?rest_route=%2Fwp%2Fv2%2Fcategories&post=52882"},{"taxonomy":"post_tag","embeddable":true,"href":"https:\/\/radiozapatista.org\/index.php?rest_route=%2Fwp%2Fv2%2Ftags&post=52882"}],"curies":[{"name":"wp","href":"https:\/\/api.w.org\/{rel}","templated":true}]}}