{"id":5287,"date":"2012-03-07T21:20:37","date_gmt":"2012-03-08T03:20:37","guid":{"rendered":"https:\/\/radiozapatista.org\/?p=5287"},"modified":"2020-01-25T07:26:59","modified_gmt":"2020-01-25T13:26:59","slug":"invitacion-arte-y-resistencia-desde-abajo-desde-las-periferias-favelas-y-barrios-bravos-de-brasil-y-mexico","status":"publish","type":"post","link":"https:\/\/radiozapatista.org\/?p=5287","title":{"rendered":"Invitaci\u00f3n: Arte y Resistencia desde Abajo\u2026 desde las periferias, favelas y barrios bravos de Brasil y M\u00e9xico"},"content":{"rendered":"<p><\/p>\n<p style=\"text-align: center;\"><img decoding=\"async\" src=\"https:\/\/radiozapatista.org\/Imagenes\/perifa.jpg\" alt=\"\" \/><\/p>\n<p style=\"text-align: center;\">INVITACI\u00d3N al DEBATE:<\/p>\n<p style=\"text-align: center;\"><strong>ARTE Y RESISTENCIA DESDE ABAJO<br \/>\nLiteratura, pintura, teatro y otras artes y oficios<br \/>\nen los barrios bravos de Brasil y M\u00e9xico<\/strong><\/p>\n<p style=\"text-align: center;\">Jueves, 15 de marzo de 2012<br \/>\n17:00 horas<\/p>\n<p style=\"text-align: center;\"><strong>Transmisi\u00f3n en vivo (audio):<\/strong><br \/>\n<a href=\"http:\/\/giss.tv:8000\/komanilel.mp3\">http:\/\/giss.tv:8000\/komanilel.mp3<\/a><\/p>\n<p style=\"text-align: center;\"><strong>Cideci\/Unitierra Chiapas<\/strong><br \/>\nCamino Real a San Juan Chamula s\/n<br \/>\nColonia Nueva Maravilla,San Crist\u00f3bal de Las Casas, Chiapas<\/p>\n<p style=\"text-align: center;\"><strong>Trasmisi\u00f3n en vivo en<\/strong><br \/>\n<a href=\"https:\/\/radiozapatista.org\/\">https:\/\/radiozapatista.org\/<\/a><br \/>\n<a href=\"http:\/\/www.encuentroredtoschiapas.jkopkutik.org\/\" target=\"_blank\">http:\/\/www.encuentroredtoschiapas.jkopkutik.org\/<\/a><br \/>\n<a href=\"http:\/\/www.komanilel.org\/\" target=\"_blank\">http:\/\/www.komanilel.org\/<\/a><\/p>\n<p><strong>Invitaci\u00f3n en audio:<\/strong><\/p>\n<p style=\"text-align: left;\">[podcast]https:\/\/radiozapatista.org\/Audios\/arte+resistencia.mp3[\/podcast]<\/p>\n<p><!--more--><br \/>\n<strong>PARTICIPAN:<\/strong><\/p>\n<ul>\n<li><strong>Allan da Rosa<\/strong> \u2013 Edi\u00e7\u00f5es Tor\u00f3 (S\u00e3o Paulo, Brasil)<\/li>\n<li><strong>Everardo Pillado<\/strong> \u2013 El s\u00f3tano de los olvidados (Tepito, M\u00e9xico)<\/li>\n<li><strong>Luis Ar\u00e9valo<\/strong> \u2013 Centro Cultural Tepito (Tepito, M\u00e9xico)<\/li>\n<li><strong>Martha Cilia Olmos<\/strong> &#8211; Centro de Derechos Humanos Yaxkin (DF, M\u00e9xico)<\/li>\n<li><strong>Alejandro Reyes <\/strong>\u2013 Radio Zapatista (Chiapas, M\u00e9xico)<\/li>\n<\/ul>\n<p>Moderadora: <strong>X\u00f3chitl Leyva Solano <\/strong>(RETOS y RACCACH)<\/p>\n<p>.<\/p>\n<p style=\"text-align: left;\"><strong>Allan da Rosa <\/strong>\u2013 Originario de la periferia sur de S\u00e3o Paulo, Allan es poeta, dramaturgo, educador, capoeirista y activista, miembro del movimiento de literatura perif\u00e9rica\/marginal en Brasil, uno de los fundadores de la Cooperifa, primer sal\u00f3n literario de la favela\/periferia, y organizador de la editorial independiente Edi\u00e7\u00f5es Tor\u00f3, que publica textos de escritores de abajo. Dicta cursos sobre cultura negra y es columnista del programa Entrelinhas de la TV Cultura.<\/p>\n<p><strong>Everardo Pillado<\/strong> \u2013 Activista cultural, dramaturgo, director y actor de teatro, con unas 15 obras montadas, Everardo es miembro fundador y lector dram\u00e1tico del grupo multidisciplinario El S\u00f3tano de los Olvidados, en el barrio bravo de Tepito. Como educador popular, ha participado, entre otros, en programas de fomento a la lectura con polic\u00edas y bomberos durante 7 a\u00f1os.<\/p>\n<p><strong>Luis Ar\u00e9valo<\/strong> \u2013 Maestro zapatero, escritor, fot\u00f3grafo, activista por la mejor\u00eda del barrio de Tepito desde los a\u00f1os 60s, hoy miembro e impulsor del Centro Cultural Tepito, Martes de Arte de Tepito, T\u00edteres en los Palomares, Alameda Tepito y Taller Libre de Tepito del Arte del Calzado. Desde hace a\u00f1os colabora con talleres de calzado en las comunidades zapatistas.<\/p>\n<p><strong>Martha Cilia Olmos<\/strong> &#8211; Educadora de calle, activista, trabajadora social, colaboradora de organizaciones comunitarias de mujeres y ni\u00f1os indigenas, fundadora del Centro de Derechos Humanos Yaxkin, asesora de organizaci\u00f3n de m\u00e9dicas tradicionales de la sierra norte de Puebla, Fot&#8217;zi \u00f1ah\u00f1\u00f6, Red de mujeres ind\u00edgenas de M\u00e9xico, formadora de promotores ind\u00edgenas comunitarios, facilitadora de teatro ind\u00edgena infantil, asi como arte y cultura otomi.<\/p>\n<p><strong>Alejandro Reyes<\/strong> \u2013 Escritor, activista y miembro de Radio Zapatista.<\/p>\n<p><strong>Xochitl Leyva<\/strong> \u2013 Investigadora activista miembro de la Red de Artistas, Comunicadores Comunitarios y Antrop\u00f3log@s de Chiapas (RACCACH) y de la Red Trasnacional Otros Saberes (RETOS).<\/p>\n<p style=\"text-align: center;\"><a href=\"https:\/\/radiozapatista.org\/wp-content\/uploads\/2012\/02\/Invitacion-debate-15-03-2012.jpg\"><img loading=\"lazy\" decoding=\"async\" class=\"size-medium wp-image-5288  aligncenter\" title=\"Invitacion-debate 15-03-2012\" src=\"https:\/\/radiozapatista.org\/wp-content\/uploads\/2012\/02\/Invitacion-debate-15-03-2012-234x300.jpg\" alt=\"\" width=\"234\" height=\"300\" srcset=\"https:\/\/radiozapatista.org\/wp-content\/uploads\/2012\/02\/Invitacion-debate-15-03-2012-234x300.jpg 234w, https:\/\/radiozapatista.org\/wp-content\/uploads\/2012\/02\/Invitacion-debate-15-03-2012-768x984.jpg 768w, https:\/\/radiozapatista.org\/wp-content\/uploads\/2012\/02\/Invitacion-debate-15-03-2012-800x1024.jpg 800w, https:\/\/radiozapatista.org\/wp-content\/uploads\/2012\/02\/Invitacion-debate-15-03-2012-799x1024.jpg 799w, https:\/\/radiozapatista.org\/wp-content\/uploads\/2012\/02\/Invitacion-debate-15-03-2012.jpg 816w\" sizes=\"auto, (max-width: 234px) 100vw, 234px\" \/><\/a><\/p>\n<p><\/p>","protected":false},"excerpt":{"rendered":"<p>INVITACI\u00d3N al DEBATE: ARTE Y RESISTENCIA DESDE ABAJO Literatura, pintura, teatro y otras artes y oficios en los barrios bravos de Brasil y M\u00e9xico Jueves, 15 de marzo de 2012 17:00 horas Transmisi\u00f3n en vivo (audio): http:\/\/giss.tv:8000\/komanilel.mp3 Cideci\/Unitierra Chiapas Camino Real a San Juan Chamula s\/n Colonia Nueva Maravilla,San Crist\u00f3bal de Las Casas, Chiapas Trasmisi\u00f3n [&hellip;]<\/p>\n","protected":false},"author":1,"featured_media":0,"comment_status":"open","ping_status":"open","sticky":false,"template":"","format":"standard","meta":{"footnotes":""},"categories":[1,957,6,1284,954,190],"tags":[1139,42,923,111,474,155,148],"class_list":["post-5287","post","type-post","status-publish","format-standard","hentry","category-audio","category-autonomia","category-chiapas","category-latinoamerica","category-mexico","category-radiozapatista","tag-artes","tag-brasil","tag-cideci","tag-ciencias-y-artes","tag-literatura","tag-literatura-marginal","tag-resistencia"],"_links":{"self":[{"href":"https:\/\/radiozapatista.org\/index.php?rest_route=\/wp\/v2\/posts\/5287","targetHints":{"allow":["GET"]}}],"collection":[{"href":"https:\/\/radiozapatista.org\/index.php?rest_route=\/wp\/v2\/posts"}],"about":[{"href":"https:\/\/radiozapatista.org\/index.php?rest_route=\/wp\/v2\/types\/post"}],"author":[{"embeddable":true,"href":"https:\/\/radiozapatista.org\/index.php?rest_route=\/wp\/v2\/users\/1"}],"replies":[{"embeddable":true,"href":"https:\/\/radiozapatista.org\/index.php?rest_route=%2Fwp%2Fv2%2Fcomments&post=5287"}],"version-history":[{"count":1,"href":"https:\/\/radiozapatista.org\/index.php?rest_route=\/wp\/v2\/posts\/5287\/revisions"}],"predecessor-version":[{"id":33813,"href":"https:\/\/radiozapatista.org\/index.php?rest_route=\/wp\/v2\/posts\/5287\/revisions\/33813"}],"wp:attachment":[{"href":"https:\/\/radiozapatista.org\/index.php?rest_route=%2Fwp%2Fv2%2Fmedia&parent=5287"}],"wp:term":[{"taxonomy":"category","embeddable":true,"href":"https:\/\/radiozapatista.org\/index.php?rest_route=%2Fwp%2Fv2%2Fcategories&post=5287"},{"taxonomy":"post_tag","embeddable":true,"href":"https:\/\/radiozapatista.org\/index.php?rest_route=%2Fwp%2Fv2%2Ftags&post=5287"}],"curies":[{"name":"wp","href":"https:\/\/api.w.org\/{rel}","templated":true}]}}