{"id":52859,"date":"2025-11-20T09:39:10","date_gmt":"2025-11-20T15:39:10","guid":{"rendered":"https:\/\/radiozapatista.org\/?p=52859"},"modified":"2025-11-20T09:39:11","modified_gmt":"2025-11-20T15:39:11","slug":"cop30-belem-declaracion-de-la-cumbre-de-los-pueblos","status":"publish","type":"post","link":"https:\/\/radiozapatista.org\/?p=52859","title":{"rendered":"COP30 Bel\u00e9m: Declaraci\u00f3n de la Cumbre de los Pueblos"},"content":{"rendered":"<p><\/p>\n\n\n<p>Nosotrxs, desde la Cumbre de los Pueblos, reunidxs en Bel\u00e9m do Par\u00e1, en la Amazon\u00eda brasile\u00f1a, del 12 al 16 de noviembre de 2025, declaramos a los pueblos del mundo lo que hemos acumulado en luchas, debates, estudios, intercambios de experiencias, actividades culturales y testimonios, a lo largo de varios meses de preparaci\u00f3n y en estos d\u00edas aqu\u00ed reunidxs.<\/p>\n\n\n\n<p>Nuestro proceso reuni\u00f3 a m\u00e1s de 70.000 personas que conforman movimientos locales, nacionales e internacionales de pueblos originarios y tradicionales, campesinxs, ind\u00edgenas, comunidades quilombolas, pescadorxs, extractivistas, recolectorx de mariscos, trabajadorxs urbanos, sindicalistas, personas sin hogar, crujidores de nuez de baba\u00e7u, comunidades terreiro, mujeres, la comunidad LGBTQIAPN+, j\u00f3venes, afrodescendientes, personas mayores, habitantes de la selva, del campo, de las periferias, de los mares, r\u00edos, lagos y manglares. Nos hemos comprometido a construir un mundo justo y democr\u00e1tico, con bienestar para todxs. Somos unidad en la diversidad.<\/p>\n\n\n\n<p>El auge de la extrema derecha, el fascismo y las guerras en todo el mundo exacerban la crisis clim\u00e1tica y la explotaci\u00f3n de la naturaleza y los pueblos. Los pa\u00edses del Norte global, las corporaciones transnacionales y las clases dominantes son los principales responsables de estas crisis. Reconocemos la resistencia y nos solidarizamos con todos los pueblos que son cruelmente atacados y amenazados por las fuerzas del imperio estadounidense, Israel y sus aliados europeos. Durante m\u00e1s de 80 a\u00f1os, el pueblo palestino ha sido v\u00edctima de genocidio perpetrado por el Estado sionista de Israel, que ha bombardeado la Franja de Gaza, desplazado por la fuerza a millones de personas y asesinado a decenas de miles de inocentes, en su mayor\u00eda ni\u00f1xs, mujeres y ancianxs. Condenamos en\u00e9rgicamente el genocidio perpetrado contra Palestina. Ofrecemos nuestro apoyo y solidaridad a quienes resisten con valent\u00eda y al movimiento de Boicot, Desinversi\u00f3n y Sanciones (BDS).<\/p>\n\n\n\n<p>Al mismo tiempo, en el Mar Caribe, Estados Unidos intensifica su presencia imperial. Lo hace mediante la expansi\u00f3n de operaciones conjuntas, acuerdos y bases militares, en connivencia con la extrema derecha, bajo el pretexto de combatir el narcotr\u00e1fico y el terrorismo, como en el caso de la recientemente anunciada operaci\u00f3n \u00abLanza del Sur\u00bb. El imperialismo contin\u00faa amenazando la soberan\u00eda de los pueblos, criminalizando los movimientos sociales y legitimando intervenciones que hist\u00f3ricamente han servido a intereses privados en la regi\u00f3n. Nos solidarizamos con la resistencia de Venezuela, Cuba, Hait\u00ed, Ecuador, Panam\u00e1, Colombia, El Salvador, la Rep\u00fablica Democr\u00e1tica del Congo, Mozambique, Nigeria, Sud\u00e1n y con los proyectos de emancipaci\u00f3n de los pueblos del Sahel, Nepal y el mundo entero.<\/p>\n\n\n\n<p>No hay vida sin naturaleza. No hay vida sin \u00e9tica ni trabajo de cuidados. Por eso, el feminismo es un pilar fundamental de nuestro proyecto pol\u00edtico. Situamos el trabajo de reproducir la vida en el centro; esto es lo que nos diferencia radicalmente de quienes pretenden preservar la l\u00f3gica y la din\u00e1mica de un sistema econ\u00f3mico que prioriza el lucro y la acumulaci\u00f3n privada de riqueza.<\/p>\n\n\n\n<!--more-->\n\n\n\n<p>Nuestra visi\u00f3n del mundo se gu\u00eda por el internacionalismo popular, con intercambios de conocimientos y sabidur\u00eda que forjan lazos de solidaridad, lucha y cooperaci\u00f3n entre nuestros pueblos. Las soluciones reales se fortalecen con este intercambio de experiencias, desarrolladas en nuestros territorios y por muchas personas. Nos comprometemos a impulsar, convocar y fortalecer estas construcciones. Por ello, acogemos con benepl\u00e1cito el anuncio de la creaci\u00f3n del Movimiento Internacional de Personas Afectadas por Represas, Delitos Socioambientales y la Crisis Clim\u00e1tica.<\/p>\n\n\n\n<p>Iniciamos nuestra Cumbre de los Pueblos navegando por los r\u00edos amaz\u00f3nicos, cuyas aguas nutren el cuerpo entero. Como la sangre, sustentan la vida y alimentan un mar de encuentros y esperanzas. Reconocimos tambi\u00e9n la presencia de lxs seres encantadxs y otras entidades fundamentales en la cosmovisi\u00f3n de los pueblos originarios y tradicionales, cuya fuerza espiritual gu\u00eda caminos, protege territorios e inspira luchas por la vida, por la memoria y por un mundo de bienestar.<\/p>\n\n\n<div class=\"slider js_slider\">\n\t                <div class=\"frame js_frame\">\n\t                    <ul class=\"slides js_slides\"><li class=\"js_slide\"><img loading=\"lazy\" decoding=\"async\" width=\"1574\" height=\"1049\" src=\"https:\/\/radiozapatista.org\/wp-content\/uploads\/2025\/11\/Teia.jpg\" class=\"attachment- size-\" alt=\"\" srcset=\"https:\/\/radiozapatista.org\/wp-content\/uploads\/2025\/11\/Teia.jpg 1574w, https:\/\/radiozapatista.org\/wp-content\/uploads\/2025\/11\/Teia-350x233.jpg 350w, https:\/\/radiozapatista.org\/wp-content\/uploads\/2025\/11\/Teia-1024x682.jpg 1024w, https:\/\/radiozapatista.org\/wp-content\/uploads\/2025\/11\/Teia-768x512.jpg 768w, https:\/\/radiozapatista.org\/wp-content\/uploads\/2025\/11\/Teia-1536x1024.jpg 1536w, https:\/\/radiozapatista.org\/wp-content\/uploads\/2025\/11\/Teia-700x466.jpg 700w\" sizes=\"auto, (max-width: 1574px) 100vw, 1574px\" \/><\/li><li class=\"js_slide\"><img loading=\"lazy\" decoding=\"async\" width=\"1024\" height=\"682\" src=\"https:\/\/radiozapatista.org\/wp-content\/uploads\/2025\/11\/Peoples-Summit-Belem-1024x682-1.jpeg\" class=\"attachment- size-\" alt=\"\" srcset=\"https:\/\/radiozapatista.org\/wp-content\/uploads\/2025\/11\/Peoples-Summit-Belem-1024x682-1.jpeg 1024w, https:\/\/radiozapatista.org\/wp-content\/uploads\/2025\/11\/Peoples-Summit-Belem-1024x682-1-350x233.jpeg 350w, https:\/\/radiozapatista.org\/wp-content\/uploads\/2025\/11\/Peoples-Summit-Belem-1024x682-1-768x512.jpeg 768w, https:\/\/radiozapatista.org\/wp-content\/uploads\/2025\/11\/Peoples-Summit-Belem-1024x682-1-700x466.jpeg 700w\" sizes=\"auto, (max-width: 1024px) 100vw, 1024px\" \/><\/li><li class=\"js_slide\"><img loading=\"lazy\" decoding=\"async\" width=\"1024\" height=\"683\" src=\"https:\/\/radiozapatista.org\/wp-content\/uploads\/2025\/11\/IMG_6103-1200x800-1-1024x683-1.jpg\" class=\"attachment- size-\" alt=\"\" srcset=\"https:\/\/radiozapatista.org\/wp-content\/uploads\/2025\/11\/IMG_6103-1200x800-1-1024x683-1.jpg 1024w, https:\/\/radiozapatista.org\/wp-content\/uploads\/2025\/11\/IMG_6103-1200x800-1-1024x683-1-350x233.jpg 350w, https:\/\/radiozapatista.org\/wp-content\/uploads\/2025\/11\/IMG_6103-1200x800-1-1024x683-1-768x512.jpg 768w, https:\/\/radiozapatista.org\/wp-content\/uploads\/2025\/11\/IMG_6103-1200x800-1-1024x683-1-700x466.jpg 700w\" sizes=\"auto, (max-width: 1024px) 100vw, 1024px\" \/><\/li><li class=\"js_slide\"><img loading=\"lazy\" decoding=\"async\" width=\"1024\" height=\"683\" src=\"https:\/\/radiozapatista.org\/wp-content\/uploads\/2025\/11\/photo_2025-11-16_17-04-29-1200x800-1-1024x683-1.jpg\" class=\"attachment- size-\" alt=\"\" srcset=\"https:\/\/radiozapatista.org\/wp-content\/uploads\/2025\/11\/photo_2025-11-16_17-04-29-1200x800-1-1024x683-1.jpg 1024w, https:\/\/radiozapatista.org\/wp-content\/uploads\/2025\/11\/photo_2025-11-16_17-04-29-1200x800-1-1024x683-1-350x233.jpg 350w, https:\/\/radiozapatista.org\/wp-content\/uploads\/2025\/11\/photo_2025-11-16_17-04-29-1200x800-1-1024x683-1-768x512.jpg 768w, https:\/\/radiozapatista.org\/wp-content\/uploads\/2025\/11\/photo_2025-11-16_17-04-29-1200x800-1-1024x683-1-700x466.jpg 700w\" sizes=\"auto, (max-width: 1024px) 100vw, 1024px\" \/><\/li><li class=\"js_slide\"><img loading=\"lazy\" decoding=\"async\" width=\"1024\" height=\"768\" src=\"https:\/\/radiozapatista.org\/wp-content\/uploads\/2025\/11\/COP30-LVC-2025-8-1536x1152-1-1024x768-1.jpeg\" class=\"attachment- size-\" alt=\"\" srcset=\"https:\/\/radiozapatista.org\/wp-content\/uploads\/2025\/11\/COP30-LVC-2025-8-1536x1152-1-1024x768-1.jpeg 1024w, https:\/\/radiozapatista.org\/wp-content\/uploads\/2025\/11\/COP30-LVC-2025-8-1536x1152-1-1024x768-1-350x263.jpeg 350w, https:\/\/radiozapatista.org\/wp-content\/uploads\/2025\/11\/COP30-LVC-2025-8-1536x1152-1-1024x768-1-768x576.jpeg 768w\" sizes=\"auto, (max-width: 1024px) 100vw, 1024px\" \/><\/li><li class=\"js_slide\"><img loading=\"lazy\" decoding=\"async\" width=\"1024\" height=\"683\" src=\"https:\/\/radiozapatista.org\/wp-content\/uploads\/2025\/11\/4096-2731-max-1200x800-1-1024x683-1.jpg\" class=\"attachment- size-\" alt=\"\" srcset=\"https:\/\/radiozapatista.org\/wp-content\/uploads\/2025\/11\/4096-2731-max-1200x800-1-1024x683-1.jpg 1024w, https:\/\/radiozapatista.org\/wp-content\/uploads\/2025\/11\/4096-2731-max-1200x800-1-1024x683-1-350x233.jpg 350w, https:\/\/radiozapatista.org\/wp-content\/uploads\/2025\/11\/4096-2731-max-1200x800-1-1024x683-1-768x512.jpg 768w, https:\/\/radiozapatista.org\/wp-content\/uploads\/2025\/11\/4096-2731-max-1200x800-1-1024x683-1-700x466.jpg 700w\" sizes=\"auto, (max-width: 1024px) 100vw, 1024px\" \/><\/li><li class=\"js_slide\"><img loading=\"lazy\" decoding=\"async\" width=\"800\" height=\"402\" src=\"https:\/\/radiozapatista.org\/wp-content\/uploads\/2025\/11\/cop30.jpg\" class=\"attachment- size-\" alt=\"\" srcset=\"https:\/\/radiozapatista.org\/wp-content\/uploads\/2025\/11\/cop30.jpg 800w, https:\/\/radiozapatista.org\/wp-content\/uploads\/2025\/11\/cop30-350x176.jpg 350w, https:\/\/radiozapatista.org\/wp-content\/uploads\/2025\/11\/cop30-768x386.jpg 768w\" sizes=\"auto, (max-width: 800px) 100vw, 800px\" \/><\/li>\t<\/ul>\n\t                <\/div>\n\t\t\t\t\t<span class=\"js_prev rz_slider_nav\"><svg xmlns='http:\/\/www.w3.org\/2000\/svg' viewBox='0 0 40 70'>\n\t<line x1='37' y1='3' x2='3' y2='36' style='stroke:white;stroke-width:5px' \/>\n\t<line x1='3' y1='34' x2='37' y2='67' style='stroke:white;stroke-width:5px' \/>\n<\/svg><\/span>\n\t\t\t\t\t<span class=\"js_next rz_slider_nav\"><svg xmlns='http:\/\/www.w3.org\/2000\/svg' viewBox='0 0 40 70'>\n\t<line x1='3' y1='3' x2='35' y2='36' style='stroke:white;stroke-width:5px' \/>\n\t<line x1='35' y1='34' x2='3' y2='67' style='stroke:white;stroke-width:5px' \/>\n<\/svg><\/span><\/div><script>\n\t'use strict';\n\n\tif(!window.slideshowCodeAlreadyRun) {\n\t\twindow.slideshowCodeAlreadyRun = true;\n\t\tdocument.addEventListener('DOMContentLoaded', function(){\n\t\t\tvar slidersMarkup = document.querySelectorAll('.js_slider'),\n\t\t\t\tsliders = [];\n\n\t        Array.prototype.slice.call(slidersMarkup).forEach(function (element, index) {\n\t            sliders.push( lory(element, {\n\t\t\t\t    \tinfinite: 1\n\t\t            })\n\t\t\t\t);\n\t\t\t\t\/\/ console.log(sliders);\n\t        });\n\n\t\t\t\/\/ reset sliders. firefox bug?\n\t\t\t\/\/ setTimeout(function () {\n\t\t\t\/\/ \tsliders.forEach(function(slider){\n\t\t\t\/\/ \t\tconsole.log(slider);\n\t\t\t\/\/ \t\tslider.reset(); \n\t\t\t\/\/ \t\t\/\/ slider.slideTo(1);\n\t\t\t\/\/ \t});\n\t\t\t\/\/ }, 100);\n\t\n\t\t}); \n\t}\n\t<\/script>\n\n\n<h2 class=\"wp-block-heading\"><strong>Tras m\u00e1s de dos a\u00f1os de trabajo colectivo y la celebraci\u00f3n de la Cumbre Popular, afirmamos:<\/strong><\/h2>\n\n\n\n<ol class=\"wp-block-list\">\n<li><strong>El modo de producci\u00f3n capitalista es la principal causa de la creciente crisis clim\u00e1tica.&nbsp;<\/strong>Los principales problemas ambientales de nuestro tiempo son consecuencia de las relaciones de producci\u00f3n, circulaci\u00f3n y eliminaci\u00f3n de bienes, bajo la l\u00f3gica y el dominio del capital financiero y las grandes corporaciones capitalistas.<\/li>\n\n\n\n<li><strong>Las comunidades marginadas son las m\u00e1s afectadas por los fen\u00f3menos meteorol\u00f3gicos extremos y el racismo ambiental.&nbsp;<\/strong>Por un lado, se enfrentan a la falta de infraestructura y de pol\u00edticas de adaptaci\u00f3n. Por otro lado, se enfrentan a la falta de justicia y de reparaciones, especialmente para las mujeres, lxs j\u00f3venes, las personas empobrecidas y las personas no blancas.<\/li>\n\n\n\n<li><strong>Las corporaciones transnacionales, en connivencia con los gobiernos del Norte global, se encuentran en el centro del poder del sistema capitalista, racista y patriarcal,&nbsp;<\/strong>siendo los principales causantes y beneficiarios de las m\u00faltiples crisis que enfrentamos. Las industrias minera, energ\u00e9tica, armament\u00edstica, agroindustrial y de las grandes tecnol\u00f3gicas son las principales responsables de la cat\u00e1strofe clim\u00e1tica que estamos viviendo.<\/li>\n\n\n\n<li><strong>Nos oponemos a cualquier falsa soluci\u00f3n&nbsp;<\/strong>a la crisis clim\u00e1tica que perpet\u00fae pr\u00e1cticas da\u00f1inas, cree riesgos impredecibles y desv\u00ede la atenci\u00f3n de soluciones transformadoras basadas en la justicia clim\u00e1tica y el bienestar de los pueblos en todos los biomas y ecosistemas. Advertimos que el TFFF, al ser un programa financiero, no constituye una respuesta adecuada. Todos los proyectos financieros deben estar sujetos a criterios de transparencia, acceso democr\u00e1tico, participaci\u00f3n y beneficio real para las poblaciones afectadas.<\/li>\n\n\n\n<li><strong>El fracaso del modelo actual de multilateralismo es evidente.&nbsp;<\/strong>Los delitos ambientales y los fen\u00f3menos meteorol\u00f3gicos extremos que causan muerte y destrucci\u00f3n son cada vez m\u00e1s frecuentes. Esto demuestra el fracaso de numerosas conferencias y reuniones mundiales que prometieron resolver estos problemas, pero que nunca abordaron sus causas estructurales.<\/li>\n\n\n\n<li><strong>La transici\u00f3n energ\u00e9tica se est\u00e1 implementando bajo la l\u00f3gica capitalista&nbsp;<\/strong>. A pesar de la expansi\u00f3n de las fuentes renovables, no se ha producido una reducci\u00f3n en las emisiones de gases de efecto invernadero. La expansi\u00f3n de las fuentes de producci\u00f3n de energ\u00eda tambi\u00e9n ha terminado convirti\u00e9ndose en un nuevo espacio para la acumulaci\u00f3n de capital.<\/li>\n\n\n\n<li><strong>Finalmente, afirmamos que la privatizaci\u00f3n, la mercantilizaci\u00f3n y la financiarizaci\u00f3n de los bienes comunes y los servicios p\u00fablicos contradicen directamente los intereses de la ciudadan\u00eda.&nbsp;<\/strong>En este contexto, las leyes, las instituciones estatales y la gran mayor\u00eda de los gobiernos han sido cooptados, moldeados y subordinados a la b\u00fasqueda del m\u00e1ximo beneficio por parte del capital financiero y las corporaciones transnacionales. Las pol\u00edticas p\u00fablicas son necesarias para impulsar la recuperaci\u00f3n de los Estados y hacer frente a&nbsp;las privatizaciones&nbsp;.<\/li>\n<\/ol>\n\n\n\n<h2 class=\"wp-block-heading\"><strong>Ante estos desaf\u00edos, proponemos:<\/strong><\/h2>\n\n\n\n<ol class=\"wp-block-list\">\n<li><strong>Confrontar las falsas soluciones de mercado.&nbsp;<\/strong>El aire, los bosques, el agua, la tierra, los minerales y las fuentes de energ\u00eda no pueden seguir siendo propiedad privada ni ser apropiados, porque son bienes comunes del pueblo.<\/li>\n\n\n\n<li><strong>Exigimos que los pueblos participen y asuman un papel protag\u00f3nico en la construcci\u00f3n de soluciones clim\u00e1ticas, reconociendo el conocimiento ancestral.&nbsp;<\/strong>La multidiversidad de culturas y cosmovisiones alberga sabidur\u00eda y conocimiento ancestrales que los Estados deber\u00edan reconocer como referentes para la b\u00fasqueda de soluciones a las m\u00faltiples crisis que azotan a la humanidad y a la naturaleza.<\/li>\n\n\n\n<li><strong>Exigimos la delimitaci\u00f3n y protecci\u00f3n de las tierras y territorios ind\u00edgenas, as\u00ed como los de otros pueblos y comunidades locales&nbsp;<\/strong>, ya que son quienes garantizan la vida del bosque. Exigimos al gobierno la deforestaci\u00f3n cero, el fin de los incendios provocados y pol\u00edticas estatales para la restauraci\u00f3n ecol\u00f3gica y la recuperaci\u00f3n de las zonas degradadas afectadas por la crisis clim\u00e1tica.<\/li>\n\n\n\n<li><strong>Exigimos la implementaci\u00f3n de una reforma agraria popular y la promoci\u00f3n de la agroecolog\u00eda para garantizar la soberan\u00eda alimentaria y combatir la concentraci\u00f3n de la tierra&nbsp;<\/strong>. La gente produce alimentos saludables para erradicar el hambre en el mundo, mediante la cooperaci\u00f3n y el acceso a&nbsp;t\u00e9cnicas y tecnolog\u00edas controladas por la propia poblaci\u00f3n. Este es un ejemplo de una verdadera soluci\u00f3n para combatir la crisis clim\u00e1tica.<\/li>\n\n\n\n<li><strong>Exigimos la lucha contra el racismo ambiental y la construcci\u00f3n de ciudades justas y periferias din\u00e1micas&nbsp;<\/strong>mediante la implementaci\u00f3n de pol\u00edticas y soluciones ambientales. Los programas de vivienda, saneamiento, acceso y uso del agua, tratamiento de residuos s\u00f3lidos, reforestaci\u00f3n y regularizaci\u00f3n de tierras deben integrarse con la naturaleza. Reivindicamos la inversi\u00f3n en pol\u00edticas de transporte p\u00fablico, colectivo y de calidad, con gratuidad. Estas son alternativas reales para abordar la crisis clim\u00e1tica en territorios perif\u00e9ricos de todo el mundo, que deben implementarse con la financiaci\u00f3n adecuada para la adaptaci\u00f3n al cambio clim\u00e1tico.<\/li>\n\n\n\n<li><strong>Abogamos por la consulta directa, la participaci\u00f3n ciudadana y la gesti\u00f3n popular de las pol\u00edticas clim\u00e1ticas en las ciudades&nbsp;<\/strong>, para hacer frente a las corporaciones inmobiliarias que han impulsado la mercantilizaci\u00f3n de la vida urbana. La ciudad en transici\u00f3n clim\u00e1tica y energ\u00e9tica debe ser una ciudad sin segregaci\u00f3n que abrace la diversidad. Finalmente, la financiaci\u00f3n clim\u00e1tica debe estar condicionada a protocolos que garanticen la seguridad habitacional y, en \u00faltima instancia, una compensaci\u00f3n justa para las personas y las comunidades, con acceso a tierras y viviendas garantizadas, tanto en zonas rurales como urbanas.<\/li>\n\n\n\n<li><strong>Exigimos el fin de las guerras y la desmilitarizaci\u00f3n&nbsp;<\/strong>. Todos los recursos financieros actualmente destinados a las guerras y a la industria armament\u00edstica deben redirigirse a la transformaci\u00f3n del mundo. El gasto militar debe dirigirse a la reparaci\u00f3n y recuperaci\u00f3n de las regiones afectadas por desastres clim\u00e1ticos. Deben adoptarse todas las medidas necesarias para detener y presionar a Israel, exigi\u00e9ndole que rinda cuentas por el genocidio cometido contra el pueblo palestino.<\/li>\n\n\n\n<li><strong>Exigimos reparaciones justas e \u00edntegras por las p\u00e9rdidas y los da\u00f1os infligidos a los pueblos&nbsp;<\/strong>por proyectos de inversi\u00f3n destructivos, represas, miner\u00eda, extracci\u00f3n de combustibles f\u00f3siles y desastres clim\u00e1ticos. Exigimos tambi\u00e9n que los responsables de los cr\u00edmenes econ\u00f3micos y socioambientales que afectan a millones de comunidades y familias en todo el mundo sean procesados \u200b\u200by castigados.<\/li>\n\n\n\n<li><strong>El trabajo que implica la reproducci\u00f3n de la vida debe ser visible, valorado y comprendido como lo que es: trabajo.&nbsp;<\/strong>Adem\u00e1s, debe compartirse con la sociedad y el Estado. Este trabajo es esencial para la continuidad de la vida humana y no humana en el planeta. Esto tambi\u00e9n garantiza la autonom\u00eda de las mujeres; si bien no se las puede responsabilizar individualmente del cuidado, sus contribuciones deben ser consideradas: nuestro trabajo sostiene la econom\u00eda. Aspiramos a un mundo con justicia feminista, autonom\u00eda y participaci\u00f3n de las mujeres.<\/li>\n\n\n\n<li><strong>Exigimos una transici\u00f3n justa, soberana y popular&nbsp;<\/strong>que garantice los derechos de todos los trabajadores, as\u00ed como el derecho a condiciones de trabajo dignas, la libertad sindical, la negociaci\u00f3n colectiva y la protecci\u00f3n social. Consideramos la energ\u00eda un bien com\u00fan y abogamos por la superaci\u00f3n de la pobreza y la dependencia energ\u00e9tica. Ni el modelo energ\u00e9tico ni la transici\u00f3n en s\u00ed pueden vulnerar la soberan\u00eda de ning\u00fan pa\u00eds del mundo.<\/li>\n\n\n\n<li><strong>Exigimos el fin de la exploraci\u00f3n de combustibles f\u00f3siles&nbsp;<\/strong>y exhortamos a los gobiernos a desarrollar mecanismos que garanticen la no proliferaci\u00f3n de estos combustibles, con el objetivo de lograr una transici\u00f3n energ\u00e9tica justa, popular e inclusiva, que respete la soberan\u00eda, la protecci\u00f3n y la reparaci\u00f3n de los territorios, en particular de la Amazon\u00eda y otras regiones sensibles esenciales para la vida en el planeta.<\/li>\n\n\n\n<li><strong>Luchamos por la financiaci\u00f3n p\u00fablica y la tributaci\u00f3n de las corporaciones y los m\u00e1s ricos.&nbsp;<\/strong>Los costos de la degradaci\u00f3n ambiental y las p\u00e9rdidas impuestas a la poblaci\u00f3n deben ser asumidos por los sectores que m\u00e1s se benefician de este modelo. Esto incluye fondos financieros, bancos y corporaciones de la agroindustria, empresas relacionadas con el agua, acuicultura y pesca industrial, energ\u00eda y miner\u00eda. Estos actores tambi\u00e9n deben asumir los costos de las inversiones necesarias para una transici\u00f3n justa centrada en las necesidades de la poblaci\u00f3n.<\/li>\n\n\n\n<li><strong>Exigimos que la financiaci\u00f3n clim\u00e1tica internacional no se canalice a trav\u00e9s de instituciones que profundizan la desigualdad entre el Norte y el Sur&nbsp;<\/strong>, como el Fondo Monetario Internacional, FMI, y el Banco Mundial. Debe estructurarse de manera justa, transparente y democr\u00e1tica. No son los pueblos y pa\u00edses del Sur Global quienes deben seguir pagando deudas a las potencias dominantes. Son estos pa\u00edses y sus corporaciones quienes deben empezar a saldar la deuda socioambiental acumulada durante siglos de&nbsp;pr\u00e1cticas imperialistas, colonialistas y racistas, la apropiaci\u00f3n de bienes comunes y la violencia infligida a millones de personas que fueron asesinadas y esclavizadas.<\/li>\n\n\n\n<li><strong>Denunciamos la continua criminalizaci\u00f3n de los movimientos, la persecuci\u00f3n, el asesinato y la desaparici\u00f3n de nuestrxs l\u00edderes&nbsp;<\/strong>que luchan en defensa de sus territorios, as\u00ed como de lxs presxs pol\u00edticxs y lxs presxs palestinxs que luchan por la liberaci\u00f3n nacional. Exigimos la ampliaci\u00f3n de la protecci\u00f3n de las personas defensoras de los derechos humanos y del medio ambiente en el marco de la agenda clim\u00e1tica global, conforme al Acuerdo de Escaz\u00fa y dem\u00e1s normativas regionales. Cuando una persona defensora protege el territorio y la naturaleza, protege no solo a un individuo, sino a todo un pueblo y beneficia a toda la comunidad global.<\/li>\n\n\n\n<li><strong>Exigimos el fortalecimiento de los instrumentos internacionales que defienden los derechos de los pueblos&nbsp;<\/strong>, sus derechos consuetudinarios y la integridad de los ecosistemas. Necesitamos un instrumento internacional jur\u00eddicamente vinculante sobre derechos humanos y empresas transnacionales, basado en la realidad concreta de las luchas de las comunidades afectadas por violaciones, que exija derechos para los pueblos y normas para las empresas. Asimismo, afirmamos que la Declaraci\u00f3n de las Naciones Unidas sobre Derechos de los Campesinos y de Otras Personas que Trabajan en las Zonas Rurales (UNDROP) debe ser uno de los pilares de la gobernanza clim\u00e1tica. La plena aplicaci\u00f3n de los derechos campesinos permite que las personas regresen a sus territorios, contribuyendo directamente a su seguridad alimentaria, la conservaci\u00f3n de los suelos y la mitigaci\u00f3n del cambio clim\u00e1tico.<\/li>\n<\/ol>\n\n\n\n<h2 class=\"wp-block-heading\"><strong>Finalmente, creemos que ha llegado el momento de unificar nuestras fuerzas y enfrentar al enemigo com\u00fan.&nbsp;<\/strong><\/h2>\n\n\n\n<p>Si la organizaci\u00f3n es fuerte, la lucha lo ser\u00e1. Por ello, nuestra principal tarea pol\u00edtica es la organizaci\u00f3n de los pueblos de todos los pa\u00edses y continentes. Echen ra\u00edces en nuestro internacionalismo en cada territorio y convirtamos cada territorio en un basti\u00f3n de la lucha internacional. Es hora de avanzar de forma m\u00e1s organizada, independiente y unificada, para aumentar nuestra conciencia, fuerza y \u200b\u200bcombatividad. Este es el camino para resistir y vencer.<\/p>\n\n\n\n<p><strong><em>\u00a1&nbsp;Pueblos del mundo, un\u00edos&nbsp;!<\/em><\/strong><\/p>\n\n\n\n<p id=\"msls\">Esta entrada est\u00e1 disponible tambi\u00e9n en <a href=\"https:\/\/viacampesina.org\/en\/2025\/11\/cop-30-belem-declaration-of-the-peoples-summit\/\">English<\/a> y <a href=\"https:\/\/viacampesina.org\/fr\/declaration-du-sommet-des-peuples-vers-la-cop30\/\">Fran\u00e7ais<\/a>.<\/p>\n\n\n<p><\/p>","protected":false},"excerpt":{"rendered":"<p>Nosotrxs, desde la Cumbre de los Pueblos, reunidxs en Bel\u00e9m do Par\u00e1, en la Amazon\u00eda brasile\u00f1a, del 12 al 16 de noviembre de 2025, declaramos a los pueblos del mundo lo que hemos acumulado en luchas, debates, estudios, intercambios de experiencias, actividades culturales y testimonios, a lo largo de varios meses de preparaci\u00f3n y en [&hellip;]<\/p>\n","protected":false},"author":1,"featured_media":52860,"comment_status":"open","ping_status":"closed","sticky":false,"template":"","format":"standard","meta":{"footnotes":""},"categories":[1284,826,953],"tags":[171],"class_list":["post-52859","post","type-post","status-publish","format-standard","has-post-thumbnail","hentry","category-latinoamerica","category-medios-libres-2","category-mundo","tag-medio-ambiente"],"_links":{"self":[{"href":"https:\/\/radiozapatista.org\/index.php?rest_route=\/wp\/v2\/posts\/52859","targetHints":{"allow":["GET"]}}],"collection":[{"href":"https:\/\/radiozapatista.org\/index.php?rest_route=\/wp\/v2\/posts"}],"about":[{"href":"https:\/\/radiozapatista.org\/index.php?rest_route=\/wp\/v2\/types\/post"}],"author":[{"embeddable":true,"href":"https:\/\/radiozapatista.org\/index.php?rest_route=\/wp\/v2\/users\/1"}],"replies":[{"embeddable":true,"href":"https:\/\/radiozapatista.org\/index.php?rest_route=%2Fwp%2Fv2%2Fcomments&post=52859"}],"version-history":[{"count":8,"href":"https:\/\/radiozapatista.org\/index.php?rest_route=\/wp\/v2\/posts\/52859\/revisions"}],"predecessor-version":[{"id":52874,"href":"https:\/\/radiozapatista.org\/index.php?rest_route=\/wp\/v2\/posts\/52859\/revisions\/52874"}],"wp:featuredmedia":[{"embeddable":true,"href":"https:\/\/radiozapatista.org\/index.php?rest_route=\/wp\/v2\/media\/52860"}],"wp:attachment":[{"href":"https:\/\/radiozapatista.org\/index.php?rest_route=%2Fwp%2Fv2%2Fmedia&parent=52859"}],"wp:term":[{"taxonomy":"category","embeddable":true,"href":"https:\/\/radiozapatista.org\/index.php?rest_route=%2Fwp%2Fv2%2Fcategories&post=52859"},{"taxonomy":"post_tag","embeddable":true,"href":"https:\/\/radiozapatista.org\/index.php?rest_route=%2Fwp%2Fv2%2Ftags&post=52859"}],"curies":[{"name":"wp","href":"https:\/\/api.w.org\/{rel}","templated":true}]}}