{"id":52855,"date":"2025-11-17T19:33:23","date_gmt":"2025-11-18T01:33:23","guid":{"rendered":"https:\/\/radiozapatista.org\/?p=52855"},"modified":"2025-11-17T19:33:24","modified_gmt":"2025-11-18T01:33:24","slug":"pronunciamiento-a-dos-anos-de-la-desaparicion-de-nuestros-familiares-sin-verdad-sin-justicia","status":"publish","type":"post","link":"https:\/\/radiozapatista.org\/?p=52855","title":{"rendered":"Pronunciamiento a dos a\u00f1os de la desaparici\u00f3n de nuestros familiares. Sin Verdad, Sin Justicia"},"content":{"rendered":"\n<p><strong>Pronunciamiento<\/strong><\/p>\n\n\n\n<p><strong>A dos a\u00f1os de la desaparici\u00f3n de nuestros familiares<\/strong><\/p>\n\n\n\n<p><strong>Sin Verdad, Sin Justicia.<\/strong><\/p>\n\n\n\n<p>Se cumplen dos a\u00f1os de la desaparici\u00f3n de nuestros familiares:&nbsp;Dan Josu\u00e9 Rosales Tzun\u00fan, Jorge Luis De Le\u00f3n, Juan Carlos Calel de Le\u00f3n, Luis Alberto Vasquez Sarat, Amilcar Isaac Enriquez Villatoro, Juan Francisco Tupul Garc\u00eda, Julio Cesar V\u00e1squez P\u00e9rez, Leonardo Morales Alvarez, Mayco Josu\u00e9 Morga Enriquez, y Francisco Socorro Morga De Le\u00f3n, quienes se ganaban la vida y aportaban al sustento familiar, a trav\u00e9s de la venta de pollos de crecimiento y que desde el 16 de noviembre 2023 han sido v\u00edctimas de la desaparici\u00f3n forzada en Frontera Comalapa, Chiapas, M\u00e9xico. Sin embargo, hasta la fecha seguimos esperando una respuesta sobre su paradero y sobre los responsables del hecho.<\/p>\n\n\n\n<p>Durante este tiempo, nos hemos mantenido firmes a pesar de las afectaciones emocionales, de subsistencia, el duelo por la ausencia, por la reconfiguraci\u00f3n de nuestros entornos familiares, espirituales y comunitarios desde la desaparici\u00f3n. A pesar de que el proceso ha sido desgastante al no tener ni una sola pista del paradero de nuestros seres queridos, tenemos esperanza y seguiremos luchando, exigiendo justicia hasta encontrarles, por esto demandamos a los Estados de M\u00e9xico y Guatemala:<\/p>\n\n\n\n<p>1. Trabajo coordinado entre instituciones competentes.&nbsp;Exigimos mantener las reuniones con las autoridades de M\u00e9xico para conocer informaci\u00f3n sobre las acciones de b\u00fasqueda e investigaci\u00f3n en el caso. Sin embargo, solicitamos la uni\u00f3n de esfuerzos y coordinaci\u00f3n entre instituciones para la pronta localizaci\u00f3n de nuestros seres queridos, la identificaci\u00f3n y sanci\u00f3n a responsables de los hechos,&nbsp;<\/p>\n\n\n\n<p>2. Plan de b\u00fasqueda y an\u00e1lisis de contexto id\u00f3neos. Reconocemos los avances en la recopilaci\u00f3n de informaci\u00f3n y en la l\u00ednea del tiempo, no obstante, exigimos que los mismos contemplen las hip\u00f3tesis de b\u00fasqueda en vida y b\u00fasqueda en muerte en lugares de asistencia, detenci\u00f3n y zonas en donde opere o recluten los grupos del crimen organizado en Chiapas, M\u00e9xico, pero tambi\u00e9n en otra entidades federativas del pa\u00eds incluyendo la b\u00fasqueda transnacional en Estados Unidos de America y Guatemala, ante la presunci\u00f3n de reclutamiento forzado,&nbsp;<\/p>\n\n\n\n<p>3. Plan de investigaci\u00f3n efectivo. Solicitamos la presentaci\u00f3n detallada del plan de investigaci\u00f3n y de sus resultados concretos en la investigaci\u00f3n de los hechos, identificaci\u00f3n de los responsables y medidas implementadas para su sanci\u00f3n,<\/p>\n\n\n\n<p>4. Confrontas gen\u00e9ticas con restos no identificados. El pasado mes de julio 2025, las familias, como derecho que nos corresponde, nos practicamos una tercera toma de ADN con el Equipo Argentino Antroplog\u00eda Forence (EAAF) en su calidad de peritos independientes y con apoyo de la Red Jesuita con Migrantes (RJM), el Centro de Derechos Humanos Fray Bartolom\u00e9 de Las Casas (Frayba) y CONAMIGUA, diligencia que ha sido puesta en conocimiento a las autoridades de M\u00e9xico. Por lo que exigimos, se incorporen estos perfiles en las carpetas de Investigaci\u00f3n respectivas y se gestionen las acciones necesarias para la confronta con los datos de bancos forenses de Chiapas y en todo territorio mexicano y se nos informen a la brevedad de los resultados,<\/p>\n\n\n\n<p>5.&nbsp;Condici\u00f3n de la Calidad de v\u00edctimas.&nbsp;El pasado mes de septiembre del corriente a\u00f1o, el Estado mexicano reconoci\u00f3 la calidad de v\u00edctimas a nuestros familiares y a sus familiares, quienes seguimos buscando. Requerimos que se implementen las medidas necesarias para asegurar el ejercicio de derechos y deberes que se desprenden de esta condici\u00f3n. &nbsp;Realizando visitas in situ en Guatemala para conocer la situaci\u00f3n socio econ\u00f3mica de las familias, las afectaciones psicosociales y de seguridad de cada integrante del n\u00facleo familiar con especial atenci\u00f3n a ni\u00f1os, ni\u00f1as y adolescentes, personas adultas mayores, como secuela del hecho de la desaparici\u00f3n de nuestros seres queridos.&nbsp;<\/p>\n\n\n\n<p>6. Coordinaci\u00f3n entre Guatemala y M\u00e9xico. Solicitamos que las autoridades de Guatemala, nos asistan en los procesos de tutela de nuestros derechos, en la b\u00fasqueda y localizaci\u00f3n de nuestros seres queridos, a trav\u00e9s de los canales diplom\u00e1ticos y mediante la participaci\u00f3n en las sesiones de trabajo con autoridades de M\u00e9xico, para generar los informes, requerimientos de informaci\u00f3n respectivo ante M\u00e9xico y mesas de trabajo binacional para asegurar el acompa\u00f1amiento y asistencia a las familias.&nbsp;<\/p>\n\n\n\n<p><strong>Seguiremos buscando hasta encontrarles.&nbsp;<\/strong><\/p>\n\n\n\n<p><strong>Cuyotenango, Suchitep\u00e9quez, Guatemala, 16 de noviembre 2025.&nbsp;<\/strong><\/p>\n\n\n\n<p><a href=\"https:\/\/frayba.org.mx\/sites\/default\/files\/2025-11\/251116_pronunciamiento.pdf\">Descarga el pronunciamiento en PDF <\/a>(366.8 KB)<\/p>\n\n\n\n<p><\/p>\n","protected":false},"excerpt":{"rendered":"<p>Pronunciamiento A dos a\u00f1os de la desaparici\u00f3n de nuestros familiares Sin Verdad, Sin Justicia. Se cumplen dos a\u00f1os de la desaparici\u00f3n de nuestros familiares:&nbsp;Dan Josu\u00e9 Rosales Tzun\u00fan, Jorge Luis De Le\u00f3n, Juan Carlos Calel de Le\u00f3n, Luis Alberto Vasquez Sarat, Amilcar Isaac Enriquez Villatoro, Juan Francisco Tupul Garc\u00eda, Julio Cesar V\u00e1squez P\u00e9rez, Leonardo Morales Alvarez, [&hellip;]<\/p>\n","protected":false},"author":21,"featured_media":52856,"comment_status":"open","ping_status":"closed","sticky":false,"template":"","format":"standard","meta":{"footnotes":""},"categories":[957,51,6,55,954,935],"tags":[58,53,567,147,23,87,148,27,483],"class_list":["post-52855","post","type-post","status-publish","format-standard","has-post-thumbnail","hentry","category-autonomia","category-autor","category-chiapas","category-frayba","category-mexico","category-temas","tag-derechos-humanos","tag-justicia","tag-megaproyectos","tag-militarizacion","tag-paramilitares","tag-represion","tag-resistencia","tag-solidaridad","tag-tierra-y-territorio"],"_links":{"self":[{"href":"https:\/\/radiozapatista.org\/index.php?rest_route=\/wp\/v2\/posts\/52855","targetHints":{"allow":["GET"]}}],"collection":[{"href":"https:\/\/radiozapatista.org\/index.php?rest_route=\/wp\/v2\/posts"}],"about":[{"href":"https:\/\/radiozapatista.org\/index.php?rest_route=\/wp\/v2\/types\/post"}],"author":[{"embeddable":true,"href":"https:\/\/radiozapatista.org\/index.php?rest_route=\/wp\/v2\/users\/21"}],"replies":[{"embeddable":true,"href":"https:\/\/radiozapatista.org\/index.php?rest_route=%2Fwp%2Fv2%2Fcomments&post=52855"}],"version-history":[{"count":1,"href":"https:\/\/radiozapatista.org\/index.php?rest_route=\/wp\/v2\/posts\/52855\/revisions"}],"predecessor-version":[{"id":52857,"href":"https:\/\/radiozapatista.org\/index.php?rest_route=\/wp\/v2\/posts\/52855\/revisions\/52857"}],"wp:featuredmedia":[{"embeddable":true,"href":"https:\/\/radiozapatista.org\/index.php?rest_route=\/wp\/v2\/media\/52856"}],"wp:attachment":[{"href":"https:\/\/radiozapatista.org\/index.php?rest_route=%2Fwp%2Fv2%2Fmedia&parent=52855"}],"wp:term":[{"taxonomy":"category","embeddable":true,"href":"https:\/\/radiozapatista.org\/index.php?rest_route=%2Fwp%2Fv2%2Fcategories&post=52855"},{"taxonomy":"post_tag","embeddable":true,"href":"https:\/\/radiozapatista.org\/index.php?rest_route=%2Fwp%2Fv2%2Ftags&post=52855"}],"curies":[{"name":"wp","href":"https:\/\/api.w.org\/{rel}","templated":true}]}}