{"id":52852,"date":"2025-11-15T19:27:00","date_gmt":"2025-11-16T01:27:00","guid":{"rendered":"https:\/\/radiozapatista.org\/?p=52852"},"modified":"2025-11-17T19:28:36","modified_gmt":"2025-11-18T01:28:36","slug":"comunicado-a-20-anos-de-lucha-de-san-francisco-teopisca","status":"publish","type":"post","link":"https:\/\/radiozapatista.org\/?p=52852","title":{"rendered":"Comunicado a 20 a\u00f1os de lucha de San Francisco, Teopisca"},"content":{"rendered":"\n<p>Mujeres y hombres campesinas y campesinos de San Francisco municipio de Teopisca Chiapas M\u00e9xico 13 de noviembre del 2025.<\/p>\n\n\n\n<p>A las y los Defensores de Derechos Humanos.<\/p>\n\n\n\n<p>A los Medios de Comunicaci\u00f3n Alternativos.<\/p>\n\n\n\n<p>A la Sexta Nacional e Internacional.<\/p>\n\n\n\n<p>Al Congreso Nacional Ind\u00edgena (CNI).<\/p>\n\n\n\n<p>A las Organizaciones que buscan la paz con Justicia y Dignidad.<\/p>\n\n\n\n<p>Hoy celebramos 20 a\u00f1os de lucha y resistencia por nuestra identidad, nuestra tierra y territorio conformado por hombres, mujeres, ni\u00f1as y ni\u00f1os. En esta celebraci\u00f3n traemos tambi\u00e9n a la memoria y lucha de nuestros ancestros y ancestras que desde 1850 resistieron a tratos discriminatorios e inhumanos. Ante esas injusticias, en el a\u00f1o 1995 fortalecidos de la fuerza de los que nos antecedieron decidimos recuperar nuestras tierras que por derecho nos corresponde y este logro se formaliz\u00f3 el a\u00f1o 2005. En este caminar de lucha y resistencia en el a\u00f1o 2009 nos adherimos a la otra campa\u00f1a y actualmente somos miembros del Congreso Nacional Ind\u00edgena CNI.<\/p>\n\n\n\n<p>Firmes en nuestro compromiso de lucha por construir nuestra autonom\u00eda y libre determinaci\u00f3n reconocida en los tratados internacionales y en nuestra constituci\u00f3n Pol\u00edtica de M\u00e9xico, hoy estamos aqu\u00ed de nueva cuenta para pronunciarnos y darles a conocer lo siguiente:<\/p>\n\n\n\n<p>Queremos decirle a los tres niveles de gobierno y a la sociedad que seguiremos en pie de lucha para defender nuestras tierras y nuestro territorio en contra del capitalismo, la explotaci\u00f3n y la invasi\u00f3n.<\/p>\n\n\n\n<p>Exigimos a los tres niveles de gobierno respeto a nuestra lucha y autonom\u00eda<\/p>\n\n\n\n<p>\u00a1Alto a la violencia generalizada que causan desplazamiento, desaparici\u00f3n y asesinato de &nbsp;&nbsp;&nbsp;&nbsp;&nbsp;&nbsp;&nbsp;&nbsp;&nbsp; inocentes!<\/p>\n\n\n\n<p>\u00a1Alto a la criminalizaci\u00f3n de Defensores y Defensoras de Derechos Humanos y de quienes &nbsp;&nbsp;&nbsp;&nbsp;&nbsp;&nbsp;&nbsp; defendemos el territorio y la madre tierra!<\/p>\n\n\n\n<p>\u00a1Alto a la guerra contra pueblos Zapatistas!<\/p>\n\n\n\n<p>\u00a1Alto al crimen organizado y justicia para nuestro hermano el Padre Marcelo P\u00e9rez P\u00e9rez!<\/p>\n\n\n\n<p>\u00a1Paz a nuestro Estado de Chiapas, M\u00e9xico y al mundo entero!<\/p>\n\n\n\n<p>Seguiremos luchando para fortalecer nuestra autonom\u00eda por la unidad y exigir paz y justicia.<\/p>\n\n\n\n<p>\u201cSi a la vida no a la muerte\u201d<\/p>\n\n\n\n<p>\u00a1La tierra no se vende, se trabaja y se defiende!<\/p>\n\n\n\n<p><strong>Atentamente<\/strong><\/p>\n\n\n\n<p>Campesinas y campesinos organizados de San Francisco municipio de Teopisca, Chiapas-M\u00e9xico<\/p>\n\n\n\n<p>Integrantes del Congreso Nacional Ind\u00edgena CNI.<\/p>\n\n\n\n<p>Nunca m\u00e1s un M\u00e9xico sin nosotros.<\/p>\n\n\n\n<p><a href=\"https:\/\/frayba.org.mx\/sites\/default\/files\/2025-11\/250311_comunicado_snfrancisco.pdf\">Descarga el comunicado en PDF<\/a>(120.45 KB)<\/p>\n","protected":false},"excerpt":{"rendered":"<p>Mujeres y hombres campesinas y campesinos de San Francisco municipio de Teopisca Chiapas M\u00e9xico 13 de noviembre del 2025. A las y los Defensores de Derechos Humanos. A los Medios de Comunicaci\u00f3n Alternativos. A la Sexta Nacional e Internacional. Al Congreso Nacional Ind\u00edgena (CNI). A las Organizaciones que buscan la paz con Justicia y Dignidad. [&hellip;]<\/p>\n","protected":false},"author":21,"featured_media":52853,"comment_status":"open","ping_status":"closed","sticky":false,"template":"","format":"standard","meta":{"footnotes":""},"categories":[957,51,6,55,954,935],"tags":[58,53,567,147,23,545,87,148,27,483],"class_list":["post-52852","post","type-post","status-publish","format-standard","has-post-thumbnail","hentry","category-autonomia","category-autor","category-chiapas","category-frayba","category-mexico","category-temas","tag-derechos-humanos","tag-justicia","tag-megaproyectos","tag-militarizacion","tag-paramilitares","tag-pueblos-indigenas","tag-represion","tag-resistencia","tag-solidaridad","tag-tierra-y-territorio"],"_links":{"self":[{"href":"https:\/\/radiozapatista.org\/index.php?rest_route=\/wp\/v2\/posts\/52852","targetHints":{"allow":["GET"]}}],"collection":[{"href":"https:\/\/radiozapatista.org\/index.php?rest_route=\/wp\/v2\/posts"}],"about":[{"href":"https:\/\/radiozapatista.org\/index.php?rest_route=\/wp\/v2\/types\/post"}],"author":[{"embeddable":true,"href":"https:\/\/radiozapatista.org\/index.php?rest_route=\/wp\/v2\/users\/21"}],"replies":[{"embeddable":true,"href":"https:\/\/radiozapatista.org\/index.php?rest_route=%2Fwp%2Fv2%2Fcomments&post=52852"}],"version-history":[{"count":1,"href":"https:\/\/radiozapatista.org\/index.php?rest_route=\/wp\/v2\/posts\/52852\/revisions"}],"predecessor-version":[{"id":52854,"href":"https:\/\/radiozapatista.org\/index.php?rest_route=\/wp\/v2\/posts\/52852\/revisions\/52854"}],"wp:featuredmedia":[{"embeddable":true,"href":"https:\/\/radiozapatista.org\/index.php?rest_route=\/wp\/v2\/media\/52853"}],"wp:attachment":[{"href":"https:\/\/radiozapatista.org\/index.php?rest_route=%2Fwp%2Fv2%2Fmedia&parent=52852"}],"wp:term":[{"taxonomy":"category","embeddable":true,"href":"https:\/\/radiozapatista.org\/index.php?rest_route=%2Fwp%2Fv2%2Fcategories&post=52852"},{"taxonomy":"post_tag","embeddable":true,"href":"https:\/\/radiozapatista.org\/index.php?rest_route=%2Fwp%2Fv2%2Ftags&post=52852"}],"curies":[{"name":"wp","href":"https:\/\/api.w.org\/{rel}","templated":true}]}}