{"id":52845,"date":"2025-11-17T14:38:01","date_gmt":"2025-11-17T20:38:01","guid":{"rendered":"https:\/\/radiozapatista.org\/?p=52845"},"modified":"2025-11-17T14:45:22","modified_gmt":"2025-11-17T20:45:22","slug":"convocatoria-al-semillero-de-piramides-de-historias-de-amores-y-claro-desamores","status":"publish","type":"post","link":"https:\/\/radiozapatista.org\/?p=52845","title":{"rendered":"[:es]Convocatoria al Semillero &#8220;De pir\u00e1mides, de historias, de amores y, claro, desamores&#8221;[:en]Invitation to the Seedbed &#8220;Of Pyramids, Histories, Loves and, of Course, Heartbreaks&#8221;[:]"},"content":{"rendered":"<p>[:es]<\/p>\n\n\n<p class=\"has-text-align-center\"><strong>CONVOCATORIA AL SEMILLERO<\/strong><br><strong>\u201cDE PIR\u00c1MIDES, DE HISTORIAS, DE AMORES Y, CLARO, DESAMORES\u201d<\/strong><\/p>\n\n\n\n<p>CIDECI-UNITIERRA<br>DEL 26 AL 30 DE DICIEMBRE DEL 2025.<\/p>\n\n\n\n<p>&nbsp; La Comisi\u00f3n Sexta Zapatista invita a las personas firmantes de la Sexta Declaraci\u00f3n de la Selva Lacandona y la Declaraci\u00f3n por la Vida a la realizaci\u00f3n del semillero para celebrar las resistencias y rebeld\u00edas del mundo: \u201cDe Pir\u00e1mides, de Historias, de Amores y, claro, Desamores\u201d<\/p>\n\n\n\n<p>&nbsp; Con la participaci\u00f3n de:<\/p>\n\n\n\n<p>Sylvia Marcos.<br>B\u00e1rbara Zamora.<br>Tamara San Miguel.<br>Luis de Tavira.<br>Ra\u00fal Zibechi.<br>Arturo Anguiano.<br>Carlos Antonio Aguirre Rojas.<br>Eduardo Almeida.<br>Carlos Tornel.<br>Ra\u00fal Romero.<br>Comisi\u00f3n Sexta Zapatista.<\/p>\n\n\n\n<p>&nbsp; Quienes expondr\u00e1n sus an\u00e1lisis sobre las pir\u00e1mides y los manejos de las historias en el sistema econ\u00f3mico, los malos gobiernos, las leyes y la estructura judicial, los movimientos de resistencia, las izquierdas y el progresismo, los derechos humanos, la lucha feminista y las artes.&nbsp; Y, bueno, tal vez algo se diga de amores y desamores, seg\u00fan.&nbsp; En cualquier caso, o cosa, se espera que quienes exponen no abrumen al respetable con demasiadas citas bibliogr\u00e1ficas, elucubraciones asfixiantes o res\u00famenes de Wikipedia.<\/p>\n\n\n\n<p>&nbsp; Las pl\u00e1ticas se realizar\u00e1n en las instalaciones del CIDECI-UniTierra, en San Crist\u00f3bal de Las Casas, Chiapas, M\u00e9xico del d\u00eda 26 de diciembre inclusive, al 30 de diciembre inclusive.&nbsp; El 31 de diciembre y el 1 de enero, quienes sobrevivan podr\u00e1n asistir a las celebraciones del aniversario del alzamiento zapatista en el Puy m\u00e1s cercano a su coraz\u00f3n (o a su algoritmo, seg\u00fan).&nbsp; Si usted es alg\u00fan tipo de Inteligencia (j\u00e1) Artificial, consid\u00e9rese excluida (una de cal por las que van de arena).<\/p>\n\n\n\n<p>&nbsp; El correo para registrase es: <a href=\"mailto:semillerodiciembre2025@gmail.com\">semillerodiciembre2025@gmail.com<\/a><\/p>\n\n\n\n<p>Desde las monta\u00f1as del Sureste Mexicano.<\/p>\n\n\n\n<p>Subcomandante Insurgente Mois\u00e9s.<br>M\u00e9xico, noviembre del 2026.<\/p>\n\n\n<p>[:en]<\/p>\n\n\n<p class=\"has-text-align-center\">INVITATION TO THE SEEDBED<br>\u201cOF PYRAMIDS, HISTORIES, LOVES AND, OF COURSE, HEARTBREAKS\u201d<\/p>\n\n\n\n<p>CIDECI-UNITIERRA<br>DECEMBER 26\u201330, 2025<\/p>\n\n\n\n<p>The Zapatista Sixth Commission invites those who have signed the Sixth Declaration of the Lacandon Jungle and the Declaration for Life to the seedbed to celebrate the resistances and rebellions of the world: \u201cOf Pyramids, Histories, Loves and, of course, Heartbreaks.\u201d<\/p>\n\n\n\n<p>With the participation of:<\/p>\n\n\n\n<ul class=\"wp-block-list\">\n<li>Sylvia Marcos<\/li>\n\n\n\n<li>B\u00e1rbara Zamora<\/li>\n\n\n\n<li>Tamara San Miguel<\/li>\n\n\n\n<li>Luis de Tavira<\/li>\n\n\n\n<li>Ra\u00fal Zibechi<\/li>\n\n\n\n<li>Arturo Anguiano<\/li>\n\n\n\n<li>Carlos Antonio Aguirre Rojas<\/li>\n\n\n\n<li>Eduardo Almeida<\/li>\n\n\n\n<li>Carlos Tornel<\/li>\n\n\n\n<li>Ra\u00fal Romero<\/li>\n\n\n\n<li>Zapatista Sixth Commission<\/li>\n<\/ul>\n\n\n\n<p>They will present their analyses on pyramids and on how histories are handled within the economic system, bad governments, laws and the judicial structure, resistance movements, leftisms and progressivism, human rights, the feminist struggle, and the arts. And well, maybe something will be said about loves and heartbreaks\u2014depending. In any case, we hope that those presenting will not overwhelm the public with excessive bibliographic citations, suffocating speculations, or Wikipedia summaries.<\/p>\n\n\n\n<p>The talks will take place at the facilities of CIDECI-UniTierra, in San Crist\u00f3bal de Las Casas, Chiapas, Mexico, from December 26 through December 30, inclusive. On December 31 and January 1, those who survive may attend the celebrations of the anniversary of the Zapatista uprising at the <em>Puy <\/em>closest to their heart (or their algorithm, as the case may be). If you are some kind of (ha!) Artificial Intelligence, consider yourself excluded (one bit of sugar for all the salt).<\/p>\n\n\n\n<p>The email to register is: <a>semillerodiciembre2025@gmail.com<\/a><\/p>\n\n\n\n<p>From the mountains of Southeast Mexico.<\/p>\n\n\n\n<p>Insurgent Subcomandante Mois\u00e9s<br>Mexico, November 2026.<\/p>\n\n\n<p>[:]<\/p>","protected":false},"excerpt":{"rendered":"<p>[:es] CONVOCATORIA AL SEMILLERO\u201cDE PIR\u00c1MIDES, DE HISTORIAS, DE AMORES Y, CLARO, DESAMORES\u201d CIDECI-UNITIERRADEL 26 AL 30 DE DICIEMBRE DEL 2025. &nbsp; La Comisi\u00f3n Sexta Zapatista invita a las personas firmantes de la Sexta Declaraci\u00f3n de la Selva Lacandona y la Declaraci\u00f3n por la Vida a la realizaci\u00f3n del semillero para celebrar las resistencias y rebeld\u00edas [&hellip;]<\/p>\n","protected":false},"author":1,"featured_media":52842,"comment_status":"open","ping_status":"closed","sticky":false,"template":"","format":"standard","meta":{"footnotes":""},"categories":[6,118,955],"tags":[1495,926,897,1531],"class_list":["post-52845","post","type-post","status-publish","format-standard","has-post-thumbnail","hentry","category-chiapas","category-ezln","category-ezln-temas","tag-el-dia-despues","tag-ezln","tag-pensamiento-critico","tag-subcomadante-moises"],"_links":{"self":[{"href":"https:\/\/radiozapatista.org\/index.php?rest_route=\/wp\/v2\/posts\/52845","targetHints":{"allow":["GET"]}}],"collection":[{"href":"https:\/\/radiozapatista.org\/index.php?rest_route=\/wp\/v2\/posts"}],"about":[{"href":"https:\/\/radiozapatista.org\/index.php?rest_route=\/wp\/v2\/types\/post"}],"author":[{"embeddable":true,"href":"https:\/\/radiozapatista.org\/index.php?rest_route=\/wp\/v2\/users\/1"}],"replies":[{"embeddable":true,"href":"https:\/\/radiozapatista.org\/index.php?rest_route=%2Fwp%2Fv2%2Fcomments&post=52845"}],"version-history":[{"count":5,"href":"https:\/\/radiozapatista.org\/index.php?rest_route=\/wp\/v2\/posts\/52845\/revisions"}],"predecessor-version":[{"id":52851,"href":"https:\/\/radiozapatista.org\/index.php?rest_route=\/wp\/v2\/posts\/52845\/revisions\/52851"}],"wp:featuredmedia":[{"embeddable":true,"href":"https:\/\/radiozapatista.org\/index.php?rest_route=\/wp\/v2\/media\/52842"}],"wp:attachment":[{"href":"https:\/\/radiozapatista.org\/index.php?rest_route=%2Fwp%2Fv2%2Fmedia&parent=52845"}],"wp:term":[{"taxonomy":"category","embeddable":true,"href":"https:\/\/radiozapatista.org\/index.php?rest_route=%2Fwp%2Fv2%2Fcategories&post=52845"},{"taxonomy":"post_tag","embeddable":true,"href":"https:\/\/radiozapatista.org\/index.php?rest_route=%2Fwp%2Fv2%2Ftags&post=52845"}],"curies":[{"name":"wp","href":"https:\/\/api.w.org\/{rel}","templated":true}]}}