{"id":52828,"date":"2025-11-17T13:42:22","date_gmt":"2025-11-17T19:42:22","guid":{"rendered":"https:\/\/radiozapatista.org\/?p=52828"},"modified":"2025-11-17T13:42:23","modified_gmt":"2025-11-17T19:42:23","slug":"cdmx-17-nov-invitacion-a-la-mesa-redonda-a-42-de-la-fundacion-del-ezln-la-lucha-zapatista-tiene-vigencia-autonomia-y-resistencia-frente-a-la-tormenta","status":"publish","type":"post","link":"https:\/\/radiozapatista.org\/?p=52828","title":{"rendered":"[CDMX &#8211; 17 nov] INVITACI\u00d3N A LA MESA REDONDA: A 42 de la Fundaci\u00f3n del EZLN, la lucha Zapatista tiene \u00abVigencia, Autonom\u00eda y Resistencia, frente a la Tormenta\u201d"},"content":{"rendered":"\n<p>En el marco de las #JornadasPermanentes rumbo a los #30a\u00f1osDeLaFundaci\u00f3nDelCNI y frente a la #GuerraCapitalista en contra del #EZLN y los #PueblosOriginarios, Convocamos a participar en la\u2026<\/p>\n\n\n\n<p class=\"has-text-align-center\">*MESA REDONDA*<\/p>\n\n\n\n<p>A 42 de la Fundaci\u00f3n del EZLN, la lucha Zapatista tiene &#8220;Vigencia, Autonom\u00eda y Resistencia, frente a la Tormenta\u201d<\/p>\n\n\n\n<p>Una pregunta, para responder en colectivo:<\/p>\n\n\n\n<p>\u00bfCu\u00e1les eran las condiciones sociales, econ\u00f3mica y pol\u00edticas de hace 42 a\u00f1os, frente a las condiciones<\/p>\n\n\n\n<p>actuales, especialmente, frente a la nueva propuesta zapatista de construir &#8220;El Com\u00fan&#8221;?<\/p>\n\n\n\n<p>S\u00famate y participa con tu palabra, tu digna rabia, con tu resistencia y tu alegre rebeld\u00eda.<\/p>\n\n\n\n<p>INVITA: Comunidad Ind\u00edgena Otom\u00ed residente en la CDMX y Resistencias Enlazando Dignidad-Movimiento y Coraz\u00f3n Zapatista (Red MyC Zapatista) y Colectivos, Redes y Organizaciones Adherentes a La Sexta.<\/p>\n\n\n\n<p>CITA: 17 de Noviembre, 16:00 Hrs.<\/p>\n\n\n\n<p>Al terminar, pastel por el 42 Aniversario del EZLN y las Ma\u00f1anitas Zapatistas.<\/p>\n\n\n\n<p>LUGAR: Casa de los Pueblos y Comunidades Ind\u00edgenas &#8220;Samir Flores Soberanes&#8221; Av. M\u00e9xico-Coyoac\u00e1n 343, Col. Xoco. Benito Ju\u00e1rez<\/p>\n\n\n\n<p><\/p>\n","protected":false},"excerpt":{"rendered":"<p>En el marco de las #JornadasPermanentes rumbo a los #30a\u00f1osDeLaFundaci\u00f3nDelCNI y frente a la #GuerraCapitalista en contra del #EZLN y los #PueblosOriginarios, Convocamos a participar en la\u2026 *MESA REDONDA* A 42 de la Fundaci\u00f3n del EZLN, la lucha Zapatista tiene &#8220;Vigencia, Autonom\u00eda y Resistencia, frente a la Tormenta\u201d Una pregunta, para responder en colectivo: \u00bfCu\u00e1les [&hellip;]<\/p>\n","protected":false},"author":1,"featured_media":0,"comment_status":"open","ping_status":"closed","sticky":false,"template":"","format":"standard","meta":{"footnotes":""},"categories":[1024,954,183],"tags":[],"class_list":["post-52828","post","type-post","status-publish","format-standard","hentry","category-cni-temas","category-mexico","category-blog"],"_links":{"self":[{"href":"https:\/\/radiozapatista.org\/index.php?rest_route=\/wp\/v2\/posts\/52828","targetHints":{"allow":["GET"]}}],"collection":[{"href":"https:\/\/radiozapatista.org\/index.php?rest_route=\/wp\/v2\/posts"}],"about":[{"href":"https:\/\/radiozapatista.org\/index.php?rest_route=\/wp\/v2\/types\/post"}],"author":[{"embeddable":true,"href":"https:\/\/radiozapatista.org\/index.php?rest_route=\/wp\/v2\/users\/1"}],"replies":[{"embeddable":true,"href":"https:\/\/radiozapatista.org\/index.php?rest_route=%2Fwp%2Fv2%2Fcomments&post=52828"}],"version-history":[{"count":1,"href":"https:\/\/radiozapatista.org\/index.php?rest_route=\/wp\/v2\/posts\/52828\/revisions"}],"predecessor-version":[{"id":52829,"href":"https:\/\/radiozapatista.org\/index.php?rest_route=\/wp\/v2\/posts\/52828\/revisions\/52829"}],"wp:attachment":[{"href":"https:\/\/radiozapatista.org\/index.php?rest_route=%2Fwp%2Fv2%2Fmedia&parent=52828"}],"wp:term":[{"taxonomy":"category","embeddable":true,"href":"https:\/\/radiozapatista.org\/index.php?rest_route=%2Fwp%2Fv2%2Fcategories&post=52828"},{"taxonomy":"post_tag","embeddable":true,"href":"https:\/\/radiozapatista.org\/index.php?rest_route=%2Fwp%2Fv2%2Ftags&post=52828"}],"curies":[{"name":"wp","href":"https:\/\/api.w.org\/{rel}","templated":true}]}}