{"id":52826,"date":"2025-11-17T13:39:12","date_gmt":"2025-11-17T19:39:12","guid":{"rendered":"https:\/\/radiozapatista.org\/?p=52826"},"modified":"2025-11-17T13:39:13","modified_gmt":"2025-11-17T19:39:13","slug":"comunicado-que-informa-sobre-personas-que-han-dejado-de-ser-parte-del-congreso-nacional-indigena","status":"publish","type":"post","link":"https:\/\/radiozapatista.org\/?p=52826","title":{"rendered":"Comunicado que informa sobre personas que han dejado de ser parte del Congreso Nacional Ind\u00edgena"},"content":{"rendered":"\n<p>A LOS PUEBLOS, COMUNIDADES, BARRIOS, TRIBUS Y NACIONES QUE PARTICIPAN EN EL CONGRESO NACIONAL INDIGENA,<br>AL EJ\u00c9RCITO ZAPATISTA DE LIBERACI\u00d3N NACIONAL,<br>A LAS REDES DE RESISTENCIA Y REBELD\u00cdA,<br>A LA SEXTA NACIONAL E INTERNACIONAL,<br>A LAS PERSONAS Y ORGANIZACIONES FIRMANTES DE UNA DECLARACION POR LA VIDA,<br>A LAS REDES DE LA EUROPA INSUMISA, DIGNA Y REBELDE.<\/p>\n\n\n\n<p>Rumbo a los 30 a\u00f1os de la fundaci\u00f3n del Congreso Nacional Ind\u00edgena (CNI) declaramos que nuestra lucha es por la vida, hoy m\u00e1s que nunca, cuando el capitalismo, los gobiernos, las empresas, las organizaciones criminales y el patriarcado intentan desmantelar los espacios organizativos de nuestros pueblos.<\/p>\n\n\n\n<p>El d\u00eda de hoy, quince de noviembre de 2025, la Comisi\u00f3n de Coordinaci\u00f3n y Seguimiento del CNI nos reunimos para acordar y determinar sus siguientes pasos. En este contexto fuimos informados de una serie de comunicados y testimonios que nos dan la certeza de que algunos integrantes del CNI han violentado, de manera sistem\u00e1tica y reiterada, los principios con los que hemos acordado caminar. Su actuar ha sido el de la suplantaci\u00f3n: sirvi\u00e9ndose de nuestros espacios y nuestras luchas, as\u00ed como de las redes de solidaridad que en m\u00e1s de treinta a\u00f1os han acompa\u00f1ado a nuestros hermanos del Ej\u00e9rcito Zapatista de Liberaci\u00f3n Nacional, todo esto para fines ajenos a los prop\u00f3sitos del CNI.<\/p>\n\n\n\n<p>Despu\u00e9s de analizar y discutir, desde esta Comisi\u00f3n de Coordinaci\u00f3n y Seguimiento del Congreso Nacional Ind\u00edgena hemos resuelto por consenso que MARIO CASTILLO QUINTERO, LUCILA BETTINA CRUZ VELAZQUEZ y NISAGUIE FLORES CRUZ, integrantes de la Asamblea de Pueblos del Istmo en Defensa de la Tierra y el Territorio, HAN DEJADO DE PERTENECER AL CONGRESO NACIONAL IND\u00cdGENA POR VIOLENTAR EN FORMA GRAVE Y REITERADA SUS PRINCIPIOS.<\/p>\n\n\n\n<p>Es nuestra determinaci\u00f3n seguir en la lucha por la vida, son nuestra gu\u00eda los siete principios del mandar obedeciendo, no admitiremos que sean nuestros ca\u00eddos moneda de cambio de este sistema de destrucci\u00f3n, que sean nuestras luchas uno m\u00e1s de los despojos en la larga historia de traici\u00f3n a nuestros pueblos.<\/p>\n\n\n\n<p class=\"has-text-align-center\">ATENTAMENTE<br>POR LA RECONSTITUCI\u00d3N\u00a0 INTEGRAL DE NUESTROS PUEBLOS<br>NUNCA MAS UN M\u00c9XICO SIN NOSOTROS<br>COMISI\u00d3N DE COORDINACI\u00d3N Y SEGUIMIENTO DEL CONGRESO NACIONAL IND\u00cdGENA<\/p>\n","protected":false},"excerpt":{"rendered":"<p>A LOS PUEBLOS, COMUNIDADES, BARRIOS, TRIBUS Y NACIONES QUE PARTICIPAN EN EL CONGRESO NACIONAL INDIGENA,AL EJ\u00c9RCITO ZAPATISTA DE LIBERACI\u00d3N NACIONAL,A LAS REDES DE RESISTENCIA Y REBELD\u00cdA,A LA SEXTA NACIONAL E INTERNACIONAL,A LAS PERSONAS Y ORGANIZACIONES FIRMANTES DE UNA DECLARACION POR LA VIDA,A LAS REDES DE LA EUROPA INSUMISA, DIGNA Y REBELDE. Rumbo a los 30 [&hellip;]<\/p>\n","protected":false},"author":1,"featured_media":37977,"comment_status":"open","ping_status":"closed","sticky":false,"template":"","format":"standard","meta":{"footnotes":""},"categories":[943,1024,954],"tags":[63],"class_list":["post-52826","post","type-post","status-publish","format-standard","has-post-thumbnail","hentry","category-cni","category-cni-temas","category-mexico","tag-cni"],"_links":{"self":[{"href":"https:\/\/radiozapatista.org\/index.php?rest_route=\/wp\/v2\/posts\/52826","targetHints":{"allow":["GET"]}}],"collection":[{"href":"https:\/\/radiozapatista.org\/index.php?rest_route=\/wp\/v2\/posts"}],"about":[{"href":"https:\/\/radiozapatista.org\/index.php?rest_route=\/wp\/v2\/types\/post"}],"author":[{"embeddable":true,"href":"https:\/\/radiozapatista.org\/index.php?rest_route=\/wp\/v2\/users\/1"}],"replies":[{"embeddable":true,"href":"https:\/\/radiozapatista.org\/index.php?rest_route=%2Fwp%2Fv2%2Fcomments&post=52826"}],"version-history":[{"count":1,"href":"https:\/\/radiozapatista.org\/index.php?rest_route=\/wp\/v2\/posts\/52826\/revisions"}],"predecessor-version":[{"id":52827,"href":"https:\/\/radiozapatista.org\/index.php?rest_route=\/wp\/v2\/posts\/52826\/revisions\/52827"}],"wp:featuredmedia":[{"embeddable":true,"href":"https:\/\/radiozapatista.org\/index.php?rest_route=\/wp\/v2\/media\/37977"}],"wp:attachment":[{"href":"https:\/\/radiozapatista.org\/index.php?rest_route=%2Fwp%2Fv2%2Fmedia&parent=52826"}],"wp:term":[{"taxonomy":"category","embeddable":true,"href":"https:\/\/radiozapatista.org\/index.php?rest_route=%2Fwp%2Fv2%2Fcategories&post=52826"},{"taxonomy":"post_tag","embeddable":true,"href":"https:\/\/radiozapatista.org\/index.php?rest_route=%2Fwp%2Fv2%2Ftags&post=52826"}],"curies":[{"name":"wp","href":"https:\/\/api.w.org\/{rel}","templated":true}]}}