{"id":52818,"date":"2025-11-14T07:39:28","date_gmt":"2025-11-14T13:39:28","guid":{"rendered":"https:\/\/radiozapatista.org\/?p=52818"},"modified":"2025-11-17T13:33:07","modified_gmt":"2025-11-17T19:33:07","slug":"a-quien-pertenece-realmente-el-dereco-a-la-vida-y-a-la-ciudadania-en-brasil","status":"publish","type":"post","link":"https:\/\/radiozapatista.org\/?p=52818","title":{"rendered":"\u00bfA qui\u00e9n pertenece realmente el derecho a la vida y a la ciudadan\u00eda en Brasil?"},"content":{"rendered":"\n<p>Fuente: <a href=\"https:\/\/losmuros.org\/8305\/a-quien-pertenece-realmente-el-derecho-a-la-vida-y-a-la-ciudadania-en-brasil-conversamos-con-aline-lima\/\" target=\"_blank\" rel=\"noreferrer noopener\">Los Muros<\/a><\/p>\n\n\n\n<h4 class=\"wp-block-heading\">Conversamos con Aline Lima<\/h4>\n\n\n\n<p>Nos vamos a ir hasta el Brasil para encontrarnos con Aline Lima, coordinadora general del Instituto de Pol\u00edticas Alternativas para el CONOSUR, educadora popular, feminista, interseccional, psic\u00f3loga y especialista en gesti\u00f3n de proyectos sociales. Vamos a conversar con ella de lo sucedido el pasado 28 de octubre, donde nos sacudi\u00f3 una noticia en el mundo con el asesinato de m\u00e1s de un centenar de personas en una jornada donde la polic\u00eda de R\u00edo de Janeiro actu\u00f3, seg\u00fan los se\u00f1alamientos oficiales, en una lucha contra las bandas criminales vinculadas al narcotr\u00e1fico en el entorno de varias poblaciones y favelas, como se suele denominar all\u00e1.<\/p>\n\n\n\n<p>Para comprender qu\u00e9 ha ocurrido ese 28 de octubre, pero qu\u00e9 est\u00e1 ocurriendo en un contexto m\u00e1s general de esta conversaci\u00f3n que estamos dando sobre las violencias, estas violencias excesivas desde el Estado como mecanismos de control en el escenario contempor\u00e1neo y en el ejercicio del poder desde las derechas en el continente, porque la gobernaci\u00f3n de R\u00edo de Janeiro tiene un gobernador del Estado de R\u00edo de Janeiro cercano, pr\u00f3ximo partidario de Jair Bolsonaro, el anterior presidente del Brasil justamente,<\/p>\n\n\n\n<p>Aline nos comparte: El 28 de octubre de 2025, en el estado de R\u00edo de Janeiro en Brasil, se llev\u00f3 a cabo una operaci\u00f3n policial masiva que se llam\u00f3 Operaci\u00f3n Contenci\u00f3n, en los complejos de Pe\u00f1a y Alem\u00e1n, que son dos grandes complejos de favelas en R\u00edo de Janeiro, al norte de la ciudad. Participaron m\u00e1s o menos 2.500 agentes de las polic\u00edas civil y militar. Adem\u00e1s de blindados, helic\u00f3pteros y drones, la acci\u00f3n fue presentada por las autoridades como un operativo a combatir la facci\u00f3n criminal Comando Vermelho.<\/p>\n\n\n\n<p>Seg\u00fan diversos informes, el n\u00famero de muertos, que es estremecedor, est\u00e1 entre 120 y 130 personas, pero algunos movimientos sociales, sobre todo que acompa\u00f1an las favelas, han dicho que ese n\u00famero es mucho mayor. Hay cuerpos que no fueron encontrados todav\u00eda. Entonces, el operativo caus\u00f3 un caos generalizado, interrupci\u00f3n de los servicios de salud, suspensi\u00f3n de las clases, paralizaci\u00f3n de transporte y p\u00e1nico entre los habitantes de las comunidades, sobre todo de las favelas, y tambi\u00e9n de &nbsp;toda poblaci\u00f3n.<\/p>\n\n\n\n<p>Voy a hablar un poco del contexto hist\u00f3rico y estructural de ese episodio. Para comprender lo ocurrido, es muy necesario situarnos dentro de la historia de la polic\u00eda en las favelas de R\u00edo de Janeiro y la l\u00f3gica de la guerra contra el tr\u00e1fico de drogas, el narcotr\u00e1fico. R\u00edo de Janeiro ya ha vivido otros episodios similares, como la masacre de Jacarezinho en 2021 donde hubo 30 muertos. Toda la historia de R\u00edo de Janeiro, la historia reciente, es marcada por grandes episodios similares de masacre policial en las comunidades negras, faveladas y perif\u00e9ricas y marginalizadas de la ciudad. Esas operaciones suelen funcionar como un mecanismo de control social sobre territorios pobres y mayoritariamente negros como dije, bajo el discurso de combate al crimen. Lo hecho el 28 de octubre fue cualificado como la operaci\u00f3n policial m\u00e1s letal de la historia reciente de Estado y de pa\u00eds, fue la operaci\u00f3n con m\u00e1s letalidad de la historia reciente de pa\u00eds. Entonces, organismos de derechos humanos y de salud p\u00fablica denunciaron que no se trat\u00f3 de una acci\u00f3n de seguridad, sino de una tragedia humana que responde a las fallas estructurales de Estado en materia de pol\u00edticas p\u00fablicas y respeto a la vida. Lo que expresa este episodio, el hecho no puede entenderse solo como una acci\u00f3n policial, sino como un s\u00edntoma de un modelo de desarrollo, un modelo de Estado y de sociedad.<\/p>\n\n\n\n<p>En R\u00edo de Janeiro, sobre todo en todo Brasil, nosotros vivimos una especie de s\u00edntoma de tristeza colectiva que va desde naturalizaci\u00f3n de la violencia estatal, el uso masivo y letal de la fuerza se vuelve como normal en zonas pobres, legitimando el discurso de la seguridad. El racismo estructural tambi\u00e9n, porque las favelas atacadas son territorios de poblaci\u00f3n negra y empobrecida. El operativo refuerza una pol\u00edtica racionalizada de control y de muerte.<\/p>\n\n\n\n<p>Pudimos observar tambi\u00e9n la crisis de la democracia y del Estado de Derecho. La narrativa oficial de \u00e9xito frente a la falta de transparencia o investigaci\u00f3n real, muestra un quiebre del control institucional por parte del Estado, en fin, la desigualdad social como un trasfondo.<\/p>\n\n\n\n<p>La violencia se concentra donde el Estado falta en garantizar derechos, educaci\u00f3n, salud y empleo. O sea, para conclusi\u00f3n de este primer punto, la operaci\u00f3n del 28 de octubre no fue solamente un enfrentamiento con el narcotr\u00e1fico, sino una manifestaci\u00f3n extrema de c\u00f3mo el Estado brasile\u00f1o ejerce poder sobre la vida y la muerte en los territorios marginalizados. Revela una continuidad hist\u00f3rica de militarizaci\u00f3n, de racismo estructural y exclusi\u00f3n social.<\/p>\n\n\n\n<p>Planteo una pregunta de fondo, \u00bfa qui\u00e9n pertenece realmente el derecho a la vida y a la ciudadan\u00eda en Brasil?<em><strong>\u2026\u2026..Ponemos aqu\u00ed la conversa completa junto a Aline para que sigas escuchando esta intervenci\u00f3n fundamental en estos tiempos\u2026..<\/strong><\/em><\/p>\n\n\n\n<p><\/p>\n\n\n[podcast]http:\/\/losmuros.org\/wp-content\/uploads\/Hueco-en-el-Muro-2025-Noviembre-2-Martes-11-Nota-destacada-Entrevista-Aline-Lima-Violencias-Rio-de-Janeiro.mp3[\/podcast]","protected":false},"excerpt":{"rendered":"<p>Fuente: Los Muros Conversamos con Aline Lima Nos vamos a ir hasta el Brasil para encontrarnos con Aline Lima, coordinadora general del Instituto de Pol\u00edticas Alternativas para el CONOSUR, educadora popular, feminista, interseccional, psic\u00f3loga y especialista en gesti\u00f3n de proyectos sociales. Vamos a conversar con ella de lo sucedido el pasado 28 de octubre, donde [&hellip;]<\/p>\n","protected":false},"author":1,"featured_media":52819,"comment_status":"open","ping_status":"closed","sticky":false,"template":"","format":"standard","meta":{"footnotes":""},"categories":[1284,826,953],"tags":[42,284,53,1079,531,511],"class_list":["post-52818","post","type-post","status-publish","format-standard","has-post-thumbnail","hentry","category-latinoamerica","category-medios-libres-2","category-mundo","tag-brasil","tag-criminalizacion","tag-justicia","tag-masacre","tag-policia","tag-violencia"],"_links":{"self":[{"href":"https:\/\/radiozapatista.org\/index.php?rest_route=\/wp\/v2\/posts\/52818","targetHints":{"allow":["GET"]}}],"collection":[{"href":"https:\/\/radiozapatista.org\/index.php?rest_route=\/wp\/v2\/posts"}],"about":[{"href":"https:\/\/radiozapatista.org\/index.php?rest_route=\/wp\/v2\/types\/post"}],"author":[{"embeddable":true,"href":"https:\/\/radiozapatista.org\/index.php?rest_route=\/wp\/v2\/users\/1"}],"replies":[{"embeddable":true,"href":"https:\/\/radiozapatista.org\/index.php?rest_route=%2Fwp%2Fv2%2Fcomments&post=52818"}],"version-history":[{"count":2,"href":"https:\/\/radiozapatista.org\/index.php?rest_route=\/wp\/v2\/posts\/52818\/revisions"}],"predecessor-version":[{"id":52824,"href":"https:\/\/radiozapatista.org\/index.php?rest_route=\/wp\/v2\/posts\/52818\/revisions\/52824"}],"wp:featuredmedia":[{"embeddable":true,"href":"https:\/\/radiozapatista.org\/index.php?rest_route=\/wp\/v2\/media\/52819"}],"wp:attachment":[{"href":"https:\/\/radiozapatista.org\/index.php?rest_route=%2Fwp%2Fv2%2Fmedia&parent=52818"}],"wp:term":[{"taxonomy":"category","embeddable":true,"href":"https:\/\/radiozapatista.org\/index.php?rest_route=%2Fwp%2Fv2%2Fcategories&post=52818"},{"taxonomy":"post_tag","embeddable":true,"href":"https:\/\/radiozapatista.org\/index.php?rest_route=%2Fwp%2Fv2%2Ftags&post=52818"}],"curies":[{"name":"wp","href":"https:\/\/api.w.org\/{rel}","templated":true}]}}