{"id":52814,"date":"2025-11-14T07:27:08","date_gmt":"2025-11-14T13:27:08","guid":{"rendered":"https:\/\/radiozapatista.org\/?p=52814"},"modified":"2025-11-14T07:27:09","modified_gmt":"2025-11-14T13:27:09","slug":"la-comunidad-autonoma-tepehuana-y-wixarika-de-san-lorenzo-de-azqueltan-denuncia-agresion-despojo-e-impunidad","status":"publish","type":"post","link":"https:\/\/radiozapatista.org\/?p=52814","title":{"rendered":"La Comunidad Aut\u00f3noma Tepehuana y Wix\u00e1rika de San Lorenzo de Azquelt\u00e1n denuncia agresi\u00f3n, despojo e impunidad"},"content":{"rendered":"\n<h3 class=\"wp-block-heading has-text-align-center\"><a href=\"https:\/\/www.congresonacionalindigena.org\/2025\/11\/13\/denuncia-de-a-comunidad-autonoma-tepehuana-y-wixarika-de-san-lorenzo-de-azqueltan\/\" target=\"_blank\" rel=\"noreferrer noopener\">Denuncia de la Comunidad Aut\u00f3noma Tepehuana y Wix\u00e1rika de San Lorenzo de Azquelt\u00e1n<\/a><\/h3>\n\n\n\n<p>A los pueblos originarios y sociedad civil de M\u00e9xico y del mundo,<br>A la Presidenta de M\u00e9xico Claudia Sheimbaum Pardo,<br>Al Gobernador de Jalisco Pablo Lemus Navarro,<br>Al Fiscal del Estado de Jalisco Salvador Gonz\u00e1lez de los Santos,<br>A la Red de Derechos Humanos Todos los Derechos para Todas y Todos,<br>A los medios de comunicaci\u00f3n<\/p>\n\n\n\n<p>Desde la Comunidad Aut\u00f3noma Tepehuana y Wix\u00e1rika de San Lorenzo de Azquelt\u00e1n, denunciamos ante los pueblos, la sociedad civil y los gobiernos de este pa\u00eds la agresi\u00f3n, el despojo y la impunidad que amenazan nuevamente nuestro territorio comunal.<\/p>\n\n\n\n<p>Hace unos d\u00edas, denunciamos la incursi\u00f3n ilegal de grupo de personas armadas que se identificaron como polic\u00edas investigadores, ocurrida el pasado 4 de noviembre. Alegaban que un supuesto \u201cdue\u00f1o\u201d les hab\u00eda mostrado documentos de propiedad. Durante la incursi\u00f3n amenazaron de muerte a comuneros, robaron materiales y herramientas y sembraron el terror entre quienes ah\u00ed trabajaban.<\/p>\n\n\n\n<p>D\u00edas despu\u00e9s, el 11 de noviembre, el supuesto \u201cpeque\u00f1o propietario\u201d Refugio Raygoza coloc\u00f3 un cerco de piedra y una puerta de metal con el letrero \u201cPropiedad Privada\u201d en el acceso al predio denominado El Sabino Quemando, asegurando que fue la Fiscal\u00eda del Estado de Jalisco quien le orden\u00f3 hacerlo, lo que constituye claramente un acto de despojo, que es un delito sancionable de acuerdo con la ley penal, sin embargo, como es realizado por parte de una persona ajena a la comunidad no hay sanci\u00f3n, sino que se promueve por quienes deber\u00edan investigar.<\/p>\n\n\n\n<p>Desde entonces, se nos ha negado cualquier informaci\u00f3n o documento oficial, siendo que lo \u00fanico que nos han mostrado, han sido las armas largas y amenazas de muerte, con la clara intenci\u00f3n de imponer por la fuerza el despojo de nuestras tierras comunales, mismas que hemos defendido colectivamente por siglos.<\/p>\n\n\n\n<p>Nuestra comunidad mantiene procedimientos legales vigentes ante el Tribunal Unitario Agrario del Distrito 16, con sede en Guadalajara, por el reconocimiento y titulaci\u00f3n de nuestros bienes comunales, titulados por la Corona Espa\u00f1ola en 1733. Sin embargo, la codicia de supuestos peque\u00f1os propietarios y la complicidad de autoridades han buscado privatizar lo que pertenece leg\u00edtimamente a nuestro pueblo.<\/p>\n\n\n\n<p>Para nosotros, la tierra no es mercanc\u00eda: es vida, historia y memoria. La defendemos porque es la \u00fanica garant\u00eda de que nuestro pueblo siga existiendo.<\/p>\n\n\n\n<p>La invasi\u00f3n, venta y despojo de terrenos comunales, acompa\u00f1adas de corrupci\u00f3n, represi\u00f3n y persecuci\u00f3n, han sido una constante contra Azquelt\u00e1n. Desde 2019, cuando nuestras autoridades fueron atacadas por Fabio Flores S\u00e1nchez, alias \u201cLa Polla\u201d, y un grupo violento que lo acompa\u00f1aba, solo hemos recibido impunidad y discriminaci\u00f3n.<\/p>\n\n\n\n<p>Los intentos de homicidio pretenden ser reducidos a \u201clesiones\u201d, y el poder judicial ha protegido a los agresores mientras nuestras autoridades siguen sufriendo las secuelas del ataque.<\/p>\n\n\n\n<p>En los parajes El Sabino Quemado y La Cueva del Mosco, donde hoy nuevamente se pretende arrebatar nuestras tierras, la comunidad mantendremos la posesi\u00f3n colectiva, porque son nuestras desde tiempos ancestrales y las defendemos como pueblos tepehuano y wix\u00e1rika.<\/p>\n\n\n\n<!--more-->\n\n\n\n<p>Tras numerosos ataques armados, amenazas y despojos, se han abierto muchas carpetas de investigaci\u00f3n que solo han representado desgaste para la comunidad y protecci\u00f3n para los agresores, que siguen pretendiendo quedarse con el territorio.<\/p>\n\n\n\n<p>Como represalia, las autoridades han criminalizado a varios comuneros, acus\u00e1ndolos falsamente de delitos inventados por los mismos caciques.<\/p>\n\n\n\n<p>Algunos han sido encarcelados injustamente, mientras que nuestras denuncias leg\u00edtimas son ignoradas.<\/p>\n\n\n\n<p>Cuando el reclamo viene del pueblo, no hay justicia sino burlas, pero cuando la mentira viene del que pretende quedarse con lo que es nuestro, se castiga la dignidad y se premia la ambici\u00f3n.<\/p>\n\n\n\n<h4 class=\"wp-block-heading\">Exigimos:<\/h4>\n\n\n\n<p>La intervenci\u00f3n, investigaci\u00f3n y seguimiento a la presente denuncia por parte del Fiscal del Estado de Jalisco para detener la impunidad, esclarecer los hechos violentos recientes y sancionar a los responsables.<\/p>\n\n\n\n<p>La inmediata e incondicional devoluci\u00f3n de los materiales y herramientas sustra\u00eddos durante los ataques.<\/p>\n\n\n\n<p>Se suspendan y sancionen todos los actos tendientes al despojo de nuestros bienes comunales, en complicidad con las autoridades de la Fiscal\u00eda de Villa Guerrero, Jalisco.<\/p>\n\n\n\n<p>Se suspendan todos los actos realizados por la Fiscal\u00eda que no tienen que ver con su competencia, entendiendo estos como las cuestiones relacionadas con el territorio, la Fiscal\u00eda no es la autoridad competente para determinar el mejor derecho sobre el territorio.<\/p>\n\n\n\n<p>Que cesen de inmediato las amenazas, hostigamientos y despojo, as\u00ed como la transparencia y sanci\u00f3n en las carpetas de investigaci\u00f3n relacionadas con los ataques recibidos por nuestro pueblo los \u00faltimos a\u00f1os.<\/p>\n\n\n\n<p>El respeto pleno a la autonom\u00eda y libre determinaci\u00f3n de nuestra comunidad.<\/p>\n\n\n\n<p>Se brinden los medios legales para el reconocimiento de los bienes comunales, seg\u00fan los t\u00e9rminos del t\u00edtulo virreinal de 1733, y el juicio agrario 38\/2017, referente a al reconocimiento del territorio ancestral en posesi\u00f3n de la comunidad, en cerca de 39 mil hect\u00e1reas.<\/p>\n\n\n\n<p>Por \u00faltimo, manifestamos que nuestra comunidad mantendr\u00e1 la posesi\u00f3n y defensa de los predios que pretenden despojar como parte de nuestro territorio, porque el despojo no tiene legitimidad ni las armas autoridad sobre la tierra comunal.<\/p>\n\n\n\n<p>Llamamos a los pueblos originarios, a las organizaciones de derechos humanos, a los colectivos solidarios, a los medios de comunicaci\u00f3n, para permanecer alertas y actuar en consecuencia, para evitar mas atropellos.<\/p>\n\n\n\n<p class=\"has-text-align-center\">Atentamente<\/p>\n\n\n\n<p class=\"has-text-align-center\">\u00a1Nunca m\u00e1s un M\u00e9xico sin nosotros!<\/p>\n\n\n\n<p class=\"has-text-align-center\">Desde el fondo del ca\u00f1\u00f3n del r\u00edo Bola\u00f1os,<br>Noviembre de 2025<br>Comunidad Ind\u00edgena Aut\u00f3noma, Tepehuana y Wix\u00e1rika, de San Lorenzo de Azquelt\u00e1n,<br>Municipio de Villa Guerrero, Jalisco.<\/p>\n\n\n\n<p><\/p>\n","protected":false},"excerpt":{"rendered":"<p>Denuncia de la Comunidad Aut\u00f3noma Tepehuana y Wix\u00e1rika de San Lorenzo de Azquelt\u00e1n A los pueblos originarios y sociedad civil de M\u00e9xico y del mundo,A la Presidenta de M\u00e9xico Claudia Sheimbaum Pardo,Al Gobernador de Jalisco Pablo Lemus Navarro,Al Fiscal del Estado de Jalisco Salvador Gonz\u00e1lez de los Santos,A la Red de Derechos Humanos Todos los [&hellip;]<\/p>\n","protected":false},"author":1,"featured_media":52815,"comment_status":"open","ping_status":"closed","sticky":false,"template":"","format":"standard","meta":{"footnotes":""},"categories":[957,1024,943,954],"tags":[79,255,545,483,254],"class_list":["post-52814","post","type-post","status-publish","format-standard","has-post-thumbnail","hentry","category-autonomia","category-cni-temas","category-cni","category-mexico","tag-autonomia","tag-despojo","tag-pueblos-indigenas","tag-tierra-y-territorio","tag-wixarika"],"_links":{"self":[{"href":"https:\/\/radiozapatista.org\/index.php?rest_route=\/wp\/v2\/posts\/52814","targetHints":{"allow":["GET"]}}],"collection":[{"href":"https:\/\/radiozapatista.org\/index.php?rest_route=\/wp\/v2\/posts"}],"about":[{"href":"https:\/\/radiozapatista.org\/index.php?rest_route=\/wp\/v2\/types\/post"}],"author":[{"embeddable":true,"href":"https:\/\/radiozapatista.org\/index.php?rest_route=\/wp\/v2\/users\/1"}],"replies":[{"embeddable":true,"href":"https:\/\/radiozapatista.org\/index.php?rest_route=%2Fwp%2Fv2%2Fcomments&post=52814"}],"version-history":[{"count":1,"href":"https:\/\/radiozapatista.org\/index.php?rest_route=\/wp\/v2\/posts\/52814\/revisions"}],"predecessor-version":[{"id":52816,"href":"https:\/\/radiozapatista.org\/index.php?rest_route=\/wp\/v2\/posts\/52814\/revisions\/52816"}],"wp:featuredmedia":[{"embeddable":true,"href":"https:\/\/radiozapatista.org\/index.php?rest_route=\/wp\/v2\/media\/52815"}],"wp:attachment":[{"href":"https:\/\/radiozapatista.org\/index.php?rest_route=%2Fwp%2Fv2%2Fmedia&parent=52814"}],"wp:term":[{"taxonomy":"category","embeddable":true,"href":"https:\/\/radiozapatista.org\/index.php?rest_route=%2Fwp%2Fv2%2Fcategories&post=52814"},{"taxonomy":"post_tag","embeddable":true,"href":"https:\/\/radiozapatista.org\/index.php?rest_route=%2Fwp%2Fv2%2Ftags&post=52814"}],"curies":[{"name":"wp","href":"https:\/\/api.w.org\/{rel}","templated":true}]}}