{"id":52804,"date":"2025-11-13T10:11:28","date_gmt":"2025-11-13T16:11:28","guid":{"rendered":"https:\/\/radiozapatista.org\/?p=52804"},"modified":"2025-11-13T10:11:30","modified_gmt":"2025-11-13T16:11:30","slug":"comunidad-de-san-lorenzo-azqueltan-resiste-otro-ataque-a-dias-de-su-aniversario-de-autonomia","status":"publish","type":"post","link":"https:\/\/radiozapatista.org\/?p=52804","title":{"rendered":"Comunidad de San Lorenzo Azquelt\u00e1n resiste otro ataque a d\u00edas de su aniversario de autonom\u00eda"},"content":{"rendered":"\n<p>Por <a href=\"https:\/\/avispa.org\/es\/author\/rocio-heredia\/\" target=\"_blank\" rel=\"noreferrer noopener\">Roc\u00edo Heredia<\/a> | <a href=\"https:\/\/avispa.org\/comunidad-de-san-lorenzo-azqueltan-resiste-otro-ataque-a-dias-de-su-aniversario-de-autonomia\/\" target=\"_blank\" rel=\"noreferrer noopener\">Avispa Midia<\/a><br><em><sup>Portada: Celebraci\u00f3n del octavo aniversario de autogobierno y control territorial de la comunidad de San Lorenzo Azquelt\u00e1n<\/sup><\/em><\/p>\n\n\n\n<p>La Comunidad Ind\u00edgena Aut\u00f3noma Tepehuana-Wix\u00e1rika de San Lorenzo de Azquelt\u00e1n, municipio de Villa Guerrero, Jalisco, denunci\u00f3 un nuevo ataque en el que personas armadas violentaron, robaron e intentaron desalojar a comuneros que trabajaban la tierra. Se trata de un hecho ocurrido cinco d\u00edas antes de su&nbsp;12\u00b0aniversario como territorio aut\u00f3nomo,&nbsp;celebrado el pasado&nbsp;9 de noviembre.<\/p>\n\n\n\n<p>Bajo la advertencia de \u201clos peque\u00f1os propietarios ya demostraron ser los due\u00f1os\u201d, comuneros de Azquelt\u00e1n fueron v\u00edctimas de un nuevo ataque por parte de sujetos auto-identificados como \u201cpeque\u00f1os propietarios\u201d, informaron a trav\u00e9s de un&nbsp;<a href=\"https:\/\/www.congresonacionalindigena.org\/2025\/11\/07\/denuncia-de-la-comunidad-indigena-y-autonoma-tepehuana-y-wixarika-san-lorenzo-de-azqueltan\/\">comunicado<\/a>. Los hechos ocurrieron el 4 de noviembre cuando personas armadas que viajaban en una camioneta Ram color gris, amenazaron de muerte, robaron e intentaron desalojar a comuneros que se encontraban trabajando en dos predios comunales distintos: El Sabino Quemado y Cuenca del Mosco.<\/p>\n\n\n\n<p>Integrantes de esta comunidad responsabilizan -por presuntamente ordenar estos actos ilegales- a la agencia del Ministerio P\u00fablico de la Vicefiscal\u00eda Regional del Distrito XI, con sede en Villa Guerrero, Jalisco. As\u00ed mismo exigen al Gobierno de ese estado y a la Fiscal\u00eda Estatal que cesen de inmediato el hostigamiento, la represi\u00f3n y el despojo de sus terrenos comunales.<\/p>\n\n\n\n<figure class=\"wp-block-image\"><a class=\"td-modal-image\" href=\"https:\/\/avispa.org\/wp-content\/uploads\/2025\/11\/Azqueltan-1.png\"><img decoding=\"async\" src=\"https:\/\/avispa.org\/wp-content\/uploads\/2025\/11\/Azqueltan-1.png\" alt=\"\" class=\"wp-image-121248\"\/><\/a><\/figure>\n\n\n\n<figure class=\"wp-block-image size-large\"><img decoding=\"async\" src=\"https:\/\/avispa.org\/wp-content\/uploads\/2025\/11\/Foto1-Comunidad-Indigena-Autonoma-Azqueltan.jpg\" alt=\"\"\/><\/figure>\n\n\n\n<p>Azquelt\u00e1n se encuentra en alerta permanente, emitiendo un llamando de solidaridad a medios de comunicaci\u00f3n, organizaciones de derechos humanos, colectivos y pueblos originarios a resonar su voz para demostrar que sus integrantes no est\u00e1n solos.<\/p>\n\n\n\n<h3 class=\"wp-block-heading\" id=\"h-ataques-pasados\"><strong>Ataques pasados<\/strong><\/h3>\n\n\n\n<p>En septiembre del 2018, en Azquelt\u00e1n fue realizada una&nbsp;<a href=\"https:\/\/www.zonadocs.mx\/2019\/05\/28\/tepehuanes-y-wixarikas-de-san-lorenzo-azqueltan-en-lucha-por-su-autonomia\/\">segunda misi\u00f3n de observaci\u00f3n<\/a>&nbsp;en la que se determin\u00f3 una falta de definici\u00f3n agraria, que da lugar a la incertidumbre jur\u00eddica que por a\u00f1os ha aquejado a los pobladores ind\u00edgenas. Se identific\u00f3 tambi\u00e9n un ambiente de impunidad al no haberse investigado -hasta ese entonces-, las agresiones e intentos de homicidio se\u00f1alados en las carpetas&nbsp;<em>46\/2018<\/em>,&nbsp;<em>329\/2017<\/em>&nbsp;y&nbsp;<em>484\/2018<\/em>.<\/p>\n\n\n\n<!--more-->\n\n\n\n<p>Pese a la intervenci\u00f3n de organizaciones de derechos humanos que han fungido en misiones de observaci\u00f3n, la violencia en la comunidad ha continuado.<\/p>\n\n\n\n<p>En abril del 2018, Catarino Aguilar M\u00e1rquez,&nbsp;el entonces&nbsp;concejal de la comunidad y el comunero No\u00e9 Aguilar Rojas, fueron secuestrados por un comando armado, abordo de una camioneta Toyota Hilux doble cabina. Estuvieron retenidos durante 24 horas, tiempo en el que fueron interrogados y torturados. Posterior a este ataque toma lugar la segunda misi\u00f3n de observaci\u00f3n.<\/p>\n\n\n\n<p>En noviembre del 2019, Ricardo de la Cruz, Rafael Reyes M\u00e1rquez y -nuevamente- No\u00e9 Aguilar Rojas, fueron desaparecidos, golpeados y posteriormente puestos en libertad, a manos del cacique Favio Ernesto Flores S\u00e1nchez.<\/p>\n\n\n\n<p>Meses despu\u00e9s en enero del 2020, denunciaron un ataque armado contra el ex comisariado de bienes comunales Jes\u00fas Manuel Aguilar Hern\u00e1ndez, por parte de personas al servicio&nbsp;de&nbsp;Flores S\u00e1nchez. Hern\u00e1ndez result\u00f3 ileso.<\/p>\n\n\n\n<p>En octubre del 2024, la comunidad&nbsp;<a href=\"https:\/\/www.congresonacionalindigena.org\/2024\/10\/17\/comunicado-de-la-comunidad-indigena-de-san-lorenzo-de-azqueltan-ante-la-criminalizacion-de-sus-comuneras-y-comuneros\/#:~:text=Al%20Congreso%20Nacional%20Ind%C3%ADgena%20Al%20Ej%C3%A9rcito%20Zapatista,de%20Azquelt%C3%A1n%2C%20municipio%20de%20Villa%20Guerrero%2C%20Jalisco%2C\">denunci\u00f3&nbsp;<\/a>la criminalizaci\u00f3n de 17 personas comuneras y comuneros de Azquelt\u00e1n. Fueron citados ante el Juez Segundo de Control del D\u00e9cimo Primer Distrito Judicial, en Colotl\u00e1n, Jalisco, bajo la acusaci\u00f3n de robo tan s\u00f3lo por ejercer sus acuerdos asamblearios.<\/p>\n\n\n\n<h3 class=\"wp-block-heading\" id=\"h-autonomia-indigena\"><strong>Autonom\u00eda ind\u00edgena<\/strong><\/h3>\n\n\n\n<p>San Lorenzo Azquelt\u00e1n, es una comunidad ind\u00edgena aut\u00f3noma ubicada en el municipio de Villa Guerrero, Jalisco, en la regi\u00f3n del ca\u00f1\u00f3n de Bola\u00f1os, integrada por dos grupos ind\u00edgenas: los tepehuanos y wix\u00e1ritari, pueblos que luchan conjuntamente por la restituci\u00f3n de 45 mil de las 94 mil 400 hect\u00e1reas&nbsp;que les pertenecen de acuerdo a un t\u00edtulo que data de la \u00e9poca virreinal.<\/p>\n\n\n\n<p>Por m\u00e1s de dos siglos, San Lorenzo ha enfrentado situaciones de despojo territorial y violencia, propiciadas por el asentamiento de personas mestizas y ganaderas en tierras comunales que han convertido en ejidos. Actualmente, los problemas que amenazan este territorio ind\u00edgena est\u00e1n relacionados con intereses ganaderos y mineros, que han desembocado en amenazas, secuestros, tortura y ataques armados contra comuneros tepehuanos y wix\u00e1ritaris.<\/p>\n\n\n\n<p>Miembros de esta comunidad&nbsp;<a href=\"https:\/\/www.congresonacionalindigena.org\/2025\/11\/07\/denuncia-de-la-comunidad-indigena-y-autonoma-tepehuana-y-wixarika-san-lorenzo-de-azqueltan\/\">se\u00f1alan<\/a>&nbsp;que su territorio se encuentra en tr\u00e1mite de Reconocimiento y Titulaci\u00f3n de Bienes Comunales ante el Tribunal Unitario Agrario del Distrito 16, con sede en Guadalajara, Jalisco, ante el que se reconocen como \u201cdue\u00f1os ancestrales e hist\u00f3ricos\u201d de esas tierras, amparado por el t\u00edtulo virreinal del a\u00f1o 1733.<\/p>\n\n\n\n<p>Esta comunidad declar\u00f3 en asamblea su autonom\u00eda el 9 de noviembre del 2013, ejerciendo su autogobierno y control territorial desde entonces&nbsp;y&nbsp;hasta la actualidad. En compa\u00f1\u00eda de los consejos de las comunidades de San Sebasti\u00e1n Teponahuaxtl\u00e1n y Santa Catarina Cuexcomatitl\u00e1n, firmaron el acta declaratoria como comunidad ind\u00edgena aut\u00f3noma pero, fue hasta noviembre del 2015 que la Comisi\u00f3n Estatal Ind\u00edgena de Jalisco la reconoci\u00f3 formalmente.<\/p>\n\n\n\n<figure class=\"wp-block-image size-large\"><img decoding=\"async\" src=\"https:\/\/avispa.org\/wp-content\/uploads\/2025\/11\/Inauguracion-clinica-salud-comunitaria-Foto-Comunidad-Indigena-Autonoma-Azqueltan.jpg\" alt=\"\"\/><\/figure>\n\n\n\n<p>En noviembre del 2021, pobladores de Azquelt\u00e1n celebraron su&nbsp;octavo aniversario&nbsp;con la inauguraci\u00f3n de una cl\u00ednica de salud comunitaria operada por miembros de la comunidad y para la cual, se inspiraron en el sistema de salud de los Centros de Resistencia Aut\u00f3noma y Rebeld\u00eda Zapatista, o&nbsp;<em>Caracoles<\/em>&nbsp;en Chiapas.<\/p>\n\n\n\n<h3 class=\"wp-block-heading\" id=\"h-intentos-de-invasion-territorial\"><strong>Intentos de invasi\u00f3n territorial<\/strong><\/h3>\n\n\n\n<p>La actividad minera en San Lorenzo de Azquelt\u00e1n, ha sido controversial y generadora de conflicto en la comunidad. En marzo del 2022, denunciaron a la empresa minera Amonitas junto al gobierno federal mexicano por realizar trabajos de prospecci\u00f3n minera en camionetas con el logotipo del Servicio Geol\u00f3gico Mexicano, tomando muestras de piedras y materiales, sin que nadie lo haya autorizado.<\/p>\n\n\n\n<p><a href=\"https:\/\/avispa.org\/comunidad-de-azqueltan-denuncia-actividad-minera-en-su-territorio\/#:~:text=La%20comunidad%20ind%C3%ADgena%20wix%C3%A1rika%2Dtepehuana%20de%20San%20Lorenzo,varias%20camionetas%20con%20el%20logotipo%20del%20Servicio\" target=\"_blank\" rel=\"noreferrer noopener\">Te puede interesar: Comunidad de Azquelt\u00e1n denuncia actividad minera en su territorio<\/a><\/p>\n\n\n\n<p>Hasta el momento la actividad se ha limitado a intentos de prospecci\u00f3n frente a los que la comunidad tepehuana-w\u00edtarika ha declarado la prohibici\u00f3n al acceso, muestreo, vuelo de aeronaves y cualquier otro trabajo sin la aprobaci\u00f3n de la asamblea comunal.<\/p>\n","protected":false},"excerpt":{"rendered":"<p>Por Roc\u00edo Heredia | Avispa MidiaPortada: Celebraci\u00f3n del octavo aniversario de autogobierno y control territorial de la comunidad de San Lorenzo Azquelt\u00e1n La Comunidad Ind\u00edgena Aut\u00f3noma Tepehuana-Wix\u00e1rika de San Lorenzo de Azquelt\u00e1n, municipio de Villa Guerrero, Jalisco, denunci\u00f3 un nuevo ataque en el que personas armadas violentaron, robaron e intentaron desalojar a comuneros que trabajaban [&hellip;]<\/p>\n","protected":false},"author":1,"featured_media":52805,"comment_status":"open","ping_status":"closed","sticky":false,"template":"","format":"standard","meta":{"footnotes":""},"categories":[957,826,954],"tags":[79,1290,284,58,198,1282,53,137,545,1381,483,254],"class_list":["post-52804","post","type-post","status-publish","format-standard","has-post-thumbnail","hentry","category-autonomia","category-medios-libres-2","category-mexico","tag-autonomia","tag-azqueltan","tag-criminalizacion","tag-derechos-humanos","tag-impunidad","tag-jalisco","tag-justicia","tag-mineria","tag-pueblos-indigenas","tag-pueblos-originarios","tag-tierra-y-territorio","tag-wixarika"],"_links":{"self":[{"href":"https:\/\/radiozapatista.org\/index.php?rest_route=\/wp\/v2\/posts\/52804","targetHints":{"allow":["GET"]}}],"collection":[{"href":"https:\/\/radiozapatista.org\/index.php?rest_route=\/wp\/v2\/posts"}],"about":[{"href":"https:\/\/radiozapatista.org\/index.php?rest_route=\/wp\/v2\/types\/post"}],"author":[{"embeddable":true,"href":"https:\/\/radiozapatista.org\/index.php?rest_route=\/wp\/v2\/users\/1"}],"replies":[{"embeddable":true,"href":"https:\/\/radiozapatista.org\/index.php?rest_route=%2Fwp%2Fv2%2Fcomments&post=52804"}],"version-history":[{"count":2,"href":"https:\/\/radiozapatista.org\/index.php?rest_route=\/wp\/v2\/posts\/52804\/revisions"}],"predecessor-version":[{"id":52807,"href":"https:\/\/radiozapatista.org\/index.php?rest_route=\/wp\/v2\/posts\/52804\/revisions\/52807"}],"wp:featuredmedia":[{"embeddable":true,"href":"https:\/\/radiozapatista.org\/index.php?rest_route=\/wp\/v2\/media\/52805"}],"wp:attachment":[{"href":"https:\/\/radiozapatista.org\/index.php?rest_route=%2Fwp%2Fv2%2Fmedia&parent=52804"}],"wp:term":[{"taxonomy":"category","embeddable":true,"href":"https:\/\/radiozapatista.org\/index.php?rest_route=%2Fwp%2Fv2%2Fcategories&post=52804"},{"taxonomy":"post_tag","embeddable":true,"href":"https:\/\/radiozapatista.org\/index.php?rest_route=%2Fwp%2Fv2%2Ftags&post=52804"}],"curies":[{"name":"wp","href":"https:\/\/api.w.org\/{rel}","templated":true}]}}