{"id":52801,"date":"2025-11-13T09:55:59","date_gmt":"2025-11-13T15:55:59","guid":{"rendered":"https:\/\/radiozapatista.org\/?p=52801"},"modified":"2025-11-13T09:56:00","modified_gmt":"2025-11-13T15:56:00","slug":"noticias-de-abajo-12-11-2025","status":"publish","type":"post","link":"https:\/\/radiozapatista.org\/?p=52801","title":{"rendered":"Noticias de Abajo 12\/11\/2025"},"content":{"rendered":"[podcast]https:\/\/archive.org\/download\/noticiasdeabajo_12_11_2025\/noticiasdeabajo_12_11_2025.mp3[\/podcast]\n\n\n<h4 class=\"wp-block-heading\">ROMPIENDO FRONTERAS<\/h4>\n\n\n\n<p>PELMAPU ARGENTINA, PRESXS POL\u00cdTICOS:\u00a0Represi\u00f3n en territorio Mapuche, detienen a Eusebio Antieco y la werken Susana Martin, comuneros en defensa del territorio ancestral. Fuente: Agencia de Noticias Red Acci\u00f3n<\/p>\n\n\n\n<p>Brasil:\u00a0Falsas soluciones, contracumbres y protestas en el marco de una maltrecha COP30. #AntiCOP. Reporte de la situaci\u00f3n desde Brasil por el compa Evo. Fuentes: Noticias de abajo, Radio Temblor<\/p>\n\n\n\n<p>ECUADOR:\u00a0Llaman a decir No en la consulta que prepara el mal gobierno de Noboa, pretende cambiar la constituci\u00f3n para militarizar la regi\u00f3n y hacer un territorio servil a los Estados Unidos. (AUDIO). Fuente: La Voz de la Confenaie<\/p>\n\n\n\n<p>WALLMAPU CHILE:\u00a0Un a\u00f1o sin Julia Chu\u00d1il, compa\u00f1era mapuche desaparecida por defender el bosque ancestral contra los capitalistas ganaderos y forestales. Peritajes sacaron a la luz que Julia fue quemada por su defensa medioambiental. (AUDIO). Fuente: Noticias de Abajo<\/p>\n\n\n\n<h4 class=\"wp-block-heading\">DESDE EL OMBLIGO DEL MOUNSTRO<\/h4>\n\n\n\n<p>REPRESI\u00d3N:\u00a0Estigmatizaci\u00f3n y calumnias contra de Carlos Gonzales, abogado miembro del Congreso Nacional Ind\u00edgena, los se\u00f1alamientos fueron hechos por parte de una persona del gobierno de Morena, sus declaraciones abonan a un clima de violencia contra los luchadores sociales en M\u00e9xico. Fuente: Front Line Defenders, Avispa Midia<\/p>\n\n\n\n<p>CDMX PRESXS POl\u00cdTICOS:\u00a0Situaci\u00f3n del preso politico anarquista Jorge Esquivel El Yorch. Jorge Esquivel, nuestro compa el Yorch se encuentra en graves problemas de salud. Fuentes: Cruz Negra Anarquista Mexico, Okupa Che.<\/p>\n\n\n\n<p>Zona TecnoAcrata: Consejos para el resguardo digital en protestas ante las experiencias de represi\u00f3n en Ecuador y Per\u00fa. Fuente: Derechos digitales.<\/p>\n","protected":false},"excerpt":{"rendered":"<p>[podcast]https:\/\/archive.org\/download\/noticiasdeabajo_12_11_2025\/noticiasdeabajo_12_11_2025.mp3[\/podcast] ROMPIENDO FRONTERAS PELMAPU ARGENTINA, PRESXS POL\u00cdTICOS:\u00a0Represi\u00f3n en territorio Mapuche, detienen a Eusebio Antieco y la werken Susana Martin, comuneros en defensa del territorio ancestral. Fuente: Agencia de Noticias Red Acci\u00f3n Brasil:\u00a0Falsas soluciones, contracumbres y protestas en el marco de una maltrecha COP30. #AntiCOP. Reporte de la situaci\u00f3n desde Brasil por el compa Evo. Fuentes: [&hellip;]<\/p>\n","protected":false},"author":1,"featured_media":52802,"comment_status":"open","ping_status":"closed","sticky":false,"template":"","format":"standard","meta":{"footnotes":""},"categories":[1,1024,1284,826,954,953,962],"tags":[1288,42,85,63,58,1559,162,1097,171,1131,147,912,37,545,1381,87,1242],"class_list":["post-52801","post","type-post","status-publish","format-standard","has-post-thumbnail","hentry","category-audio","category-cni-temas","category-latinoamerica","category-medios-libres-2","category-mexico","category-mundo","category-presos","tag-4t","tag-brasil","tag-chile","tag-cni","tag-derechos-humanos","tag-desparicion-forzada","tag-ecuador","tag-mapuches","tag-medio-ambiente","tag-mexico","tag-militarizacion","tag-narcoestado","tag-presos-politicos","tag-pueblos-indigenas","tag-pueblos-originarios","tag-represion","tag-wallmapu"],"_links":{"self":[{"href":"https:\/\/radiozapatista.org\/index.php?rest_route=\/wp\/v2\/posts\/52801","targetHints":{"allow":["GET"]}}],"collection":[{"href":"https:\/\/radiozapatista.org\/index.php?rest_route=\/wp\/v2\/posts"}],"about":[{"href":"https:\/\/radiozapatista.org\/index.php?rest_route=\/wp\/v2\/types\/post"}],"author":[{"embeddable":true,"href":"https:\/\/radiozapatista.org\/index.php?rest_route=\/wp\/v2\/users\/1"}],"replies":[{"embeddable":true,"href":"https:\/\/radiozapatista.org\/index.php?rest_route=%2Fwp%2Fv2%2Fcomments&post=52801"}],"version-history":[{"count":1,"href":"https:\/\/radiozapatista.org\/index.php?rest_route=\/wp\/v2\/posts\/52801\/revisions"}],"predecessor-version":[{"id":52803,"href":"https:\/\/radiozapatista.org\/index.php?rest_route=\/wp\/v2\/posts\/52801\/revisions\/52803"}],"wp:featuredmedia":[{"embeddable":true,"href":"https:\/\/radiozapatista.org\/index.php?rest_route=\/wp\/v2\/media\/52802"}],"wp:attachment":[{"href":"https:\/\/radiozapatista.org\/index.php?rest_route=%2Fwp%2Fv2%2Fmedia&parent=52801"}],"wp:term":[{"taxonomy":"category","embeddable":true,"href":"https:\/\/radiozapatista.org\/index.php?rest_route=%2Fwp%2Fv2%2Fcategories&post=52801"},{"taxonomy":"post_tag","embeddable":true,"href":"https:\/\/radiozapatista.org\/index.php?rest_route=%2Fwp%2Fv2%2Ftags&post=52801"}],"curies":[{"name":"wp","href":"https:\/\/api.w.org\/{rel}","templated":true}]}}