{"id":52792,"date":"2025-11-07T22:19:00","date_gmt":"2025-11-08T04:19:00","guid":{"rendered":"https:\/\/radiozapatista.org\/?p=52792"},"modified":"2025-11-12T22:31:55","modified_gmt":"2025-11-13T04:31:55","slug":"denuncia-de-la-comunidad-indigena-y-autonoma-tepehuana-y-wixarica-san-lorenzo-azqueltan","status":"publish","type":"post","link":"https:\/\/radiozapatista.org\/?p=52792","title":{"rendered":"Denuncia de la comunidad ind\u00edgena y aut\u00f3noma, tepehuana y wix\u00e1rica San Lorenzo Azquelt\u00e1n"},"content":{"rendered":"\n<p>A los pueblos originarios de M\u00e9xico<\/p>\n\n\n\n<p>Al Congreso Nacional Ind\u00edgena<\/p>\n\n\n\n<p>A las organizaciones de derechos humanos<\/p>\n\n\n\n<p>A los colectivos solidarios que han acompa\u00f1ado nuestra lucha<\/p>\n\n\n\n<p>A los medios de comunicaci\u00f3n<\/p>\n\n\n\n<p>A unos d\u00edas de que nuestra Comunidad Ind\u00edgena Aut\u00f3noma de San Lorenzo de Azquelt\u00e1n, municipio de Villa Guerrero, Jalisco, celebre el 12\u00ba aniversario del nombramiento de autoridades aut\u00f3nomas, surgen nuevos ataques por parte de supuestos peque\u00f1os propietarios que pretenden arrebatarnos la tierra, por lo que una vez m\u00e1s, y las veces que sean necesarias, decimos que la tierra que hemos defendido desde hace siglos, no se vende: se defiende.<\/p>\n\n\n\n<p>Denunciamos que el d\u00eda 4 de noviembre, personas armadas a bordo de una camioneta Ram color gris \u2014dos de ellas, portando un gafete que no mostraron, asegurando ser polic\u00edas investigadores, pero no dijeron su nombre o cargo, ni mostrar documento alguno\u2014 intentaron desalojar a compa\u00f1eros comuneros que trabajaban en distintos puntos de nuestra comunidad. Amenazaron de muerte, robaron bienes y buscaron desalojar a quienes trabajaban la tierra comunal.<\/p>\n\n\n\n<p>Alrededor de la 10:30 horas llegaron al predio comunal conocido como El Sabino Quemado, sin notificar a los comuneros titulares de dicho predio y sustrayendo una motobomba de 5 caballos de fuerza, buscando despu\u00e9s a los comuneros en sus casas para advertirles verbalmente que \u201clos peque\u00f1os propietarios ya demostraron ser los due\u00f1os\u201d y que \u201cel juicio agrario les vale madre\u201d, que si los encontraban dentro del predio, los iban a detener. Sin embargo, el paraje Sabino Quemado, y la posesi\u00f3n otorgada mediante acuerdo de la asamblea general hace tres a\u00f1os, es parte de la posesi\u00f3n tradicional leg\u00edtima de esas tierras, que desde tiempos inmemoriales ha estado bajo el resguardo de la comunidad.<\/p>\n\n\n\n<p>M\u00e1s tarde, cerca de las 11:30 horas, las mismas personas llegaron a la cabecera comunal, al predio conocido como Cueva del Mosco, donde otros dos comuneros trabajaban escarbando un pozo. \u201c\u00a1L\u00e1rguense, hijos de su puta madre!\u201d, les grit\u00f3 uno de los agresores mientras les apuntaba con su arma. \u201c\u00a1Y no corran porque me los quiebro!\u201d, a\u00f1adi\u00f3, pic\u00e1ndole con el rifle la espalda a uno de los compa\u00f1eros.<\/p>\n\n\n\n<p>Los comuneros tambi\u00e9n fueron v\u00edctimas de robo. Bajo amenaza, los obligaron a cargar materiales y herramientas de construcci\u00f3n en la camioneta que tra\u00edan. Incluso los forzaron a levantar las motocicletas que ellos mismos hab\u00edan tirado instantes antes, para que condujeran delante del veh\u00edculo hasta la cabecera municipal, donde los hicieron descargar los bienes robados en la agencia del Ministerio P\u00fablico.<\/p>\n\n\n\n<p>Exigimos la inmediata e incondicional devoluci\u00f3n de los siguientes bienes sustra\u00eddos por los supuestos polic\u00edas:<\/p>\n\n\n\n<p>14 costales de cal<\/p>\n\n\n\n<p>1 costal de cemento<\/p>\n\n\n\n<p>1 carretilla<\/p>\n\n\n\n<p>4 palas<\/p>\n\n\n\n<p>3 talaches<\/p>\n\n\n\n<p>1 cizalla<\/p>\n\n\n\n<p>2 marros<\/p>\n\n\n\n<p>1 martillo<\/p>\n\n\n\n<p>1 cuchara de alba\u00f1il<\/p>\n\n\n\n<p>1 niveleta<\/p>\n\n\n\n<p>1 pinza<\/p>\n\n\n\n<p>2 cintas m\u00e9tricas<\/p>\n\n\n\n<p>1 azad\u00f3n<\/p>\n\n\n\n<p>5 kg de alambre recocido<\/p>\n\n\n\n<p>3 kg de clavos<\/p>\n\n\n\n<p>1 barra<\/p>\n\n\n\n<p>1 motobomba de 5 caballos de fuerza<\/p>\n\n\n\n<p>Hacemos responsable de la integridad de los compa\u00f1eros agredidos a la agencia del Ministerio P\u00fablico de la Vicefiscal\u00eda Regional del Distrito XI, con sede en Villa Guerrero, Jalisco, donde presuntamente se habr\u00edan ordenado estas acciones ilegales. Desde ese momento, y hasta la emisi\u00f3n de este comunicado, se nos ha negado informaci\u00f3n sobre la supuesta carpeta de investigaci\u00f3n.<\/p>\n\n\n\n<p>Exigimos al Gobierno del Estado de Jalisco y a la Fiscal\u00eda Estatal que cesen de inmediato el hostigamiento, la represi\u00f3n y el despojo de nuestros terrenos comunales, que pertenecen al pueblo tepehuano y wix\u00e1rika, y que se encuentran en tr\u00e1mite de Reconocimiento y Titulaci\u00f3n de Bienes Comunales ante el Tribunal Unitario Agrario del Distrito 16, con sede en Guadalajara, Jalisco, pues somos los due\u00f1os ancestrales e hist\u00f3ricos de nuestro territorio, amparado por el t\u00edtulo virreinal del a\u00f1o 1733.<\/p>\n\n\n\n<p>Hacemos un llamado a los pueblos originarios de M\u00e9xico, al Congreso Nacional Ind\u00edgena, a las organizaciones de derechos humanos, a los colectivos y medios solidarios que han acompa\u00f1ado a Azquelt\u00e1n, para que nos mantengamos alerta y, en la medida de nuestras capacidades y voluntades, hagamos visible la voz de que nuestra comunidad, San Lorenzo de Azquelt\u00e1n, NO EST\u00c1 SOLA.<\/p>\n\n\n\n<p><strong>Atentamente<\/strong><\/p>\n\n\n\n<p><strong>Desde el fondo del Ca\u00f1\u00f3n de Bola\u00f1os<\/strong><\/p>\n\n\n\n<p><strong>\u00a1Nunca m\u00e1s un M\u00e9xico sin nosotros!<\/strong><\/p>\n\n\n\n<p><strong>Noviembre de 2025<\/strong><\/p>\n\n\n\n<p><strong>Comunidad Ind\u00edgena Aut\u00f3noma, Tepehuana y Wix\u00e1rika de San Lorenzo de<\/strong><\/p>\n\n\n\n<p><strong>Azquelt\u00e1n, municipio de Villa Guerrero, Jalisco.<\/strong><\/p>\n","protected":false},"excerpt":{"rendered":"<p>A los pueblos originarios de M\u00e9xico Al Congreso Nacional Ind\u00edgena A las organizaciones de derechos humanos A los colectivos solidarios que han acompa\u00f1ado nuestra lucha A los medios de comunicaci\u00f3n A unos d\u00edas de que nuestra Comunidad Ind\u00edgena Aut\u00f3noma de San Lorenzo de Azquelt\u00e1n, municipio de Villa Guerrero, Jalisco, celebre el 12\u00ba aniversario del nombramiento [&hellip;]<\/p>\n","protected":false},"author":21,"featured_media":52793,"comment_status":"open","ping_status":"closed","sticky":false,"template":"","format":"standard","meta":{"footnotes":""},"categories":[51,826],"tags":[58,53,567,147,545,87,27,483],"class_list":["post-52792","post","type-post","status-publish","format-standard","has-post-thumbnail","hentry","category-autor","category-medios-libres-2","tag-derechos-humanos","tag-justicia","tag-megaproyectos","tag-militarizacion","tag-pueblos-indigenas","tag-represion","tag-solidaridad","tag-tierra-y-territorio"],"_links":{"self":[{"href":"https:\/\/radiozapatista.org\/index.php?rest_route=\/wp\/v2\/posts\/52792","targetHints":{"allow":["GET"]}}],"collection":[{"href":"https:\/\/radiozapatista.org\/index.php?rest_route=\/wp\/v2\/posts"}],"about":[{"href":"https:\/\/radiozapatista.org\/index.php?rest_route=\/wp\/v2\/types\/post"}],"author":[{"embeddable":true,"href":"https:\/\/radiozapatista.org\/index.php?rest_route=\/wp\/v2\/users\/21"}],"replies":[{"embeddable":true,"href":"https:\/\/radiozapatista.org\/index.php?rest_route=%2Fwp%2Fv2%2Fcomments&post=52792"}],"version-history":[{"count":1,"href":"https:\/\/radiozapatista.org\/index.php?rest_route=\/wp\/v2\/posts\/52792\/revisions"}],"predecessor-version":[{"id":52794,"href":"https:\/\/radiozapatista.org\/index.php?rest_route=\/wp\/v2\/posts\/52792\/revisions\/52794"}],"wp:featuredmedia":[{"embeddable":true,"href":"https:\/\/radiozapatista.org\/index.php?rest_route=\/wp\/v2\/media\/52793"}],"wp:attachment":[{"href":"https:\/\/radiozapatista.org\/index.php?rest_route=%2Fwp%2Fv2%2Fmedia&parent=52792"}],"wp:term":[{"taxonomy":"category","embeddable":true,"href":"https:\/\/radiozapatista.org\/index.php?rest_route=%2Fwp%2Fv2%2Fcategories&post=52792"},{"taxonomy":"post_tag","embeddable":true,"href":"https:\/\/radiozapatista.org\/index.php?rest_route=%2Fwp%2Fv2%2Ftags&post=52792"}],"curies":[{"name":"wp","href":"https:\/\/api.w.org\/{rel}","templated":true}]}}