{"id":52786,"date":"2025-11-11T17:06:17","date_gmt":"2025-11-11T23:06:17","guid":{"rendered":"https:\/\/radiozapatista.org\/?p=52786"},"modified":"2025-11-11T17:07:04","modified_gmt":"2025-11-11T23:07:04","slug":"academicas-y-academicos-denuncian-violencia-contra-los-pueblos-y-criminalizacion-de-quien-defiende-la-vida-y-los-territorios","status":"publish","type":"post","link":"https:\/\/radiozapatista.org\/?p=52786","title":{"rendered":"Acad\u00e9micas y acad\u00e9micos denuncian violencia contra los pueblos y criminalizaci\u00f3n de quienes defienden la vida y los territorios"},"content":{"rendered":"\n<h3 class=\"wp-block-heading has-text-align-center\">DEFENDER LA VIDA, A LOS PUEBLOS Y A QUIENES LOS DEFIENDEN.<\/h3>\n\n\n\n<p>Como investigadorxs comprometidxs con el pensamiento cr\u00edtico, la defensa de los pueblos y la documentaci\u00f3n rigurosa de los procesos emancipatorios contempor\u00e1neos compartimos esta reflexi\u00f3n sobre los comunicados emitidos por el Congreso Nacional Ind\u00edgena (CNI), el Ej\u00e9rcito Zapatista de Liberaci\u00f3n Nacional (EZLN) y el Centro de Derechos Humanos Fray Bartolom\u00e9 de las Casas (Frayba), en los primeros d\u00edas de noviembre de 2025.<\/p>\n\n\n\n<p><strong>Punto 1. Violencia sistem\u00e1tica y continuidad de la guerra contra los pueblos.&nbsp;<\/strong><\/p>\n\n\n\n<p>El comunicado conjunto del CNI y el EZLN denuncia el ataque armado del 31 de octubre del a\u00f1o en curso contra integrantes del Consejo Ind\u00edgena y Popular de Guerrero\u2013Emiliano Zapata (CIPOG-EZ) y la Coordinadora Regional de Autoridades Comunitarias\u2013Polic\u00eda Comunitaria\u2013Pueblos Fundadores (CRAC-PC-PF). Este hecho, perpetrado por el grupo criminal Los Ardillos, se enmarca en una estrategia prolongada de violencia narco-paramilitar y despojo territorial que afecta a las comunidades de la Monta\u00f1a Baja de Guerrero. El texto responsabiliza a los tres niveles de gobierno por su complicidad e impunidad, aludiendo a la continuidad de la guerra contra los pueblos originarios, ahora bajo el discurso de la Cuarta Transformaci\u00f3n. Durante la \u00faltima d\u00e9cada, 66 integrantes del CIPOG-EZ han sido asesinados y 23 est\u00e1n desaparecidos, evidenciando una ofensiva sistem\u00e1tica que busca destruir la autonom\u00eda ind\u00edgena y castigar la organizaci\u00f3n comunitaria que defiende la vida.<\/p>\n\n\n\n<p><strong>Punto 2. Criminalizaci\u00f3n de defensores y deslegitimaci\u00f3n institucional.&nbsp;<\/strong><\/p>\n\n\n\n<p>El segundo comunicado, difundido por el peri\u00f3dico Desinform\u00e9monos y respaldado por la Red Nacional de Organismos Civiles de Derechos Humanos \u2018Todos los Derechos para Todas y Todos\u2019 (Red TDT) y el Centro de Derechos Humanos Fray Bartolom\u00e9 de las Casas (Frayba), denuncia las declaraciones de la diputada Judith Vanegas Tapia (del partido de Morena) contra el abogado y defensor del territorio Carlos Gonz\u00e1lez Garc\u00eda, asesor jur\u00eddico del CNI, a quien calific\u00f3 como \u2018enemigo hist\u00f3rico\u2019. El Frayba se\u00f1ala que tales expresiones, pronunciadas desde un espacio institucional, constituyen una forma de criminalizaci\u00f3n discursiva que pone en riesgo la integridad de quienes sostienen la defensa colectiva de los pueblos. El comunicado reivindica la trayectoria de Gonz\u00e1lez como jurista comprometido con la libre determinaci\u00f3n y la justicia comunitaria, y exige el cese inmediato de los discursos de hostigamiento y deslegitimaci\u00f3n hacia los defensores.<\/p>\n\n\n\n<p>Ambos comunicados revelan un mismo patr\u00f3n estructural: la violencia f\u00edsica y paramilitar contra comunidades organizadas, la estigmatizaci\u00f3n institucional y medi\u00e1tica de sus defensores, y el despojo territorial como parte de una reorganizaci\u00f3n neoliberal del espacio. Frente a ello, los pueblos y las organizaciones reafirman su compromiso \u00e9tico con la vida y la autonom\u00eda, sosteniendo que la dignidad y la palabra no ser\u00e1n silenciadas.<\/p>\n\n\n\n<p>Desde el <strong>Grupo de Trabajo CLACSO Cuerpos, territorios, resistencias<\/strong> reconocemos en estas luchas la continuidad del horizonte emancipador latinoamericano que busca reconstituir lo com\u00fan frente a la violencia del capital y la destrucci\u00f3n de los territorios.<\/p>\n\n\n\n<p>Expresamos nuestro en\u00e9rgico rechazo a las amenazas, difamaciones y actos de criminalizaci\u00f3n cometidos contra el abogado y defensor de los pueblos Carlos Gonz\u00e1lez Garc\u00eda, integrante fundador del Congreso Nacional Ind\u00edgena\u2013Concejo Ind\u00edgena de Gobierno (CNI-CIG).<\/p>\n\n\n\n<p>Carlos Gonz\u00e1lez Garc\u00eda ha acompa\u00f1ado procesos agrarios, auton\u00f3micos y jur\u00eddicos en Milpa Alta, Tl\u00e1huac, Xochimilco, Oaxaca y Chiapas; ha defendido el agua, la tierra, la educaci\u00f3n comunitaria y la organizaci\u00f3n aut\u00f3noma. Su ejercicio del derecho no responde al poder, sino al mandar obedeciendo, caminando junto a los pueblos que deciden por la autonom\u00eda y la vida.<\/p>\n\n\n\n<p>Nos solidarizamos con Carlos Gonz\u00e1lez Garc\u00eda y con todos los pueblos que defienden sus territorios frente al capital extractivista y las pol\u00edticas que, bajo discursos progresistas, y humanistas profundizan el despojo y la militarizaci\u00f3n.<\/p>\n\n\n\n<p><strong>Exigimos:<\/strong><\/p>\n\n\n\n<ul class=\"wp-block-list\">\n<li>Garant\u00edas de seguridad y libertad plena para Carlos Gonz\u00e1lez Garc\u00eda.<\/li>\n\n\n\n<li>Cese inmediato de la criminalizaci\u00f3n a defensoras y defensores de derechos colectivos.<\/li>\n\n\n\n<li>Respeto irrestricto a la autonom\u00eda de los pueblos originarios y a sus decisiones sobre sus territorios.<\/li>\n\n\n\n<li>Que las instituciones del Estado investiguen y sancionen las declaraciones amenazantes de la diputada Judith Vanegas Tapia.<\/li>\n<\/ul>\n\n\n\n<p>La historia latinoamericana nos recuerda que la defensa del territorio es defensa de la vida. En Brasil, en Palestina, en Sud\u00e1n o en M\u00e9xico, el necrocapitalismo se expresa con distintas m\u00e1scaras: masacres, despojos, hostigamientos. Pero en todas partes los pueblos resisten.<\/p>\n\n\n\n<p>Reafirmamos que el derecho a la vida y al territorio no se mendiga: se ejerce y se defiende.<\/p>\n\n\n\n<p class=\"has-text-align-center\"><strong>\u00a1Todo nuestro respaldo y solidaridad con Carlos Gonz\u00e1lez Garc\u00eda!<\/strong><\/p>\n\n\n\n<p class=\"has-text-align-center\"><strong>\u00a1Alto a la persecuci\u00f3n contra quienes defienden la tierra y la vida!<\/strong><\/p>\n\n\n\n<p class=\"has-text-align-center\"><strong>\u00a1Contra el necrocapitalismo y la criminalizaci\u00f3n, los pueblos siguen caminando la dignidad!<\/strong><\/p>\n\n\n\n<p class=\"has-text-align-right\"><strong>Planeta tierra<br>10 de noviembre de 2025<br><a href=\"https:\/\/www.clacso.org\/grupos-de-trabajo\/grupos-de-trabajo-2023-2025\/?pag=detalle&amp;refe=2&amp;ficha=2428\" target=\"_blank\" rel=\"noreferrer noopener\">Grupo de Trabajo CLACSO Cuerpos, territorios, resistencias<\/a><\/strong><\/p>\n","protected":false},"excerpt":{"rendered":"<p>DEFENDER LA VIDA, A LOS PUEBLOS Y A QUIENES LOS DEFIENDEN. Como investigadorxs comprometidxs con el pensamiento cr\u00edtico, la defensa de los pueblos y la documentaci\u00f3n rigurosa de los procesos emancipatorios contempor\u00e1neos compartimos esta reflexi\u00f3n sobre los comunicados emitidos por el Congreso Nacional Ind\u00edgena (CNI), el Ej\u00e9rcito Zapatista de Liberaci\u00f3n Nacional (EZLN) y el Centro [&hellip;]<\/p>\n","protected":false},"author":1,"featured_media":52675,"comment_status":"open","ping_status":"closed","sticky":false,"template":"","format":"standard","meta":{"footnotes":""},"categories":[957,1024,826,954],"tags":[1288,1269,63,554,1061,284,926,912],"class_list":["post-52786","post","type-post","status-publish","format-standard","has-post-thumbnail","hentry","category-autonomia","category-cni-temas","category-medios-libres-2","category-mexico","tag-4t","tag-cipog-ez","tag-cni","tag-crac","tag-crimen-organizado","tag-criminalizacion","tag-ezln","tag-narcoestado"],"_links":{"self":[{"href":"https:\/\/radiozapatista.org\/index.php?rest_route=\/wp\/v2\/posts\/52786","targetHints":{"allow":["GET"]}}],"collection":[{"href":"https:\/\/radiozapatista.org\/index.php?rest_route=\/wp\/v2\/posts"}],"about":[{"href":"https:\/\/radiozapatista.org\/index.php?rest_route=\/wp\/v2\/types\/post"}],"author":[{"embeddable":true,"href":"https:\/\/radiozapatista.org\/index.php?rest_route=\/wp\/v2\/users\/1"}],"replies":[{"embeddable":true,"href":"https:\/\/radiozapatista.org\/index.php?rest_route=%2Fwp%2Fv2%2Fcomments&post=52786"}],"version-history":[{"count":2,"href":"https:\/\/radiozapatista.org\/index.php?rest_route=\/wp\/v2\/posts\/52786\/revisions"}],"predecessor-version":[{"id":52788,"href":"https:\/\/radiozapatista.org\/index.php?rest_route=\/wp\/v2\/posts\/52786\/revisions\/52788"}],"wp:featuredmedia":[{"embeddable":true,"href":"https:\/\/radiozapatista.org\/index.php?rest_route=\/wp\/v2\/media\/52675"}],"wp:attachment":[{"href":"https:\/\/radiozapatista.org\/index.php?rest_route=%2Fwp%2Fv2%2Fmedia&parent=52786"}],"wp:term":[{"taxonomy":"category","embeddable":true,"href":"https:\/\/radiozapatista.org\/index.php?rest_route=%2Fwp%2Fv2%2Fcategories&post=52786"},{"taxonomy":"post_tag","embeddable":true,"href":"https:\/\/radiozapatista.org\/index.php?rest_route=%2Fwp%2Fv2%2Ftags&post=52786"}],"curies":[{"name":"wp","href":"https:\/\/api.w.org\/{rel}","templated":true}]}}