{"id":52783,"date":"2025-11-11T12:14:20","date_gmt":"2025-11-11T18:14:20","guid":{"rendered":"https:\/\/radiozapatista.org\/?p=52783"},"modified":"2025-11-11T12:14:21","modified_gmt":"2025-11-11T18:14:21","slug":"plan-michoacan-discriminatorio-unilateral-y-enganoso-comunidades-indigenas-csim","status":"publish","type":"post","link":"https:\/\/radiozapatista.org\/?p=52783","title":{"rendered":"Plan Michoac\u00e1n, discriminatorio, unilateral y enga\u00f1oso: Comunidades ind\u00edgenas #CSIM\u00a0"},"content":{"rendered":"\n<p>PLAN MICHOAC\u00c1N: DISCRIMINATORIO, UNILATERAL Y ENGA\u00d1OSO<\/p>\n\n\n\n<p>AL GOBIERNO DE LA REP\u00daBLICA MEXICANA<\/p>\n\n\n\n<p>AL GOBIERNO DE MICHOAC\u00c1N<\/p>\n\n\n\n<p>A LAS COMUNIDADES ORIGINARIAS<\/p>\n\n\n\n<p>AL PUEBLO DE M\u00c9XICO Y DE MICHOAC\u00c1N<\/p>\n\n\n\n<p>A LOS MEDIOS DE COMUNICACI\u00d3N<\/p>\n\n\n\n<p>Comunidades ind\u00edgenas y afrodescendientes de Michoac\u00e1n a 10 de noviembre de 2025.<\/p>\n\n\n\n<p>K\u00b4eri Kunkorhekua Iretecheri, el Consejo Supremo Ind\u00edgena de Michoac\u00e1n #CSIM, consejo libre y aut\u00f3nomo, independiente de gobiernos, partidos pol\u00edticos y \u00f3rdenes religiosas, conformado por autoridades tradicionales de 80 comunidades de los Pueblos P\u2019urh\u00e9pecha, Otom\u00ed o H\u00f1ah\u00f1\u00fa, Matlazinca o Pirinda, Nahuatl y Afromexicanos, manifestamos conjuntamente lo siguiente:<\/p>\n\n\n\n<p>Gobiernos de diversos partidos pol\u00edticos han gobernado M\u00e9xico y Michoac\u00e1n y ninguno ha podido resolver la crisis de inseguridad, violencia y derechos humanos en que vivimos. Hist\u00f3ricamente han convertido a nuestra entidad en un laboratorio de \u201cpol\u00edticas de seguridad\u201d y \u201cplanes nacionales y estatales\u201d, desde la \u201cguerra contra el narco\u201d con el \u201cOperativo Conjunto Michoac\u00e1n\u201d, pasando por la \u201cComisi\u00f3n para la Seguridad y el Desarrollo Integral de Michoac\u00e1n\u201d con la imposici\u00f3n de un \u201cVirrey\u201d, hasta el \u201cPlan de Justicia P\u2019urh\u00e8pecha\u201d, el \u201cPlan L\u00e1zaro C\u00e1rdenas del R\u00edo\u201d y ahora el \u201cPlan Michoac\u00e1n por la Paz y la Justicia\u201d, en este contexto, estamos cansados y hartos de tanta incapacidad, inseguridad, injusticia e impunidad sist\u00e9mica.<\/p>\n\n\n\n<p>Ante la conformaci\u00f3n del Plan Michoac\u00e1n, exigimos en\u00e9rgicamente al Estado mexicano, que no sea un acto de simulaci\u00f3n como lo que acontece con el \u201cPlan de Justicia del Pueblo P\u2019urh\u00e9pecha\u201d donde no tiene un presupuesto propio para su operaci\u00f3n, ni brinda ninguna justicia, toda vez que las comunidades solicitaron la creaci\u00f3n de una Comisi\u00f3n de la Verdad y la Justicia para los Desaparecidos, Asesinados y Encarcelados de los Pueblos Ind\u00edgenas, esto para los m\u00e1s de 70 casos de autoridades tradicionales y comuneros que han sido reprimidos o criminalizados por defender los bosques, el territorio o sus comunidades, sin embargo, a la fecha no ha sido instituida, ni mucho menos, hay obras de infraestructura realizadas o acciones de alto impactos para los pueblos. De igual forma, solicitamos el inicio y acompa\u00f1amiento de un juicio internacional en contra de la Corona Espa\u00f1ola por el genocidio, saqueo y brutal explotaci\u00f3n que signific\u00f3 el periodo colonial, pero el Gobierno Federal se ha mostrado incapaz ante esta solicitud hist\u00f3rica.<\/p>\n\n\n\n<p>Ahora, denunciamos p\u00fablicamente que para la conformaci\u00f3n del Plan Michoac\u00e1n, no fueron consultadas debidamente las comunidades, toda vez que \u00fanicamente convocaron a 48 de 500 que existen en la entidad, d\u00e1ndoles \u00fanicamente una \u201cparticipaci\u00f3n\u201d de 2 minutos por cada pueblo para exponer sus problemas. As\u00ed mismo, manifestamos que ninguna de las propuestas de las comunidades con autogobierno, fueron tomadas en cuenta en este plan, tales como el reconocimiento constitucional de los Jueces Tradicionales, el incremento en los fondos de seguridad comunales, la dotaci\u00f3n de armamento y equipamiento, la formaci\u00f3n de un cuerpo de seguridad para cuidar los bosques o la instauraci\u00f3n de las Bases de Operaciones Interinstitucionales, entre otras sentidas demandas \u00bfPara que simulan consultar a los pueblos ind\u00edgenas? \u00bfPor qu\u00e9 solo convocan a algunas comunidades?<\/p>\n\n\n\n<p>En s\u00edntesis, el Plan Michoac\u00e1n es discriminatorio, unilateral y enga\u00f1oso, por lo que exigimos categ\u00f3ricamente que se consulte apropiadamente a todos los pueblos originarios y se incorporen sus exigencias, finalmente, invitamos a todas las comunidades a movilizarnos hasta lograr sea respetada su palabra.<\/p>\n\n\n\n<p>Consejo Supremo Ind\u00edgena de Michoac\u00e1n #CSIM<\/p>\n","protected":false},"excerpt":{"rendered":"<p>PLAN MICHOAC\u00c1N: DISCRIMINATORIO, UNILATERAL Y ENGA\u00d1OSO AL GOBIERNO DE LA REP\u00daBLICA MEXICANA AL GOBIERNO DE MICHOAC\u00c1N A LAS COMUNIDADES ORIGINARIAS AL PUEBLO DE M\u00c9XICO Y DE MICHOAC\u00c1N A LOS MEDIOS DE COMUNICACI\u00d3N Comunidades ind\u00edgenas y afrodescendientes de Michoac\u00e1n a 10 de noviembre de 2025. K\u00b4eri Kunkorhekua Iretecheri, el Consejo Supremo Ind\u00edgena de Michoac\u00e1n #CSIM, consejo [&hellip;]<\/p>\n","protected":false},"author":21,"featured_media":52784,"comment_status":"open","ping_status":"closed","sticky":false,"template":"","format":"standard","meta":{"footnotes":""},"categories":[957,51,1498,958,954,935],"tags":[58,53,567,549,147,23,545,27,483],"class_list":["post-52783","post","type-post","status-publish","format-standard","has-post-thumbnail","hentry","category-autonomia","category-autor","category-desaparecidos","category-megaproyectos","category-mexico","category-temas","tag-derechos-humanos","tag-justicia","tag-megaproyectos","tag-michoacan","tag-militarizacion","tag-paramilitares","tag-pueblos-indigenas","tag-solidaridad","tag-tierra-y-territorio"],"_links":{"self":[{"href":"https:\/\/radiozapatista.org\/index.php?rest_route=\/wp\/v2\/posts\/52783","targetHints":{"allow":["GET"]}}],"collection":[{"href":"https:\/\/radiozapatista.org\/index.php?rest_route=\/wp\/v2\/posts"}],"about":[{"href":"https:\/\/radiozapatista.org\/index.php?rest_route=\/wp\/v2\/types\/post"}],"author":[{"embeddable":true,"href":"https:\/\/radiozapatista.org\/index.php?rest_route=\/wp\/v2\/users\/21"}],"replies":[{"embeddable":true,"href":"https:\/\/radiozapatista.org\/index.php?rest_route=%2Fwp%2Fv2%2Fcomments&post=52783"}],"version-history":[{"count":1,"href":"https:\/\/radiozapatista.org\/index.php?rest_route=\/wp\/v2\/posts\/52783\/revisions"}],"predecessor-version":[{"id":52785,"href":"https:\/\/radiozapatista.org\/index.php?rest_route=\/wp\/v2\/posts\/52783\/revisions\/52785"}],"wp:featuredmedia":[{"embeddable":true,"href":"https:\/\/radiozapatista.org\/index.php?rest_route=\/wp\/v2\/media\/52784"}],"wp:attachment":[{"href":"https:\/\/radiozapatista.org\/index.php?rest_route=%2Fwp%2Fv2%2Fmedia&parent=52783"}],"wp:term":[{"taxonomy":"category","embeddable":true,"href":"https:\/\/radiozapatista.org\/index.php?rest_route=%2Fwp%2Fv2%2Fcategories&post=52783"},{"taxonomy":"post_tag","embeddable":true,"href":"https:\/\/radiozapatista.org\/index.php?rest_route=%2Fwp%2Fv2%2Ftags&post=52783"}],"curies":[{"name":"wp","href":"https:\/\/api.w.org\/{rel}","templated":true}]}}