{"id":52772,"date":"2025-11-10T19:56:57","date_gmt":"2025-11-11T01:56:57","guid":{"rendered":"https:\/\/radiozapatista.org\/?p=52772"},"modified":"2025-11-10T19:56:59","modified_gmt":"2025-11-11T01:56:59","slug":"amazonia-asesinan-a-profesor-y-luchador-por-educacion-intercultural-bilingue","status":"publish","type":"post","link":"https:\/\/radiozapatista.org\/?p=52772","title":{"rendered":"Amazon\u00eda: asesinan a profesor y luchador por educaci\u00f3n intercultural biling\u00fce"},"content":{"rendered":"\n<p>Fuente: <a href=\"https:\/\/avispa.org\/amazonia-asesinan-a-profesor-y-luchador-por-educacion-intercultural-bilingue\/\">Avispa Midia<\/a><\/p>\n\n\n\n<p>Por Javier Bed\u00eda Prado<\/p>\n\n\n\n<p>El profesor ind\u00edgena Isai Shuuk Shawit fue asesinado en la provincia de Datem del Mara\u00f1\u00f3n (regi\u00f3n Loreto), en la Amazon\u00eda peruana.&nbsp;<\/p>\n\n\n\n<p>El dirigente del pueblo Awaj\u00fan, presidente de la Coordinadora Regional de Maestros Ind\u00edgenas (CORMI), luchaba por la educaci\u00f3n intercultural biling\u00fce y los derechos de los docentes de comunidades originarias.&nbsp;<\/p>\n\n\n\n<p>El entorno de la v\u00edctima denuncia que recibi\u00f3 amenazas por su defensa de las plazas de docencia biling\u00fce, las que el Estado ha desfinanciado e intentado reducir en los \u00faltimos a\u00f1os.<\/p>\n\n\n\n<p>Isai viv\u00eda en la comunidad nativa Sachapapa, distrito de Manseriche. Loreto es una de las regiones m\u00e1s peligrosas para l\u00edderes de pueblos ind\u00edgenas en el Per\u00fa. Actualmente, hay&nbsp;<a href=\"https:\/\/cooperaccion.org.pe\/defensores-y-defensoras-ambientales-presentan-agenda-nacional-para-proteger-la-vida-y-la-democracia\">al menos 226 defensores en riesgo<\/a>&nbsp;en todo el pa\u00eds, principalmente en la Amazon\u00eda. El cuerpo del luchador social fue encontrado con signos de violencia, la madrugada del viernes 7 de noviembre, en la carretera Pastaza.&nbsp;<\/p>\n\n\n\n<p>\u201cSu compromiso con la educaci\u00f3n intercultural biling\u00fce y la defensa de los derechos de los docentes ind\u00edgenas&nbsp;deja un legado de lucha&nbsp;y servicio a su pueblo. La vida de cada dirigente y defensor ind\u00edgena es valiosa y debe ser protegida\u201d, manifest\u00f3 el Gobierno Territorial Aut\u00f3nomo Awaj\u00fan en un comunicado.<\/p>\n\n\n\n<h3 class=\"wp-block-heading\" id=\"h-proyectos-de-ley-contra-educacion-intercultural\"><strong>Proyectos de ley contra educaci\u00f3n intercultural<\/strong><\/h3>\n\n\n\n<p>En el Congreso se present\u00f3 en 2024 un proyecto de ley para aprobar el nombramiento excepcional de docentes que solo hablan espa\u00f1ol en plazas de educaci\u00f3n intercultural biling\u00fce.&nbsp;&nbsp;Este a\u00f1o las organizaciones ind\u00edgenas vienen protestando contra la propuesta legislativa.&nbsp;&nbsp;<\/p>\n\n\n\n<p>\u201cEstamos dispuestos a defender hasta las \u00faltimas consecuencias nuestra abnegada Educaci\u00f3n Intercultural Biling\u00fce (EIB) porque desde generaciones nos la heredaron nuestros antepasados\u201d, expres\u00f3 la Organizaci\u00f3n de Maestros Biling\u00fces Nomatsigenga y Ashaninka de Pangoa (Omabinoap).<\/p>\n\n\n\n<p>En ninguna comunidad de la Amazon\u00eda peruana se cumple por completo el modelo de Educaci\u00f3n Intercultural Biling\u00fce, de acuerdo a un informe de la ONU para la Educaci\u00f3n, la Ciencia y la Cultura (Unesco). Solo el 20% de estudiantes ind\u00edgenas de nivel inicial y primario acceden a escuelas con docentes que hablan su lengua originaria y recursos educativos enfocados en su identidad cultural.<\/p>\n\n\n\n<p>En 2022, el Ministerio de Educaci\u00f3n anul\u00f3 el dominio de la lengua originaria, formaci\u00f3n en educaci\u00f3n intercultural y conocimiento de la cultura local como requisitos para postular a plazas de EIB. Las protestas en la Amazon\u00eda y comunidades andinas consiguieron que el Ejecutivo elimine las modificaciones.&nbsp;<\/p>\n\n\n\n<p>Las organizaciones ind\u00edgenas defienden la educaci\u00f3n biling\u00fce como una prioridad en sus plataformas de luchas. Esperan los resultados que determinen las causas de muerte, realizados en otra regi\u00f3n debido a que en Datem del Mara\u00f1\u00f3n no cuentan con medicina forense.&nbsp;<\/p>\n","protected":false},"excerpt":{"rendered":"<p>Fuente: Avispa Midia Por Javier Bed\u00eda Prado El profesor ind\u00edgena Isai Shuuk Shawit fue asesinado en la provincia de Datem del Mara\u00f1\u00f3n (regi\u00f3n Loreto), en la Amazon\u00eda peruana.&nbsp; El dirigente del pueblo Awaj\u00fan, presidente de la Coordinadora Regional de Maestros Ind\u00edgenas (CORMI), luchaba por la educaci\u00f3n intercultural biling\u00fce y los derechos de los docentes de [&hellip;]<\/p>\n","protected":false},"author":21,"featured_media":52773,"comment_status":"open","ping_status":"closed","sticky":false,"template":"","format":"standard","meta":{"footnotes":""},"categories":[957,51,1284,826,958,935],"tags":[1160,58,53,567,147,23,545,87,148,27,483],"class_list":["post-52772","post","type-post","status-publish","format-standard","has-post-thumbnail","hentry","category-autonomia","category-autor","category-latinoamerica","category-medios-libres-2","category-megaproyectos","category-temas","tag-amazonia","tag-derechos-humanos","tag-justicia","tag-megaproyectos","tag-militarizacion","tag-paramilitares","tag-pueblos-indigenas","tag-represion","tag-resistencia","tag-solidaridad","tag-tierra-y-territorio"],"_links":{"self":[{"href":"https:\/\/radiozapatista.org\/index.php?rest_route=\/wp\/v2\/posts\/52772","targetHints":{"allow":["GET"]}}],"collection":[{"href":"https:\/\/radiozapatista.org\/index.php?rest_route=\/wp\/v2\/posts"}],"about":[{"href":"https:\/\/radiozapatista.org\/index.php?rest_route=\/wp\/v2\/types\/post"}],"author":[{"embeddable":true,"href":"https:\/\/radiozapatista.org\/index.php?rest_route=\/wp\/v2\/users\/21"}],"replies":[{"embeddable":true,"href":"https:\/\/radiozapatista.org\/index.php?rest_route=%2Fwp%2Fv2%2Fcomments&post=52772"}],"version-history":[{"count":1,"href":"https:\/\/radiozapatista.org\/index.php?rest_route=\/wp\/v2\/posts\/52772\/revisions"}],"predecessor-version":[{"id":52774,"href":"https:\/\/radiozapatista.org\/index.php?rest_route=\/wp\/v2\/posts\/52772\/revisions\/52774"}],"wp:featuredmedia":[{"embeddable":true,"href":"https:\/\/radiozapatista.org\/index.php?rest_route=\/wp\/v2\/media\/52773"}],"wp:attachment":[{"href":"https:\/\/radiozapatista.org\/index.php?rest_route=%2Fwp%2Fv2%2Fmedia&parent=52772"}],"wp:term":[{"taxonomy":"category","embeddable":true,"href":"https:\/\/radiozapatista.org\/index.php?rest_route=%2Fwp%2Fv2%2Fcategories&post=52772"},{"taxonomy":"post_tag","embeddable":true,"href":"https:\/\/radiozapatista.org\/index.php?rest_route=%2Fwp%2Fv2%2Ftags&post=52772"}],"curies":[{"name":"wp","href":"https:\/\/api.w.org\/{rel}","templated":true}]}}