{"id":52764,"date":"2025-11-07T09:31:23","date_gmt":"2025-11-07T15:31:23","guid":{"rendered":"https:\/\/radiozapatista.org\/?p=52764"},"modified":"2025-11-07T09:31:24","modified_gmt":"2025-11-07T15:31:24","slug":"delegacion-internacional-urge-a-mexico-a-garantizar-derechos-humanos-y-fortalecer-el-dialogo-con-sociedad-civil","status":"publish","type":"post","link":"https:\/\/radiozapatista.org\/?p=52764","title":{"rendered":"Delegaci\u00f3n internacional urge a M\u00e9xico a garantizar derechos humanos y fortalecer el di\u00e1logo con sociedad civil"},"content":{"rendered":"\n<p class=\"has-text-align-center\"><strong>Delegaci\u00f3n internacional urge a M\u00e9xico a garantizar derechos humanos y fortalecer el di\u00e1logo con sociedad civil<\/strong><\/p>\n\n\n\n<p class=\"has-text-align-right\"><strong>Bolet\u00edn de prensa<\/strong><br>Tuxtla Guti\u00e9rrez, Chiapas \u2013 6 de noviembre de 2025<\/p>\n\n\n\n<p>La delegaci\u00f3n internacional conformada por europarlamentarias, organizaciones solidarias de Europa, la Agencia Catalana de Cooperaci\u00f3n, el Fons Catal\u00e0 de Cooperaci\u00f3, el Consejo de la Abogac\u00eda de Catalu\u00f1a, la Federaci\u00f3n Interamericana de la Abogac\u00eda, la Asociaci\u00f3n Libre de Mujeres Abogadas, el Colegio de Abogados de Bolonia (Italia) y las asociaciones Mujeres Pa\u2019lante y La Garriga Sociedad Civil de Catalu\u00f1a concluy\u00f3 este d\u00eda su viaje de cooperaci\u00f3n e intercambio en M\u00e9xico.<\/p>\n\n\n\n<p>La visita se desarroll\u00f3 del&nbsp;29 de octubre al 6 de noviembre, con actividades en el Estado de M\u00e9xico, Ciudad de M\u00e9xico, Tapachula, San Crist\u00f3bal de las Casas y Tuxtla Guti\u00e9rrez.<\/p>\n\n\n\n<p>Durante el recorrido, la delegaci\u00f3n sostuvo reuniones con autoridades gubernamentales \u2014entre ellas la Secretar\u00eda de Relaciones Exteriores (SRE), la Secretar\u00eda de Gobernaci\u00f3n, la C\u00e1mara de Diputados y la Comisi\u00f3n Mexicana de Ayuda a Refugiados (COMAR)\u2014 con el objetivo de conocer las acciones implementadas a favor de los derechos humanos, especialmente en lo relativo a personas migrantes y refugiadas, ni\u00f1ez y juventudes, personas defensoras de derechos humanos y periodistas.<\/p>\n\n\n\n<p>Asimismo, se realizaron encuentros con&nbsp;organizaciones de la sociedad civil, colectivos y personas defensoras, para conocer de primera mano el contexto actual de derechos humanos en M\u00e9xico y los riesgos que enfrentan quienes defienden la vida, el territorio, la justicia y la libertad de expresi\u00f3n. Las organizaciones compartieron propuestas para revertir la persistente violencia que aqueja a diversas regiones del pa\u00eds.<\/p>\n\n\n\n<p>\u201cEstas acciones de cooperaci\u00f3n, solidaridad y respaldo pol\u00edtico son fundamentales para las organizaciones locales, as\u00ed como el di\u00e1logo sostenido con las instancias de gobierno\u201d, expres\u00f3 Fr.&nbsp;Ra\u00fal Vera, presidente del&nbsp;Centro de Derechos Humanos Fray Bartolom\u00e9 de las Casas.<\/p>\n\n\n\n<p>La delegaci\u00f3n manifest\u00f3 su profunda preocupaci\u00f3n por la&nbsp;persistente violencia contra personas defensoras y periodistas, as\u00ed como por la&nbsp;creciente violencia en Chiapas, que ha afectado gravemente a comunidades y pueblos ind\u00edgenas. Desde 2023 a la fecha han sido documentados al menos 47 asesinatos a personas defensoras de derechos humanos y 14 periodistas en posible relaci\u00f3n con su labor, de acuerdo con informaci\u00f3n de organizaciones que integran el Espacio OSC para la Protecci\u00f3n de Personas Defensoras de Derechos Humanos y Periodistas. De esas, 16 ten\u00edan medidas de protecci\u00f3n vigentes al momento de los hechos.&nbsp;<\/p>\n\n\n\n<p>Tambi\u00e9n expresaron su inquietud ante la fabricaci\u00f3n de culpables en el sistema de administraci\u00f3n de justicia, como es el caso de Yonny Ronay, joven chiapaneco condenado bajo graves faltas al debido proceso y actos de tortura; por la&nbsp;criminalizaci\u00f3n de personas defensoras, como la abogada amuzga&nbsp;Kenia Hern\u00e1ndez, quien permanece privada de la libertad desde hace cinco a\u00f1os por ejercer su labor en defensa de los derechos de las mujeres, los pueblos originarios; y por los&nbsp;cinco defensores tseltales de San Juan Cancuc, presos por defender su territorio frente a megaproyectos y la militarizaci\u00f3n. En M\u00e9xico, al menos&nbsp;103,991&nbsp;personas se encuentran detenidas en centros penitenciarios a nivel federal y estatal sin sentencia[1].&nbsp;<\/p>\n\n\n\n<p>De igual forma, externaron su preocupaci\u00f3n por la&nbsp;pol\u00edtica migratoria y asilo, as\u00ed como por la&nbsp;militarizaci\u00f3n impuesta para el control de fronteras, que ha derivado en graves afectaciones a los derechos de las personas en movilidad e incrementado los riesgos para quienes las acompa\u00f1an y defienden.&nbsp;En 2024, M\u00e9xico recibi\u00f3 cerca de 80.000&nbsp;nuevas solicitudes de asilo, seg\u00fan un informe de ACNUR.&nbsp;<\/p>\n\n\n\n<p>\u201cSeguiremos cooperando por sociedades m\u00e1s justas e igualitarias, donde la solidaridad sea el principal lazo que nos una\u201d, se\u00f1al\u00f3\u00a0Diana Riba i Giner, europarlamentaria.<\/p>\n\n\n\n<p>Las europarlamentarias y organizaciones subrayaron&nbsp;que las&nbsp;acciones de pacificaci\u00f3n implementadas en Chiapas no han generado los resultados esperados, e hicieron un llamado urgente a una revisi\u00f3n integral de dichas estrategias para garantizar condiciones reales de seguridad, justicia y bienestar para la poblaci\u00f3n.<\/p>\n\n\n\n<p>La delegaci\u00f3n destac\u00f3 la importancia de fortalecer la&nbsp;coordinaci\u00f3n interinstitucional&nbsp;en el marco del respeto y protecci\u00f3n de los derechos humanos, e hizo un llamado a los tres niveles de gobierno para realizar esfuerzos conjuntos que incluyan la participaci\u00f3n activa de la sociedad civil.<\/p>\n\n\n\n<p>\u201cLas mujeres defensoras enfrentan violencias diferenciadas que reflejan el contexto racista y patriarcal en el que desarrollan su labor. Es urgente garantizar su protecci\u00f3n \u00a0integral, en especial la de las madres buscadoras y de las defensoras de los derechos de las mujeres y de las personas migrantes\u201d, subray\u00f3\u00a0Diana Dami\u00e1n, de la\u00a0Red Nacional de Defensoras de Derechos Humanos.<\/p>\n\n\n\n<p>La delegaci\u00f3n reconoci\u00f3 la valiosa labor de las personas defensoras y organizaciones que, pese al contexto adverso, contin\u00faan generando espacios de di\u00e1logo y construcci\u00f3n de paz, elaborando diagn\u00f3sticos, propuestas t\u00e9cnicas y estrategias para transformar las realidades que afectan a comunidades y grupos en situaci\u00f3n de riesgo.<\/p>\n\n\n\n<p><br><strong>Contactos de prensa:<\/strong>&nbsp;<\/p>\n\n\n\n<p>Sandra Suaste Avila- Coordinaci\u00f3n de comunicaci\u00f3n de la Red TDT <a href=\"mailto:comunicacion@redtdt.org.mx\">comunicacion@redtdt.org.mx<\/a> \u00a0<a href=\"tel:+525641601331\">+525641601331<\/a><\/p>\n\n\n\n<p>Espacioosc@gmail.com \u2013&nbsp;<a href=\"tel:+52%20444%20434%2007%2097\">+52 444 434 07 97<\/a><\/p>\n\n\n\n<p><a href=\"https:\/\/frayba.org.mx\/sites\/default\/files\/2025-11\/Boletin%20de%20prensa%20Tejer%20Dialogos%20Conferencia%281%29.pdf\">Descarga el Bolet\u00edn de Prensa en PDF <\/a>(275.66 KB)<\/p>\n","protected":false},"excerpt":{"rendered":"<p>Delegaci\u00f3n internacional urge a M\u00e9xico a garantizar derechos humanos y fortalecer el di\u00e1logo con sociedad civil Bolet\u00edn de prensaTuxtla Guti\u00e9rrez, Chiapas \u2013 6 de noviembre de 2025 La delegaci\u00f3n internacional conformada por europarlamentarias, organizaciones solidarias de Europa, la Agencia Catalana de Cooperaci\u00f3n, el Fons Catal\u00e0 de Cooperaci\u00f3, el Consejo de la Abogac\u00eda de Catalu\u00f1a, la [&hellip;]<\/p>\n","protected":false},"author":1,"featured_media":52765,"comment_status":"open","ping_status":"closed","sticky":false,"template":"","format":"standard","meta":{"footnotes":""},"categories":[6,55,954,961,962],"tags":[917,58,53,30,41,37,511],"class_list":["post-52764","post","type-post","status-publish","format-standard","has-post-thumbnail","hentry","category-chiapas","category-frayba","category-mexico","category-mujeres","category-presos","tag-chiapas","tag-derechos-humanos","tag-justicia","tag-migracion","tag-mujeres","tag-presos-politicos","tag-violencia"],"_links":{"self":[{"href":"https:\/\/radiozapatista.org\/index.php?rest_route=\/wp\/v2\/posts\/52764","targetHints":{"allow":["GET"]}}],"collection":[{"href":"https:\/\/radiozapatista.org\/index.php?rest_route=\/wp\/v2\/posts"}],"about":[{"href":"https:\/\/radiozapatista.org\/index.php?rest_route=\/wp\/v2\/types\/post"}],"author":[{"embeddable":true,"href":"https:\/\/radiozapatista.org\/index.php?rest_route=\/wp\/v2\/users\/1"}],"replies":[{"embeddable":true,"href":"https:\/\/radiozapatista.org\/index.php?rest_route=%2Fwp%2Fv2%2Fcomments&post=52764"}],"version-history":[{"count":1,"href":"https:\/\/radiozapatista.org\/index.php?rest_route=\/wp\/v2\/posts\/52764\/revisions"}],"predecessor-version":[{"id":52766,"href":"https:\/\/radiozapatista.org\/index.php?rest_route=\/wp\/v2\/posts\/52764\/revisions\/52766"}],"wp:featuredmedia":[{"embeddable":true,"href":"https:\/\/radiozapatista.org\/index.php?rest_route=\/wp\/v2\/media\/52765"}],"wp:attachment":[{"href":"https:\/\/radiozapatista.org\/index.php?rest_route=%2Fwp%2Fv2%2Fmedia&parent=52764"}],"wp:term":[{"taxonomy":"category","embeddable":true,"href":"https:\/\/radiozapatista.org\/index.php?rest_route=%2Fwp%2Fv2%2Fcategories&post=52764"},{"taxonomy":"post_tag","embeddable":true,"href":"https:\/\/radiozapatista.org\/index.php?rest_route=%2Fwp%2Fv2%2Ftags&post=52764"}],"curies":[{"name":"wp","href":"https:\/\/api.w.org\/{rel}","templated":true}]}}