{"id":52756,"date":"2025-11-07T08:45:06","date_gmt":"2025-11-07T14:45:06","guid":{"rendered":"https:\/\/radiozapatista.org\/?p=52756"},"modified":"2025-11-07T08:45:07","modified_gmt":"2025-11-07T14:45:07","slug":"pronunciamiento-del-movimiento-de-pueblos-olvidados-de-la-canada-mapoc-desde-la-sierra-mazateca-en-respaldo-al-licenciado-carlos-gonzalez-garcia-ante-las-amenazas-de-la-diputada-judith-vanegas-tapi","status":"publish","type":"post","link":"https:\/\/radiozapatista.org\/?p=52756","title":{"rendered":"Pronunciamiento del Movimiento de Pueblos Olvidados de la Ca\u00f1ada (MAPOC) desde la Sierra Mazateca. En respaldo al licenciado Carlos Gonz\u00e1lez Garc\u00eda ante las amenazas de la diputada Judith Vanegas Tapia"},"content":{"rendered":"\n<p>Al pueblo de M\u00e9xico,<br>A los pueblos originarios y comunidades en defensa de la vida y el territorio<br>Al Congreso Nacional Indigena<br>Al Ej\u00e9rcito Zapatista de Liberaci\u00f3n Nacional <br>A las organizaciones, colectivos y medios libres.<\/p>\n\n\n\n<p>Desde la Sierra Mazateca a trav\u00e9s del Movimiento de Pueblos Olvidados de la Ca\u00f1ada (MAPOC) expresamos nuestro respaldo, respeto y solidaridad con el licenciado Carlos Gonz\u00e1lez Garc\u00eda, ante las amenazas y se\u00f1alamientos p\u00fablicos realizados por la diputada Judith Vanegas Tapia el pasado 30 de octubre de 2025, durante una mesa de trabajo del Instituto de Planeaci\u00f3n Democr\u00e1tica y Prospectiva de la Ciudad de M\u00e9xico.<\/p>\n\n\n\n<p>En dicho espacio, la diputada Vanegas utiliz\u00f3 su posici\u00f3n p\u00fablica para criminalizar, difamar y amenazar al abogado Carlos Gonz\u00e1lez, tergiversando su papel como defensor del territorio y acus\u00e1ndolo de \u201clevantar a los pueblos\u201d en oposici\u00f3n al gobierno.<\/p>\n\n\n\n<p>Estas declaraciones, cargadas de odio y desprecio hacia los pueblos originarios, ponen en riesgo la seguridad, la vida y la integridad de nuestro compa\u00f1ero, as\u00ed como la de quienes luchan por sus derechos colectivos.<\/p>\n\n\n\n<p>El licenciado Carlos Gonz\u00e1lez Garc\u00eda es abogado especialista en derecho agrario y miembro y fundador del Congreso Nacional Ind\u00edgena\u2013Concejo Ind\u00edgena de Gobierno (CNI\u2013CIG).<\/p>\n\n\n\n<p>A lo largo de m\u00e1s de tres d\u00e9cadas, ha acompa\u00f1ado procesos de defensa territorial, agraria y auton\u00f3mica en diversas regiones del pa\u00eds, desde una pr\u00e1ctica del derecho militante, caminando junto a los pueblos, no por encima de ellos.<\/p>\n\n\n\n<p>Su labor ha sido clave en la defensa jur\u00eddica y pol\u00edtica frente a los abusos del poder, acompa\u00f1ando a comunidades de Milpa Alta, Tl\u00e1huac, Xochimilco, Oaxaca, Chiapas y otros territorios donde los malos gobiernos, sin distinci\u00f3n de partido, han intentado imponer megaproyectos, despojos e intervenciones autoritarias.<\/p>\n\n\n\n<p>Desde su compromiso \u00e9tico con los pueblos, el compa\u00f1ero Carlos Gonz\u00e1lez ha sostenido que el derecho debe ponerse al servicio de la vida, y ha actuado siempre respetando las formas propias de organizaci\u00f3n, los tiempos, las decisiones y los procesos de cada comunidad.<\/p>\n\n\n\n<p>Ha acompa\u00f1ado la resistencia de pueblos en defensa del agua, la tierra, la educaci\u00f3n comunitaria y la autonom\u00eda. Entre ellos, los procesos legales de los pueblos de Milpa Alta contra la perforaci\u00f3n ilegal de pozos, la construcci\u00f3n de obras impuestas y la imposici\u00f3n del Programa General de Ordenamiento Territorial de la CDMX, as\u00ed como m\u00faltiples acciones en\u00a0defensa de los bienes comunales, ejidales y colectivos en distintas regiones del pa\u00eds.<\/p>\n\n\n\n<p>Adem\u00e1s, su trayectoria est\u00e1 profundamente ligada al movimiento ind\u00edgena y campesino&nbsp; nacional, y ha sido solidaria con los esfuerzos de construcci\u00f3n auton\u00f3mica del Ej\u00e9rcito&nbsp; Zapatista de Liberaci\u00f3n Nacional (EZLN) y del Congreso Nacional Ind\u00edgena, del cual forma&nbsp; parte desde su fundaci\u00f3n. Por ello, los ataques en su contra no son solo personales: son ataques contra las luchas colectivas que defienden la autonom\u00eda, la tierra y la vida.<\/p>\n\n\n\n<p>Denunciamos que las declaraciones de la diputada Judith Vanegas Tapia, integrante de&nbsp; la llamada Cuarta Transformaci\u00f3n, reproducen la vieja pr\u00e1ctica del Estado mexicano de&nbsp; criminalizar a quienes acompa\u00f1an las luchas por la autodeterminaci\u00f3n, mientras se protege&nbsp; a los verdaderos responsables del despojo.<\/p>\n\n\n\n<p>El odio, la mentira y la persecuci\u00f3n pol\u00edtica no pueden ser parte del discurso de una supuesta transformaci\u00f3n.<\/p>\n\n\n\n<p>Desde MAPOC hacemos responsable a la diputada Judith Vanegas Tapia y a las autoridades&nbsp; de todos los niveles de cualquier agresi\u00f3n, da\u00f1o o acto de hostigamiento que sufra el compa\u00f1ero Carlos Gonz\u00e1lez Garc\u00eda, as\u00ed como las comunidades y pueblos que \u00e9l acompa\u00f1a.<\/p>\n\n\n\n<p>Reafirmamos que defender el territorio no es delito, y que los pueblos no necesitan ser \u201clevantados\u201d por nadie: se levantan por s\u00ed mismos, con dignidad, con historia y con conciencia&nbsp; de que la vida no se mendiga, se defiende.<\/p>\n\n\n\n<p class=\"has-text-align-center\">\u00a1Todo nuestro RESPALDO Y SOLIDARIDAD al compa\u00f1ero Carlos Gonz\u00e1lez Garc\u00eda!<br>\u00a1Alto a la persecuci\u00f3n a las y los defensores de la tierra y la vida!<br>\u00a1Basta de criminalizar las luchas auton\u00f3micas!<br>\u00a1El derecho al territorio y a la vida se defiende, no se persigue!<\/p>\n\n\n\n<p class=\"has-text-align-center\">Movimiento de Pueblos Olvidados de la Ca\u00f1ada (MAPOC) Sierra<br>Mazateca, Oaxaca.<br>4 de noviembre de 2025<\/p>\n\n\n\n<p><\/p>\n","protected":false},"excerpt":{"rendered":"<p>Al pueblo de M\u00e9xico,A los pueblos originarios y comunidades en defensa de la vida y el territorioAl Congreso Nacional IndigenaAl Ej\u00e9rcito Zapatista de Liberaci\u00f3n Nacional A las organizaciones, colectivos y medios libres. Desde la Sierra Mazateca a trav\u00e9s del Movimiento de Pueblos Olvidados de la Ca\u00f1ada (MAPOC) expresamos nuestro respaldo, respeto y solidaridad con el [&hellip;]<\/p>\n","protected":false},"author":1,"featured_media":52757,"comment_status":"open","ping_status":"closed","sticky":false,"template":"","format":"standard","meta":{"footnotes":""},"categories":[957,943,1024,1095,954],"tags":[1288,1554,1151,63,284,545],"class_list":["post-52756","post","type-post","status-publish","format-standard","has-post-thumbnail","hentry","category-autonomia","category-cni","category-cni-temas","category-concejo-indigena-de-gobierno","category-mexico","tag-4t","tag-carlos-gonzalez","tag-cig","tag-cni","tag-criminalizacion","tag-pueblos-indigenas"],"_links":{"self":[{"href":"https:\/\/radiozapatista.org\/index.php?rest_route=\/wp\/v2\/posts\/52756","targetHints":{"allow":["GET"]}}],"collection":[{"href":"https:\/\/radiozapatista.org\/index.php?rest_route=\/wp\/v2\/posts"}],"about":[{"href":"https:\/\/radiozapatista.org\/index.php?rest_route=\/wp\/v2\/types\/post"}],"author":[{"embeddable":true,"href":"https:\/\/radiozapatista.org\/index.php?rest_route=\/wp\/v2\/users\/1"}],"replies":[{"embeddable":true,"href":"https:\/\/radiozapatista.org\/index.php?rest_route=%2Fwp%2Fv2%2Fcomments&post=52756"}],"version-history":[{"count":1,"href":"https:\/\/radiozapatista.org\/index.php?rest_route=\/wp\/v2\/posts\/52756\/revisions"}],"predecessor-version":[{"id":52758,"href":"https:\/\/radiozapatista.org\/index.php?rest_route=\/wp\/v2\/posts\/52756\/revisions\/52758"}],"wp:featuredmedia":[{"embeddable":true,"href":"https:\/\/radiozapatista.org\/index.php?rest_route=\/wp\/v2\/media\/52757"}],"wp:attachment":[{"href":"https:\/\/radiozapatista.org\/index.php?rest_route=%2Fwp%2Fv2%2Fmedia&parent=52756"}],"wp:term":[{"taxonomy":"category","embeddable":true,"href":"https:\/\/radiozapatista.org\/index.php?rest_route=%2Fwp%2Fv2%2Fcategories&post=52756"},{"taxonomy":"post_tag","embeddable":true,"href":"https:\/\/radiozapatista.org\/index.php?rest_route=%2Fwp%2Fv2%2Ftags&post=52756"}],"curies":[{"name":"wp","href":"https:\/\/api.w.org\/{rel}","templated":true}]}}