{"id":52751,"date":"2025-11-04T11:48:23","date_gmt":"2025-11-04T17:48:23","guid":{"rendered":"https:\/\/radiozapatista.org\/?p=52751"},"modified":"2025-11-04T11:48:24","modified_gmt":"2025-11-04T17:48:24","slug":"la-dana-un-ano-despues-del-fango","status":"publish","type":"post","link":"https:\/\/radiozapatista.org\/?p=52751","title":{"rendered":"La DANA: Un a\u00f1o despu\u00e9s del fango"},"content":{"rendered":"\n<p>Un a\u00f1o despu\u00e9s de la tragedia, nos encontramos con algunxs de lxs vecinxs de Benet\u00fasser con lxs que creamos esta serie sobre los sentires de este pueblo arrasado por la DANA.<\/p>\n\n\n\n<p>\u00bfC\u00f3mo han cambiado sus sentimientos? \u00bfCu\u00e1l es el estado del pueblo? \u00bfEstamos preparados para otra emergencia? Pulsamos los sentires de la poblaci\u00f3n de Benet\u00fasser en este programa especial de la serie \u201cCom Estem?\u201d<\/p>\n\n\n\n<p>Participan en este cap\u00edtulo: Mai, Miguel \u00c1ngel Giner, Cristina Dur\u00e1n, Jorge Cabezas, Chelo y Yessica D\u00edaz.<\/p>\n\n\n\n<p>Con una grabaci\u00f3n de las manifestaciones en Valencia, cortes\u00eda de Carys Wall.<\/p>\n\n\n\n<p>Esta es una producci\u00f3n han participado Irene Fornes <a href=\"https:\/\/www.instagram.com\/irformo\/\">@irformo<\/a>, Emilia Moreno de la Vieja <a href=\"https:\/\/www.instagram.com\/doneslliures_radiomalva\/\">@doneslliures_radiomalva<\/a>, Raquel Fornes (fotos) <a href=\"https:\/\/www.instagram.com\/traslosojosde_raquel\/\">@traslosojosde_raquel<\/a>, Piro, Marga Mart\u00ednez <a href=\"https:\/\/www.instagram.com\/margampastor\/\">@margampastor<\/a> y Miguel Buend\u00eda <a href=\"https:\/\/www.instagram.com\/miguel.dai\/\">@miguel.dai<\/a><\/p>\n\n\n<iframe src=\"https:\/\/www.ivoox.com\/player_ej_161614619_6_1.html?c1=ecac74\" width=\"100%\" height=\"200\" frameborder=\"0\" allowfullscreen=\"\" scrolling=\"no\" loading=\"lazy\"><\/iframe>","protected":false},"excerpt":{"rendered":"<p>Un a\u00f1o despu\u00e9s de la tragedia, nos encontramos con algunxs de lxs vecinxs de Benet\u00fasser con lxs que creamos esta serie sobre los sentires de este pueblo arrasado por la DANA. \u00bfC\u00f3mo han cambiado sus sentimientos? \u00bfCu\u00e1l es el estado del pueblo? \u00bfEstamos preparados para otra emergencia? Pulsamos los sentires de la poblaci\u00f3n de Benet\u00fasser [&hellip;]<\/p>\n","protected":false},"author":1,"featured_media":52752,"comment_status":"open","ping_status":"closed","sticky":false,"template":"","format":"standard","meta":{"footnotes":""},"categories":[1,957,826,953],"tags":[1552,1553,1339],"class_list":["post-52751","post","type-post","status-publish","format-standard","has-post-thumbnail","hentry","category-audio","category-autonomia","category-medios-libres-2","category-mundo","tag-dana","tag-espana-2","tag-valencia"],"_links":{"self":[{"href":"https:\/\/radiozapatista.org\/index.php?rest_route=\/wp\/v2\/posts\/52751","targetHints":{"allow":["GET"]}}],"collection":[{"href":"https:\/\/radiozapatista.org\/index.php?rest_route=\/wp\/v2\/posts"}],"about":[{"href":"https:\/\/radiozapatista.org\/index.php?rest_route=\/wp\/v2\/types\/post"}],"author":[{"embeddable":true,"href":"https:\/\/radiozapatista.org\/index.php?rest_route=\/wp\/v2\/users\/1"}],"replies":[{"embeddable":true,"href":"https:\/\/radiozapatista.org\/index.php?rest_route=%2Fwp%2Fv2%2Fcomments&post=52751"}],"version-history":[{"count":3,"href":"https:\/\/radiozapatista.org\/index.php?rest_route=\/wp\/v2\/posts\/52751\/revisions"}],"predecessor-version":[{"id":52755,"href":"https:\/\/radiozapatista.org\/index.php?rest_route=\/wp\/v2\/posts\/52751\/revisions\/52755"}],"wp:featuredmedia":[{"embeddable":true,"href":"https:\/\/radiozapatista.org\/index.php?rest_route=\/wp\/v2\/media\/52752"}],"wp:attachment":[{"href":"https:\/\/radiozapatista.org\/index.php?rest_route=%2Fwp%2Fv2%2Fmedia&parent=52751"}],"wp:term":[{"taxonomy":"category","embeddable":true,"href":"https:\/\/radiozapatista.org\/index.php?rest_route=%2Fwp%2Fv2%2Fcategories&post=52751"},{"taxonomy":"post_tag","embeddable":true,"href":"https:\/\/radiozapatista.org\/index.php?rest_route=%2Fwp%2Fv2%2Ftags&post=52751"}],"curies":[{"name":"wp","href":"https:\/\/api.w.org\/{rel}","templated":true}]}}