{"id":52748,"date":"2025-11-04T11:31:51","date_gmt":"2025-11-04T17:31:51","guid":{"rendered":"https:\/\/radiozapatista.org\/?p=52748"},"modified":"2025-11-04T11:31:52","modified_gmt":"2025-11-04T17:31:52","slug":"comunicado-del-consejo-indigena-y-popular-de-guerrero-emiliano-zapata-agradecimiento-por-la-solidaridad-al-congreso-nacional-indigena-y-al-ejercito-zapatista-de-liberacion-nacional-y-denuncia-por-hos","status":"publish","type":"post","link":"https:\/\/radiozapatista.org\/?p=52748","title":{"rendered":"Comunicado del Consejo Ind\u00edgena y Popular de Guerrero-Emiliano Zapata: Agradecimiento por la solidaridad al Congreso Nacional Ind\u00edgena y al Ej\u00e9rcito Zapatista de Liberaci\u00f3n Nacional y denuncia por hostigamiento y amenazas."},"content":{"rendered":"\n<p>AL EJ\u00c9RCITO ZAPATISTA DE LIBERACI\u00d3N NACIONAL<br>AL CONGRESO NACIONAL IND\u00cdGENA<br>AL CONSEJO IND\u00cdGENA DE GOBIERNO<br>A LA SEXTA NACIONAL E INTERNACIONAL<br>A LA MISI\u00d3N CIVIL DE OBSERVACI\u00d3N SEXTA<br>A LAS ORGANIZACIONES, COLECTIVOS, ASAMBLEAS Y PUEBLOS QUE RESISTEN<br>A LOS ORGANISMOS DE DERECHOS HUMANOS NACIONALES E INTERNACIONALES<br>A LOS FIRMANTES DE UNA DECLARACI\u00d3N POR LA VIDA EN LOS CINCO CONTINENTES<br>A LA EUROPA INSUMISA, DIGNA Y REBELDE<br>A LOS MEDIOS DE COMUNICACI\u00d3N LIBRES E INDEPENDIENTES<br>AL PUEBLO DE GUERRERO, DE M\u00c9XICO Y DEL MUNDO<\/p>\n\n\n\n<p class=\"has-text-align-right\">4 de noviembre de 2025<\/p>\n\n\n\n<p>Desde el coraz\u00f3n de la Monta\u00f1a Baja de Guerrero sentimos y agradecemos la solidaridad de nuestros compa\u00f1eros y compa\u00f1eras del Congreso Nacional Ind\u00edgena y de nuestros hermanos y hermanas del Ej\u00e9rcito Zapatista de Liberaci\u00f3n Nacional y su reclamo firme ante la injusticia que viven nuestros pueblos y comunidades ind\u00edgenas de Guerrero y del pa\u00eds. Compa\u00f1eros y compa\u00f1eras sus palabras y ejemplo nos llenan de fuerza y convicci\u00f3n y nos impulsan a seguir caminando en defensa de la vida, la autodeterminaci\u00f3n y autonom\u00eda de nuestros pueblos. Nuestro pueblo digno y firme no se arrodilla ante este sistema capitalista de muerte, la manipulaci\u00f3n y colusi\u00f3n de los gobiernos ni el terror inhumano de los grupos narco-paramilitares que cobardemente atentan contra nuestras hermanas, hermanos, mujeres, hombres, ni\u00f1as, ni\u00f1os, abuelas y abuelos y nuestra Madre Tierra en un intento por quebrar nuestra dignidad y resistencia.<\/p>\n\n\n\n<p>Aunque nos asesinan, emboscan, desaparezcan y amenazan no callaremos nuestra voz ni dejaremos nuestra digna resistencia y exigiremos la justicia. Con cada asesinato, desaparici\u00f3n y compa\u00f1ero y compa\u00f1era herida nos llenan de m\u00e1s indignaci\u00f3n y engrandecen nuestro compromiso de restaurar la seguridad y la dignidad a nuestros pueblos y realizar el sue\u00f1o de justicia de todos nuestros compa\u00f1eros y compa\u00f1eras que han dado sus vidas en esta lucha por la vida y la Madre Tierra.<\/p>\n\n\n\n<p>Son muchos los compa\u00f1eros y compa\u00f1eras defensores y defensoras que han sido asesinados y desaparecidos en nuestro estado de Guerrero. Pero su lucha y su voz siguen resonando en cada paso de nuestro caminar.<\/p>\n\n\n\n<p>C\u00f3mo autoridades comunitarias y comunidades de Guerrero, pertenecientes al Consejo Ind\u00edgena Y Popular de Guerrero &#8211; Emiliano Zapata aprovechamos este comunicado para tambi\u00e9n expresar nuestra profunda indignaci\u00f3n y rechazo ante los recientes se\u00f1alamientos y ataques emitidos por la diputada local Judith Venegas Tapia, quien el pasado 30 de octubre, en la Mesa de Trabajo del Instituto de Planeaci\u00f3n Democr\u00e1tica y Prospectiva en el Congreso de la Ciudad de M\u00e9xico, utiliz\u00f3 su posici\u00f3n p\u00fablica para difundir odio, mentiras y amenazas contra el compa\u00f1ero Carlos Gonz\u00e1lez Garc\u00eda, abogado del Congreso Nacional Ind\u00edgena (CNI-CIG) y defensor hist\u00f3rico de los pueblos y comunidades ind\u00edgenas de M\u00e9xico, que por a\u00f1os ha acompa\u00f1ado nuestros pueblos y asambleas y brindado asesoramiento jur\u00eddico que nos ha fortalecido en nuestra lucha.<\/p>\n\n\n\n<p>Las palabras de la diputada forman parte de una estrategia de criminalizaci\u00f3n y desprestigio hacia quienes, desde la autonom\u00eda y la organizaci\u00f3n, defendemos la tierra, el territorio y la vida y ponen en riesgo la integridad f\u00edsica y seguridad de nuestro compa\u00f1ero Carlos Gonz\u00e1lez.<\/p>\n\n\n\n<p>As\u00ed tambi\u00e9n, denunciamos el hostigamiento y amenazas que han vivido compa\u00f1eros y compa\u00f1eras de la Misi\u00f3n Civil de Observaci\u00f3n &#8211; Sexta, donde miembros de grupos del crimen organizado han llegado directamente a sus casas, tocando sus puertas, preguntando por nosotros, en un intento de intimidarlos por su labor en defensa de los derechos humanos y por acompa\u00f1ar a nuestros pueblos y asambleas comunitarias. A pesar de esto, se han aferrado a seguir pronunci\u00e1ndose y caminando en defensa de la vida sin doblegarse o tomar un paso atr\u00e1s. Compa\u00f1eras y compa\u00f1eros de la Misi\u00f3n Civil de e Observaci\u00f3n &#8211; Sexta siguen recorriendo nuestros pueblos y comunidades y acompa\u00f1\u00e1ndonos en este camino de lucha.<\/p>\n\n\n\n<p>Tambi\u00e9n nos solidarizamos con los medios de comunicaci\u00f3n que han difundido la palabra y denuncia de nuestros pueblos durante a\u00f1os y que hoy tambi\u00e9n viven la criminalizaci\u00f3n, represi\u00f3n y amenazas, como Sergio Ocampo Arista de <em>La Jornada<\/em> y sus compa\u00f1eros, por su compromiso con la difusi\u00f3n de la verdad que vivimos en Guerrero por el Estado y el crimen organizado.<\/p>\n\n\n\n<p>Somos muchos compa\u00f1eros y compa\u00f1eras que en diferentes trincheras estamos y seguiremos resistiendo por nuestro pueblo y Madre Tierra.<\/p>\n\n\n\n<p class=\"has-text-align-center\">\u00a1NO NOS RENDIMOS!<br>\u00a1NO NOS VENDEMOS!<br>\u00a1NO CLAUDICAMOS!<br>\u00a1VIVAN LAS COMUNIDADES QUE SE ORGANIZAN!<br>\u00a1NUNCA M\u00c1S UN M\u00c9XICO SIN NOSOTROS!<\/p>\n\n\n\n<p class=\"has-text-align-center\">ATENTAMENTE<\/p>\n\n\n\n<p class=\"has-text-align-center\">Autoridades y comunidades pertenecientes a la CRAC-PC-PF<br>Concejo Ind\u00edgena y Popular de Guerrero Emiliano Zapata (CIPOG-EZ)<br>Autoridades y comunidades de la Monta\u00f1a Alta, Monta\u00f1a Baja y Costa Chica de Guerrero<\/p>\n\n\n\n<p><\/p>\n","protected":false},"excerpt":{"rendered":"<p>AL EJ\u00c9RCITO ZAPATISTA DE LIBERACI\u00d3N NACIONALAL CONGRESO NACIONAL IND\u00cdGENAAL CONSEJO IND\u00cdGENA DE GOBIERNOA LA SEXTA NACIONAL E INTERNACIONALA LA MISI\u00d3N CIVIL DE OBSERVACI\u00d3N SEXTAA LAS ORGANIZACIONES, COLECTIVOS, ASAMBLEAS Y PUEBLOS QUE RESISTENA LOS ORGANISMOS DE DERECHOS HUMANOS NACIONALES E INTERNACIONALESA LOS FIRMANTES DE UNA DECLARACI\u00d3N POR LA VIDA EN LOS CINCO CONTINENTESA LA EUROPA INSUMISA, [&hellip;]<\/p>\n","protected":false},"author":1,"featured_media":37977,"comment_status":"open","ping_status":"closed","sticky":false,"template":"","format":"standard","meta":{"footnotes":""},"categories":[957,1024,943,955,954],"tags":[1288,63,1061,926,77,912,27],"class_list":["post-52748","post","type-post","status-publish","format-standard","has-post-thumbnail","hentry","category-autonomia","category-cni-temas","category-cni","category-ezln-temas","category-mexico","tag-4t","tag-cni","tag-crimen-organizado","tag-ezln","tag-guerrero","tag-narcoestado","tag-solidaridad"],"_links":{"self":[{"href":"https:\/\/radiozapatista.org\/index.php?rest_route=\/wp\/v2\/posts\/52748","targetHints":{"allow":["GET"]}}],"collection":[{"href":"https:\/\/radiozapatista.org\/index.php?rest_route=\/wp\/v2\/posts"}],"about":[{"href":"https:\/\/radiozapatista.org\/index.php?rest_route=\/wp\/v2\/types\/post"}],"author":[{"embeddable":true,"href":"https:\/\/radiozapatista.org\/index.php?rest_route=\/wp\/v2\/users\/1"}],"replies":[{"embeddable":true,"href":"https:\/\/radiozapatista.org\/index.php?rest_route=%2Fwp%2Fv2%2Fcomments&post=52748"}],"version-history":[{"count":1,"href":"https:\/\/radiozapatista.org\/index.php?rest_route=\/wp\/v2\/posts\/52748\/revisions"}],"predecessor-version":[{"id":52749,"href":"https:\/\/radiozapatista.org\/index.php?rest_route=\/wp\/v2\/posts\/52748\/revisions\/52749"}],"wp:featuredmedia":[{"embeddable":true,"href":"https:\/\/radiozapatista.org\/index.php?rest_route=\/wp\/v2\/media\/37977"}],"wp:attachment":[{"href":"https:\/\/radiozapatista.org\/index.php?rest_route=%2Fwp%2Fv2%2Fmedia&parent=52748"}],"wp:term":[{"taxonomy":"category","embeddable":true,"href":"https:\/\/radiozapatista.org\/index.php?rest_route=%2Fwp%2Fv2%2Fcategories&post=52748"},{"taxonomy":"post_tag","embeddable":true,"href":"https:\/\/radiozapatista.org\/index.php?rest_route=%2Fwp%2Fv2%2Ftags&post=52748"}],"curies":[{"name":"wp","href":"https:\/\/api.w.org\/{rel}","templated":true}]}}