{"id":52745,"date":"2025-11-03T13:22:10","date_gmt":"2025-11-03T19:22:10","guid":{"rendered":"https:\/\/radiozapatista.org\/?p=52745"},"modified":"2025-11-04T11:37:07","modified_gmt":"2025-11-04T17:37:07","slug":"comunicado-conjunto-del-congreso-nacional-indigena-y-el-ejercito-zapatista-de-liberacion-nacional-con-relacion-al-violento-ataque-en-contra-de-los-companeros-del-consejo-indigena-y-popular-de-guerrero","status":"publish","type":"post","link":"https:\/\/radiozapatista.org\/?p=52745","title":{"rendered":"Comunicado conjunto del Congreso Nacional Ind\u00edgena y el Ej\u00e9rcito Zapatista de Liberaci\u00f3n Nacional con relaci\u00f3n al violento ataque en contra de los compa\u00f1eros del Consejo Ind\u00edgena y Popular de Guerrero-Emiliano Zapata y de la Coordinadora Regional de Autoridades Comunitarias-Polic\u00eda Comunitaria-Pueblos Fundadores\u00a0"},"content":{"rendered":"\n<p class=\"has-text-align-center\"><strong>Comunicado conjunto del Congreso Nacional Ind\u00edgena y el Ej\u00e9rcito Zapatista de Liberaci\u00f3n Nacional con relaci\u00f3n al violento ataque en contra de los compa\u00f1eros del Consejo Ind\u00edgena y Popular de Guerrero-Emiliano Zapata y de la Coordinadora Regional de Autoridades Comunitarias-Polic\u00eda Comunitaria-Pueblos Fundadores<\/strong><\/p>\n\n\n\n<p>A los pueblos de M\u00e9xico y del mundo,<br>A los organismos y colectivos defensores de derechos humanos,<br>A las Redes de Resistencia y Rebeld\u00eda,<br>A la Sexta Nacional e Internacional,<br>A l@s firmantes de Una Declaraci\u00f3n por la Vida en los cinco continentes,<br>A la Europa Insumisa, Digna y Rebelde,<br>A los medios libres e independientes,<\/p>\n\n\n\n<p>A quienes caminan la palabra de la vida.<\/p>\n\n\n\n<p>Comunicado urgente:<\/p>\n\n\n\n<p>Con profundo dolor y rabia, denunciamos que el pasado <strong>31 de octubre de 2025<\/strong>, autoridades e integrantes de la Coordinadora Regional de Autoridades Comunitarias \u2013 Polic\u00eda Comunitaria \u2013 Pueblos Fundadores (CRAC-PC-PF) y del Consejo Ind\u00edgena y Popular de Guerrero- Emiliano Zapata (CIPOG-EZ) fueron atacados con armas de fuego por el grupo criminal Los Ardillos, esto al dirigirse a una asamblea en Ayahualtempa, Guerrero. En este ataque armado, que se prolong\u00f3 por alrededor de 10 horas, fueron asesinados tres polic\u00edas comunitarios del sistema de los Pueblos Fundadores, integrantes del CIPOG-EZ y de la CRAC-PC-PF y 7 m\u00e1s se encuentran heridos de gravedad. Adicionalmente, durante el ataque, la camioneta en la que se trasladaba el compa\u00f1ero <strong>JES\u00daS PL\u00c1CIDO GALINDO<\/strong>, integrante de nuestra Comisi\u00f3n de Coordinaci\u00f3n y Seguimiento y quien fue blanco de la agresi\u00f3n, recibi\u00f3 m\u00faltiples impactos de bala, de los cuales afortunadamente result\u00f3 ileso. Las comunidades del CIPOG-EZ han denunciado reiteradamente que estos grupos criminales operan bajo la protecci\u00f3n y complicidad de autoridades estatales y federales.<\/p>\n\n\n\n<p>Las comunidades ind\u00edgenas de la Monta\u00f1a Baja de Guerrero, organizadas en el CIPOG-EZ, conformado principalmente por nahuas, me\u2019phaa, na savi, \u00f1omndaa y mestizos, enfrentan desde hace a\u00f1os una ofensiva sistem\u00e1tica de violencia narco-paramilitar. En lo que va de la \u00faltima d\u00e9cada se contabilizan la dolorosa cifra de 66 integrantes asesinados y 23 compa\u00f1eros m\u00e1s desaparecidos, v\u00edctimas de la violencia extrema ejercida por los grupos criminales, como Los Ardillos, que act\u00faan en complicidad con gobiernos de todos los colores para despojar a las comunidades ind\u00edgenas de la Monta\u00f1a de Guerrero de su territorio. Esta violencia busca imponer el despojo territorial y castigar la digna lucha del CIPOG-EZ por la vida, la autonom\u00eda y la justicia, frente a un sistema capitalista que ha sembrado miseria, explotaci\u00f3n y violencia en sus comunidades.<\/p>\n\n\n\n<p>En Guerrero y en el pa\u00eds, gobiernos, grupos criminales y empresas capitalistas son la misma cosa; y han convertido a las comunidades del CIPOG-EZ en blanco permanente de ataques, mientras los responsables directos gozan de impunidad. Se trata de una estrategia de guerra, que combina represi\u00f3n, militarizaci\u00f3n, criminalizaci\u00f3n y asesinatos a mansalva para desarticular la organizaci\u00f3n comunitaria.<\/p>\n\n\n\n<p>No hay excepciones, tanto los gobiernos municipales, el del estado, cuya gobernadora guarda nexos directos con los l\u00edderes criminales, como el gobierno federal, son responsables, por su omisi\u00f3n y complicidad, de la violencia criminal y paramilitar contra las comunidades del CIPOG-EZ, la CRAC-PC-PF y el compa\u00f1ero Jes\u00fas Pl\u00e1cido Galindo. Son sus instituciones de seguridad y justicia, quienes protegen a los grupos criminales e impiden el ejercicio de la autonom\u00eda ind\u00edgena.<\/p>\n\n\n\n<p>Exigimos castigo para los responsables materiales e intelectuales de las agresiones y del asesinato de los tres compa\u00f1eros polic\u00edas comunitarias de Ayahualtempa, as\u00ed como por los otros 63 integrantes del CIPOG-EZ asesinados, por los 23 compa\u00f1eros desaparecidos y por los cientos de heridos y desplazados, por las viudas y los hu\u00e9rfanos v\u00edctimas de esta guerra.<\/p>\n\n\n\n<p>Las balas que asesinan a nuestros compa\u00f1eros no podr\u00e1n destruir su ejemplo ni apagar la dignidad de los pueblos que defienden la vida. Cada agresi\u00f3n confirma que el estado mexicano, ahora con el criminal y mentiroso ropaje de la Cuarta Transformaci\u00f3n, contin\u00faa su guerra contra los pueblos, una guerra que busca quebrar la autonom\u00eda, imponer el miedo y abrir paso al despojo, pero los pueblos siguen en pie, como ra\u00edz que no muere y como flor que renace en la tierra herida.<\/p>\n\n\n\n<p>Desde nuestras geograf\u00edas, llamamos a las comunidades, colectivos, organizaciones solidarias y personas de buen coraz\u00f3n a mantenerse atentas y solidarias ante la alarmante situaci\u00f3n de violencia contra nuestros hermanos y hermanas del CIPOG-EZ.<\/p>\n\n\n\n<p>La palabra y la lucha de los pueblos no se callar\u00e1n. Porque nuestra ra\u00edz es profunda, y porque nuestros muertos, nuestras compa\u00f1eras y compa\u00f1eros ca\u00eddos, nos ense\u00f1aron a no tener miedo.<\/p>\n\n\n\n<p class=\"has-text-align-center\"><strong>ATENTAMENTE<\/strong><br><strong>NOVIEMBRE DE 2025<\/strong><br><strong>POR LA RECONSTITUCI\u00d3N INTEGRAL DE NUESTROS PUEBLOS<\/strong><br><strong>NUNCA M\u00c1S UN M\u00c9XICO SIN NOSOTROS<\/strong><br><strong>CONGRESO NACIONAL IND\u00cdGENA \u2013 CONCEJO IND\u00cdGENA DE GOBIERNO<\/strong><br><strong>EJ\u00c9RCITO ZAPATISTA DE LIBERACI\u00d3N NACIONAL<\/strong><\/p>\n\n\n\n<p><\/p>\n","protected":false},"excerpt":{"rendered":"<p>Comunicado conjunto del Congreso Nacional Ind\u00edgena y el Ej\u00e9rcito Zapatista de Liberaci\u00f3n Nacional con relaci\u00f3n al violento ataque en contra de los compa\u00f1eros del Consejo Ind\u00edgena y Popular de Guerrero-Emiliano Zapata y de la Coordinadora Regional de Autoridades Comunitarias-Polic\u00eda Comunitaria-Pueblos Fundadores A los pueblos de M\u00e9xico y del mundo,A los organismos y colectivos defensores de [&hellip;]<\/p>\n","protected":false},"author":21,"featured_media":52746,"comment_status":"open","ping_status":"closed","sticky":false,"template":"","format":"standard","meta":{"footnotes":""},"categories":[957,51,943,118,958,954],"tags":[58,53,567,147,23,545,87,148,27,483],"class_list":["post-52745","post","type-post","status-publish","format-standard","has-post-thumbnail","hentry","category-autonomia","category-autor","category-cni","category-ezln","category-megaproyectos","category-mexico","tag-derechos-humanos","tag-justicia","tag-megaproyectos","tag-militarizacion","tag-paramilitares","tag-pueblos-indigenas","tag-represion","tag-resistencia","tag-solidaridad","tag-tierra-y-territorio"],"_links":{"self":[{"href":"https:\/\/radiozapatista.org\/index.php?rest_route=\/wp\/v2\/posts\/52745","targetHints":{"allow":["GET"]}}],"collection":[{"href":"https:\/\/radiozapatista.org\/index.php?rest_route=\/wp\/v2\/posts"}],"about":[{"href":"https:\/\/radiozapatista.org\/index.php?rest_route=\/wp\/v2\/types\/post"}],"author":[{"embeddable":true,"href":"https:\/\/radiozapatista.org\/index.php?rest_route=\/wp\/v2\/users\/21"}],"replies":[{"embeddable":true,"href":"https:\/\/radiozapatista.org\/index.php?rest_route=%2Fwp%2Fv2%2Fcomments&post=52745"}],"version-history":[{"count":2,"href":"https:\/\/radiozapatista.org\/index.php?rest_route=\/wp\/v2\/posts\/52745\/revisions"}],"predecessor-version":[{"id":52750,"href":"https:\/\/radiozapatista.org\/index.php?rest_route=\/wp\/v2\/posts\/52745\/revisions\/52750"}],"wp:featuredmedia":[{"embeddable":true,"href":"https:\/\/radiozapatista.org\/index.php?rest_route=\/wp\/v2\/media\/52746"}],"wp:attachment":[{"href":"https:\/\/radiozapatista.org\/index.php?rest_route=%2Fwp%2Fv2%2Fmedia&parent=52745"}],"wp:term":[{"taxonomy":"category","embeddable":true,"href":"https:\/\/radiozapatista.org\/index.php?rest_route=%2Fwp%2Fv2%2Fcategories&post=52745"},{"taxonomy":"post_tag","embeddable":true,"href":"https:\/\/radiozapatista.org\/index.php?rest_route=%2Fwp%2Fv2%2Ftags&post=52745"}],"curies":[{"name":"wp","href":"https:\/\/api.w.org\/{rel}","templated":true}]}}