{"id":52699,"date":"2025-11-02T07:25:12","date_gmt":"2025-11-02T13:25:12","guid":{"rendered":"https:\/\/radiozapatista.org\/?p=52699"},"modified":"2025-11-02T07:25:13","modified_gmt":"2025-11-02T13:25:13","slug":"10-horas-de-ataques-a-comunidad-de-ayahualtempa-por-el-grupo-narco-paramilitar-los-ardillos","status":"publish","type":"post","link":"https:\/\/radiozapatista.org\/?p=52699","title":{"rendered":"10 horas de ataques a comunidad de Ayahualtempa por el grupo narco-paramilitar Los Ardillos"},"content":{"rendered":"\n<p>El 31 de octubre 2025, autoridades de las comunidades pertenecientes a la Coordinadora Regional de los Pueblos Fundadores (CRAC-PC-PF) y del Concejo Ind\u00edgena Y Popular de Guerrero \u2013 Emiliano Zapata (CIPOG-EZ) acudieron a una asamblea a la comunidad de Ayahualtempa, solicitada por las autoridades comunitarias de \u00e9sta. Al llegar a la comunidad alrededor de las 10:00 a.m., las autoridades de Amatitl\u00e1n y de los Pueblos Fundadores fueron agredidos con armas de alto poder, por parte del grupo criminal Los Ardillos; este grupo atacante se hab\u00eda infiltrado en la comunidad de Ayahualtempa, asesinando, secuestrando y extorsionando a integrantes de la comunidad, emboscando y amenazando a pobladores de la comunidad de Amatitl\u00e1n y de sus alrededores. Este ataque se prolong\u00f3 por m\u00e1s de 10 horas, despu\u00e9s de las cuales el CIPOG-EZ y la CRAC-PC-PF, recuperaron el control de la comunidad, expulsando y deteniendo a los agresores. Lamentablemente, fueron asesinados tres polic\u00edas comunitarios y hubo 7 heridos de bala de gravedad.<\/p>\n\n\n\n<p>Desde la MCO-S, hemos denunciado ya en repetidas ocasiones la presencia del grupo narco-paramilitar los ardillos; este grupo delincuencial opera con total impunidad por su v\u00ednculo al PRD y las alianzas pol\u00edticas y econ\u00f3micas que desde ah\u00ed su l\u00edder Celso Ortega ha tejido con todos los niveles de gobierno. Nos preocupa el clima de violencia que se vive en el estado de Guerrero, donde los carteles dominan el territorio y a trav\u00e9s de extorsiones, secuestros, desapariciones, asesinatos, imponen el terror sin que alguna autoridad les investigue o detenga; al contrario, desde la gobernadora, presidentes municipales, polic\u00edas municipales, estatales y dem\u00e1s corporaciones se protege a este grupo criminal.<\/p>\n\n\n\n<p>Es preocupante tambi\u00e9n que entre los agredidos estuviera nuestro compa\u00f1ero Jesus Pl\u00e1cido Galindo, promotor del CIPOG-EZ, que cuenta con el mecanismo de protecci\u00f3n a periodistas y defensores de derechos humanos; en repetidas ocasiones ha sido amenazado por este grupo narco-paramilitar y ayer el veh\u00edculo en el que iba recibi\u00f3 al menos 3 impactos de bala; por fortuna est\u00e1 ileso pero su vida estuvo en riesgo.<\/p>\n\n\n\n<p>Si bien, llegaron Polic\u00edas Estatales, Guardia Nacional y Ej\u00e9rcito, al final se perdieron vidas y hay heridos, por la tard\u00eda respuesta y el desinter\u00e9s de resolver el problema de fondo, pues llevamos a\u00f1os denunciando a este grupo criminal y el Estado lo protege. Es por lo anterior que denunciamos al Subsecretario de Desarrollo Pol\u00edtico y Social de Guerrero, Francisco Rodr\u00edguez Cisneros, por las agresiones que pueda haber contra nuestro compa\u00f1ero Jesus Pl\u00e1cido Galindo. Este personaje Rodr\u00edguez Cisneros minimiz\u00f3 los hechos diciendo que era una \u201cagresi\u00f3n aislada\u201d, mostrando total desinter\u00e9s por resolver la violencia en el estado. Denunciamos tambi\u00e9n a Evelyn Salgado gobernadora de Guerrero y a todas las autoridades vinculadas a los grupos criminales.<\/p>\n\n\n\n<p>Desde esta MCO-S y de otras partes del mundo, le decimos al mal gobierno que nuestros compa\u00f1eros del CIPOG-EZ no est\u00e1n solos, solas. Y que estamos atentos a lo que pueda ocurrir en el territorio por lo que le exigimos que pare las agresiones a las comunidades y a nuestros compa\u00f1eros y compa\u00f1eras.<\/p>\n\n\n\n<p class=\"has-text-align-center\">ATENTAMENTE<br>MISI\u00d3N CIVIL DE OBSERVACI\u00d3N SEXTA<\/p>\n\n\n\n<p>.<\/p>\n\n\n\n<p><em>Foto de portada: Revista Espejo<\/em><\/p>\n","protected":false},"excerpt":{"rendered":"<p>El 31 de octubre 2025, autoridades de las comunidades pertenecientes a la Coordinadora Regional de los Pueblos Fundadores (CRAC-PC-PF) y del Concejo Ind\u00edgena Y Popular de Guerrero \u2013 Emiliano Zapata (CIPOG-EZ) acudieron a una asamblea a la comunidad de Ayahualtempa, solicitada por las autoridades comunitarias de \u00e9sta. Al llegar a la comunidad alrededor de las [&hellip;]<\/p>\n","protected":false},"author":1,"featured_media":52700,"comment_status":"open","ping_status":"closed","sticky":false,"template":"","format":"standard","meta":{"footnotes":""},"categories":[957,51,954],"tags":[1061,77,912],"class_list":["post-52699","post","type-post","status-publish","format-standard","has-post-thumbnail","hentry","category-autonomia","category-autor","category-mexico","tag-crimen-organizado","tag-guerrero","tag-narcoestado"],"_links":{"self":[{"href":"https:\/\/radiozapatista.org\/index.php?rest_route=\/wp\/v2\/posts\/52699","targetHints":{"allow":["GET"]}}],"collection":[{"href":"https:\/\/radiozapatista.org\/index.php?rest_route=\/wp\/v2\/posts"}],"about":[{"href":"https:\/\/radiozapatista.org\/index.php?rest_route=\/wp\/v2\/types\/post"}],"author":[{"embeddable":true,"href":"https:\/\/radiozapatista.org\/index.php?rest_route=\/wp\/v2\/users\/1"}],"replies":[{"embeddable":true,"href":"https:\/\/radiozapatista.org\/index.php?rest_route=%2Fwp%2Fv2%2Fcomments&post=52699"}],"version-history":[{"count":1,"href":"https:\/\/radiozapatista.org\/index.php?rest_route=\/wp\/v2\/posts\/52699\/revisions"}],"predecessor-version":[{"id":52701,"href":"https:\/\/radiozapatista.org\/index.php?rest_route=\/wp\/v2\/posts\/52699\/revisions\/52701"}],"wp:featuredmedia":[{"embeddable":true,"href":"https:\/\/radiozapatista.org\/index.php?rest_route=\/wp\/v2\/media\/52700"}],"wp:attachment":[{"href":"https:\/\/radiozapatista.org\/index.php?rest_route=%2Fwp%2Fv2%2Fmedia&parent=52699"}],"wp:term":[{"taxonomy":"category","embeddable":true,"href":"https:\/\/radiozapatista.org\/index.php?rest_route=%2Fwp%2Fv2%2Fcategories&post=52699"},{"taxonomy":"post_tag","embeddable":true,"href":"https:\/\/radiozapatista.org\/index.php?rest_route=%2Fwp%2Fv2%2Ftags&post=52699"}],"curies":[{"name":"wp","href":"https:\/\/api.w.org\/{rel}","templated":true}]}}