{"id":52696,"date":"2025-11-01T20:56:31","date_gmt":"2025-11-02T02:56:31","guid":{"rendered":"https:\/\/radiozapatista.org\/?p=52696"},"modified":"2025-11-02T07:26:33","modified_gmt":"2025-11-02T13:26:33","slug":"comunicado-del-cipog-ez-y-la-crac-pc-pf-sobre-los-hechos-ocurridos-en-ayahualtempa","status":"publish","type":"post","link":"https:\/\/radiozapatista.org\/?p=52696","title":{"rendered":"Comunicado del CIPOG-EZ y la CRAC-PC-PF sobre los hechos ocurridos en Ayahualtempa"},"content":{"rendered":"\n<p>AL EJ\u00c9RCITO ZAPATISTA DE LIBERACI\u00d3N NACIONAL<br>AL CONGRESO NACIONAL IND\u00cdGENA<br>AL CONSEJO IND\u00cdGENA DE GOBIERNO<br>A LA SEXTA NACIONAL E INTERNACIONAL<br>A LA MISI\u00d3N CIVIL DE OBSERVACI\u00d3N SEXTA<br>A LOS ORGANISMOS DE DERECHOS HUMANOS NACIONALES E INTERNACIONALES<br>A LOS MEDIOS DE COMUNICACI\u00d3N LIBRES E INDEPENDIENTES<br>AL PUEBLO DE GUERRERO Y DE M\u00c9XICO<\/p>\n\n\n\n<p>01 de noviembre 2025<\/p>\n\n\n\n<p>Ayer, 31 de octubre 2025, autoridades de las comunidades pertenecientes a la Coordinadora Regional de los Pueblos Fundadores (CRAC-PC-PF) y del Consejo Ind\u00edgena Y Popular de Guerrero \u2013 Emiliano Zapata (CIPOG-EZ) acudieron a una asamblea comunitaria en la comunidad de Ayahualtempa, que la autoridad de Ayahualtempa hab\u00eda solicitado con una semana de anticipaci\u00f3n, con el fin de abordar el tema de coordinaci\u00f3n entre las comunidades de Amatitl\u00e1n, Ayahualtempa y los Pueblos Fundadores. Al llegar a la comunidad a las 10:00 a.m. para la asamblea, las autoridades de Amatitlan y de los Pueblos Fundadores fueron recibidos con balazos por parte de un grupo de crimen organizado conocido como Los Ardillos que operaba dentro de la comunidad de Ayahualtempa, asesinando, secuestrando y extorsionando a integrantes de la comunidad y emboscando y amenazando a pobladores de la comunidad de Amatitl\u00e1n y de sus alrededores. En esta balacera inicial, varios resultaron heridos.<\/p>\n\n\n\n<p>Ante estos acontecimientos el Gobierno del Estado intervino en la comunidad de Ayahualtempa, donde detuvieron a tres de los l\u00edderes delincuenciales. Llegaron con un operativo de Polic\u00eda Estatal, Guardia Nacional y Ej\u00e9rcito por la intervenci\u00f3n del Subsecretario de Desarrollo Pol\u00edtico y Social de Guerrero, Francisco Rodr\u00edguez Cisneros.<\/p>\n\n\n\n<p>La polic\u00eda comunitaria tambi\u00e9n logr\u00f3 detener a 14 miembros de dicho grupo, que ser\u00e1n reeducados bajo el reglamento interno de la CRAC-PC-PF y la asamblea del Territorio Comunitario, que ten\u00edan \u00f3rdenes de aprehensi\u00f3n del Comisario de Ayahualtempa. Esto incluye la detenci\u00f3n de Luis Morales Rojas, quien se autodenomina l\u00edder de la polic\u00eda comunitaria de Ayahualtempa. Este ha sido desconocido por las autoridades de Ayahualtempa y la polic\u00eda comunitaria por ser miembro del crimen organizado que opera en la zona.<\/p>\n\n\n\n<p>La balacera dur\u00f3 m\u00e1s de 10 horas y result\u00f3 en el asesinato de tres polic\u00edas comunitarias, entre ellos el hijo del comisario de Amatitl\u00e1n, as\u00ed como al menos 7 heridos de bala de gravedad. Por cuestiones de seguridad, no daremos nombres de nuestros compa\u00f1eros ca\u00eddos ni heridos.<\/p>\n\n\n\n<p>Entre el ataque tambi\u00e9n tres balas impactaron a la camioneta prove\u00edda por el Mecanismo de Protecci\u00f3n de Personas Defensoras de Derechos Humanos y Periodistas al compa\u00f1ero Jes\u00fas Pl\u00e1cido Galindo quien estaba en el pueblo dando acompa\u00f1amiento a las comunidades y sus autoridades en su funci\u00f3n de defensor de derechos humanos, de los pueblos y del territorio. Esto se califica como un atentado directo en contra de la integridad f\u00edsica del promotor y sus escoltas del Mecanismo.<\/p>\n\n\n\n<p>La Coordinadora Regional de los Pueblos Fundadores (CRAC-PC-PF) y el Consejo Ind\u00edgena Y Popular de Guerrero \u2013 Emiliano Zapata (CIPOG-EZ) retoman control de la comunidad de Ayahualtempa, junto con las autoridades de Ayahualtempa y Amatitl\u00e1n, sacando al crimen organizado y su cabecilla Evaristo Bola\u00f1os de Jes\u00fas \u201cEl Mariguano\u201d o \u201cEl Maizero\u201d, quien ten\u00eda sometido a la poblaci\u00f3n y las autoridades municipales de Ayahualtempa y quien extorsionaba, asesinaba, violaba y secuestraba a compa\u00f1eros y compa\u00f1eras para entregarlos al grupo de crimen organizado, Los Ardillos. La asamblea de Ayahualtempa, realizada anoche a las 9:00 pm opt\u00f3 por de aqu\u00ed en adelante pertenecer al sistema de seguridad de los Pueblos Fundadores para mantener la paz, la tranquilidad y para mantener la seguridad integral de los pueblos y sus mujeres, hombres, ni\u00f1as, ni\u00f1os, abuelas y abuelos.<\/p>\n\n\n\n<p>Cabe mencionar que nuestro sistema de seguridad comunitario se basa en nuestro derecho como pueblos ind\u00edgenas a la autodeterminaci\u00f3n y de regirnos bajo nuestros usos y costumbres seg\u00fan el Art\u00edculo 2 de la Constituci\u00f3n Pol\u00edtica de los Estados Unidos Mexicanos y la ley 169 de la OIT. Nuestro sistema de seguridad comunitario tambi\u00e9n es respaldado por la Ley N\u00famero 701 de Reconocimiento, Derechos y Cultura de los Pueblos y Comunidades Ind\u00edgenas y Afromexicanas del Estado de Guerrero. La asamblea del Territorio Comunitario prohibe estrictamente la siembra, cultivo, traslado, venta y consumo de drogas de cualquier tipo.<\/p>\n\n\n\n<p class=\"has-text-align-center\">\u00a1NO NOS RENDIMOS!<br>\u00a1NO NOS VENDEMOS!<br>\u00a1NO CLAUDICAMOS!<br>\u00a1VIVAN LAS COMUNIDADES QUE SE ORGANIZAN!<br>\u00a1NUNCA M\u00c1S UN MEXICO SIN NOSOTROS!<\/p>\n\n\n\n<p class=\"has-text-align-center\">ATENTAMENTE<br>Autoridades y comunidades pertenecientes a la CRAC-PC-PF<br>Concejo Ind\u00edgena y Popular de Guerrero Emiliano Zapata (CIPOG-EZ)<\/p>\n\n\n\n<p><\/p>\n","protected":false},"excerpt":{"rendered":"<p>AL EJ\u00c9RCITO ZAPATISTA DE LIBERACI\u00d3N NACIONALAL CONGRESO NACIONAL IND\u00cdGENAAL CONSEJO IND\u00cdGENA DE GOBIERNOA LA SEXTA NACIONAL E INTERNACIONALA LA MISI\u00d3N CIVIL DE OBSERVACI\u00d3N SEXTAA LOS ORGANISMOS DE DERECHOS HUMANOS NACIONALES E INTERNACIONALESA LOS MEDIOS DE COMUNICACI\u00d3N LIBRES E INDEPENDIENTESAL PUEBLO DE GUERRERO Y DE M\u00c9XICO 01 de noviembre 2025 Ayer, 31 de octubre 2025, autoridades [&hellip;]<\/p>\n","protected":false},"author":21,"featured_media":52697,"comment_status":"open","ping_status":"closed","sticky":false,"template":"","format":"standard","meta":{"footnotes":""},"categories":[957,51,826,958,954,935],"tags":[58,53,567,147,23,545,87,148,27,483],"class_list":["post-52696","post","type-post","status-publish","format-standard","has-post-thumbnail","hentry","category-autonomia","category-autor","category-medios-libres-2","category-megaproyectos","category-mexico","category-temas","tag-derechos-humanos","tag-justicia","tag-megaproyectos","tag-militarizacion","tag-paramilitares","tag-pueblos-indigenas","tag-represion","tag-resistencia","tag-solidaridad","tag-tierra-y-territorio"],"_links":{"self":[{"href":"https:\/\/radiozapatista.org\/index.php?rest_route=\/wp\/v2\/posts\/52696","targetHints":{"allow":["GET"]}}],"collection":[{"href":"https:\/\/radiozapatista.org\/index.php?rest_route=\/wp\/v2\/posts"}],"about":[{"href":"https:\/\/radiozapatista.org\/index.php?rest_route=\/wp\/v2\/types\/post"}],"author":[{"embeddable":true,"href":"https:\/\/radiozapatista.org\/index.php?rest_route=\/wp\/v2\/users\/21"}],"replies":[{"embeddable":true,"href":"https:\/\/radiozapatista.org\/index.php?rest_route=%2Fwp%2Fv2%2Fcomments&post=52696"}],"version-history":[{"count":2,"href":"https:\/\/radiozapatista.org\/index.php?rest_route=\/wp\/v2\/posts\/52696\/revisions"}],"predecessor-version":[{"id":52703,"href":"https:\/\/radiozapatista.org\/index.php?rest_route=\/wp\/v2\/posts\/52696\/revisions\/52703"}],"wp:featuredmedia":[{"embeddable":true,"href":"https:\/\/radiozapatista.org\/index.php?rest_route=\/wp\/v2\/media\/52697"}],"wp:attachment":[{"href":"https:\/\/radiozapatista.org\/index.php?rest_route=%2Fwp%2Fv2%2Fmedia&parent=52696"}],"wp:term":[{"taxonomy":"category","embeddable":true,"href":"https:\/\/radiozapatista.org\/index.php?rest_route=%2Fwp%2Fv2%2Fcategories&post=52696"},{"taxonomy":"post_tag","embeddable":true,"href":"https:\/\/radiozapatista.org\/index.php?rest_route=%2Fwp%2Fv2%2Ftags&post=52696"}],"curies":[{"name":"wp","href":"https:\/\/api.w.org\/{rel}","templated":true}]}}