{"id":52693,"date":"2025-10-31T20:07:00","date_gmt":"2025-11-01T02:07:00","guid":{"rendered":"https:\/\/radiozapatista.org\/?p=52693"},"modified":"2025-11-01T20:18:38","modified_gmt":"2025-11-02T02:18:38","slug":"denuncia-publica-de-la-comunidad-otomi-residente-en-la-cdmx-por-el-ataque-a-la-integridad-de-nuestro-companero-carlos-gonzalez","status":"publish","type":"post","link":"https:\/\/radiozapatista.org\/?p=52693","title":{"rendered":"Denuncia p\u00fablica de la comunidad otom\u00ed residente en la CDMX por el ataque a la integridad de nuestro compa\u00f1ero Carlos Gonz\u00e1lez"},"content":{"rendered":"\n<p>Denuncia P\u00fablica que no solo resulta ser una amenaza velada y P\u00fablica, sino un ataque directo a la integridad y seguridad de nuestro compa\u00f1ero Carlos Gonz\u00e1lez Garc\u00eda, integrante del Congreso Nacional Ind\u00edgena, CNI-CIG.<\/p>\n\n\n\n<p>El d\u00eda de ayer, 30 de octubre de 2025, en el Congreso de la Ciudad de M\u00e9xico, se llev\u00f3 a cabo la Mesa de Trabajo del Instituto de Planeaci\u00f3n Democr\u00e1tica y Prospectiva, (IPDP).<\/p>\n\n\n\n<p>Esta Mesa de Trabajo, ten\u00eda como objetivo anunciar la aparici\u00f3n p\u00fablica del PLAN GENERAL DE DESARROLLO DE LA CIUDAD DE M\u00c9XICO 2025-2045, para su lectura, reflexi\u00f3n, an\u00e1lisis y consulta ciudadana.<\/p>\n\n\n\n<p>M\u00e1s all\u00e1 del contexto y la justificaci\u00f3n que dieron los diputad@s del Congreso y Alcaldes de la Ciudad de M\u00e9xico para abordar el tema\u2026!<\/p>\n\n\n\n<p>Hoy queremos denunciar los siguiente:<\/p>\n\n\n\n<p>En el uso de la palabra, la C. Diputada por Tl\u00e1huac y Milpa Alta, integrante de la mal llamada 4a Transformaci\u00f3n, Judith Venegas Tapia, no acudi\u00f3 a esta Mesa de Trabajo, para debatir respecto al tema. Acudi\u00f3 para DENUNCIAR, CRIMINALIZAR, SE\u00d1ALAR Y AMENAZAR VELADA Y P\u00daBLICAMENTE a nuestro Compa\u00f1ero y Abogado, Carlos Gonz\u00e1lez Garc\u00eda, integrante de la Coordinaci\u00f3n General del Congreso Nacional Ind\u00edgena-Concejo Ind\u00edgena de Gobierno, CNI-CIG. Con ello, pone en riesgo la integridad y seguridad de nuestro Compa\u00f1ero.<\/p>\n\n\n\n<p>Para su mayor conocimiento, ac\u00e1 dejamos parte de la transcripci\u00f3n de de las palabras de la DIP. Judith Venegas Tapia, se\u00f1al\u00f3 al respecto\u2026<\/p>\n\n\n\n<p>Empez\u00f3 hablando de su experiencia de cuando fue Alcaldesa en Milpa Alta\u2026, se refiri\u00f3 a que hubo un \u201cPROBLEMA FUERT\u00cdSIMO, EL CIERRE DE LA CARRETERA A SAN PEDRO CUANDO ENTRARON LOS POLIC\u00cdAS Y HUBO INCENDIOS EN Y SAN GREGORIO\u201d, y quiero comentarles que..<\/p>\n\n\n\n<p>\u201cATR\u00c1S DE TODOS ESTO, VA A SALIR\u2026\u201d<\/p>\n\n\n\n<p>\u201cAN\u00d3TENLO\u2026\u201d<\/p>\n\n\n\n<p>\u201cSE LLAMA EL LIC. CARLOS GONZ\u00c1LEZ GARC\u00cdA\u201d<\/p>\n\n\n\n<p>\u201cHA SIDO ENEMIGO HIST\u00d3RICO DE TODO ESTO QUE SE INTENTA HACER\u2026\u201d<\/p>\n\n\n\n<p>\u201cEL SE SE LEVANT\u00d3 Y FUE A LEVANTAR A LOS PUEBLOS Y BARRIOS ORIGINARIOS. EL ERA EL QUE ESTABA ATR\u00c1S DEL MOVIMIENTO EN CONTRA DE LA DRA. CLAUDIA (SHEINBAUM), QUE EN ESE MOMENTO ERA NUESTRA JEFA DE GOBIERNO\u201d<\/p>\n\n\n\n<p>\u2026<\/p>\n\n\n\n<p>\u201cES IMPORTANTE PORUE ESTE SR. SALE A LA LUZ, Y \u00c9L ES \u2026, LA DRA. CLAUDIA SHEINBAUM, NUESTRA PRESIDENTA \u2018LO TRAE DEBIDAMENTE\u2019\u2026, LO TRAE\u2026, SABE QUI\u00c9N ES \u00c9L, S\u00c1BE QUE SE VA A LEVANTAR, SABE QUE EN CUANTO HAYA ESTO, EL VA A SALIR A LA LUZ P\u00daBLICA.\u201d<\/p>\n\n\n\n<p>\u201c\u00c9L ACOMPA\u00d1\u00d3 EN SU MOMENTO AL MOVIMIENTO ZAPATISTA, CUANDO LLEG\u00d3 A MILPA ALTA\u2026\u201d, \u201cEL LLEG\u00d3 AH\u00cd CON EL MOVIMIENTO ZAPATISTA, CUANDO LLEG\u00d3 MARCOS\u201d. \u201cENTONCES S\u00cd ES UN HOMBRE QUE TIENE INCIDENCIA, SI ES UN HOMBRE QUE PUEDE MOVER, Y EN CUANTO VEA ESTO, VA A IR A TRANSMITIR.\u201d<\/p>\n\n\n\n<p>\u2026<\/p>\n\n\n\n<p>Por lo anteriormente expuesto, desde la Casa de los Pueblos y Comunidades Ind\u00edgenas \u201cSamir Flores Soberanes\u201d, donde adem\u00e1s se Construye El Com\u00fan\u201d, la Comunidad Ind\u00edgena Otom\u00ed residente en la CDMX, integrante del Congreso Nacional Ind\u00edgena, CNI-CIG..\/<\/p>\n\n\n\n<p>Denunciamos y condenamos en\u00e9rgicamente, que la Cuarta Transformaci\u00f3n encabezada por Claudia Sheinbaum, en el \u00e1mbito federal y por Clara Brugada en el \u00e1mbito local, as\u00ed como los Diputad@s que integran el Congreso de la Ciudad de M\u00e9xico, se conduzcan con amenazas y denuncias p\u00fablicas en contra de quienes consideran su adversarios.<\/p>\n\n\n\n<p>Denunciamos y es lamentable que siga criminaliz\u00e1ndose la lucha social, pues el compa\u00f1ero Carlos Gonz\u00e1lez Garc\u00eda,-y eso lo sabe bien Claudia Sheinbaum-, toda su vida ha acompa\u00f1ando al movimiento ind\u00edgena y campesino de este pa\u00eds.<\/p>\n\n\n\n<p>El compa\u00f1ero, es abogado especialista en derecho agrario e integrante de la Comisi\u00f3n de Coordinaci\u00f3n y Seguimiento del Congreso Nacional Ind\u00edgena-Concejo Ind\u00edgena de Gobierno, CNI-CIG.<\/p>\n\n\n\n<p>Denunciamos y responsabilizamos, la Dip. Morenista, Judith Venegas Tapia, por sus se\u00f1alamientos, que no solo representa una amenaza velada y p\u00fablica; representa un ataque directo a la seguridad e integridad de nuestro compa\u00f1ero.<\/p>\n\n\n\n<p>Condenamos su racismo, discriminaci\u00f3n y desprecio que la Cuarta Transformaci\u00f3n y sus tres niveles de Gobierno tiene contra los Pueblos Originarios y Comunidades Ind\u00edgenas. Pues el pasado 10 de agosto del a\u00f1o en curso, en el marco del D\u00eda Internacional de los Pueblos Ind\u00edgenas, el Traidor de los Pueblos, Adelfo Regino Montes titular del INPI y su compinche, Hugo Aguilar Ortiz, Ministro Presidente de la SCJN, celebraban las reformas al Art. 2 Constitucional, que a su modo, \u201creconocen a los pueblos y comunidades ind\u00edgenas y afroamericanas como sujetos de derecho p\u00fablico y les otorga autonom\u00eda, personalidad jur\u00eddica y patrimonio propio\u201d.<\/p>\n\n\n\n<p>Esto contraviene el reconocimiento que hacen en su mal llamada reforma constitucional, al se\u00f1alar que el Compa\u00f1ero Carlos fue a levantar a los pueblos originarios, neg\u00e1ndoles su derecho a pensar, negando su autonom\u00eda y negando su autodeterminaci\u00f3n.<\/p>\n\n\n\n<p>Denunciamos, que la Dip. Judith Venegas Tapia, pasa por alto, desconoce o simplemente, padece de ceguera legislativa, al se\u00f1alar que el compa\u00f1ero Carlos Gonz\u00e1lez Garc\u00eda \u201cest\u00e1 atr\u00e1s\u201d de la digna resistencia de los pueblos de Milpa Alta, Tl\u00e1huac o Xochimilco. Se equivoca Sra. Diputada, con reformas o sin reformas a modo, los Pueblos Originarios y Comunidades Ind\u00edgenas, han resistido por m\u00e1s de 533 a\u00f1os a la Guerra de Exterminio Capitalista.<\/p>\n\n\n\n<p>Denunciamos y condenamos la torpeza pol\u00edtica con la que se conduce la supuesta \u201crepresentante del pueblo\u201d, la Dip. Judith Venegas Tapia, pues sabemos que no habla a t\u00edtulo personal, habla en nombre de la 4T, por lo tanto asimismo que han declarado que el Compa\u00f1ero Carlos Gonz\u00e1lez es \u201cenemigo hist\u00f3rico\u201d de su Transformaci\u00f3n. Tambi\u00e9n reitera que Claudi\u201dA\u201d Sheinbaum lo \u201ctrae debidamente\u201d ubicado?, se\u00f1alado?, perseguido?, vigilado?, observado?\u2026<\/p>\n\n\n\n<p>Condenamos que la lucha, resistencia, autonom\u00eda y dignidad de nuestr@s Herma@s del Ej\u00e9rcito Zapatista de Liberaci\u00f3n Nacional, EZLN, hoy se convierta en un se\u00f1alamiento torpe y est\u00fapido por el solo hecho de caminar y acompa\u00f1ar su digna rabia. Y porque en medio de la tormenta que impone la Cuarta Transformaci\u00f3n y el Sistema Capitalista y Patriarcal, ellos construyen el Com\u00fan y un mundo donde quepan muchos mundos.<\/p>\n\n\n\n<p>Toda nuestra solidaridad y apoyo al Congreso Nacional Ind\u00edgena-Consejo Ind\u00edgena de Gobierno, CNI-CIG, pues una agresi\u00f3n y ataque a uno de sus integrante, representa un ataque y agresi\u00f3n al Congreso Nacional Ind\u00edgena, CNI. Que en la V\u00edspera de cumplir 30 a\u00f1os, recibe ataques y agresiones de la Cuarta Transformaci\u00f3n.<\/p>\n\n\n\n<p>PD. Lo que Dip. No mencion\u00f3, es que la Comunidad Ind\u00edgena Otom\u00ed, residente en la CDMX, quien cumpli\u00f3 recientemente 5 a\u00f1os de haber tomado las oficinas del INPI, hoy Casa de los Pueblos y Comunidades Ind\u00edgenas \u201cSamir Flores Soberanes\u201d, tambi\u00e9n estuvimos ah\u00ed, y vamos a seguir estando con los pueblos originarios de Milpa Alta, Tl\u00e1huac y Xochimilco, le guste o no le guste Sra. Diputada. La autodeterminaci\u00f3n y Autonom\u00eda de los Pueblos, la decidimos nosotros, por encima de su Congreso de la Ciudad.<\/p>\n\n\n\n<p>Por la reconstituci\u00f3n integral de nuestros Pueblos<\/p>\n\n\n\n<p>Nunca m\u00e1s un M\u00e9xico sin nosotros<\/p>\n\n\n\n<p>Alto a la Guerra contra los Pueblos Zapatistas<\/p>\n\n\n\n<p>Zapata Vive, la Lucha Sigue!<\/p>\n\n\n\n<p>Atentamente<\/p>\n\n\n\n<p>Comunidad Ind\u00edgena Otom\u00ed residente en en la CDMX<\/p>\n","protected":false},"excerpt":{"rendered":"<p>Denuncia P\u00fablica que no solo resulta ser una amenaza velada y P\u00fablica, sino un ataque directo a la integridad y seguridad de nuestro compa\u00f1ero Carlos Gonz\u00e1lez Garc\u00eda, integrante del Congreso Nacional Ind\u00edgena, CNI-CIG. El d\u00eda de ayer, 30 de octubre de 2025, en el Congreso de la Ciudad de M\u00e9xico, se llev\u00f3 a cabo la [&hellip;]<\/p>\n","protected":false},"author":21,"featured_media":52694,"comment_status":"open","ping_status":"closed","sticky":false,"template":"","format":"standard","meta":{"footnotes":""},"categories":[957,826,958,954,935],"tags":[53,567,147,545,87,148,27],"class_list":["post-52693","post","type-post","status-publish","format-standard","has-post-thumbnail","hentry","category-autonomia","category-medios-libres-2","category-megaproyectos","category-mexico","category-temas","tag-justicia","tag-megaproyectos","tag-militarizacion","tag-pueblos-indigenas","tag-represion","tag-resistencia","tag-solidaridad"],"_links":{"self":[{"href":"https:\/\/radiozapatista.org\/index.php?rest_route=\/wp\/v2\/posts\/52693","targetHints":{"allow":["GET"]}}],"collection":[{"href":"https:\/\/radiozapatista.org\/index.php?rest_route=\/wp\/v2\/posts"}],"about":[{"href":"https:\/\/radiozapatista.org\/index.php?rest_route=\/wp\/v2\/types\/post"}],"author":[{"embeddable":true,"href":"https:\/\/radiozapatista.org\/index.php?rest_route=\/wp\/v2\/users\/21"}],"replies":[{"embeddable":true,"href":"https:\/\/radiozapatista.org\/index.php?rest_route=%2Fwp%2Fv2%2Fcomments&post=52693"}],"version-history":[{"count":1,"href":"https:\/\/radiozapatista.org\/index.php?rest_route=\/wp\/v2\/posts\/52693\/revisions"}],"predecessor-version":[{"id":52695,"href":"https:\/\/radiozapatista.org\/index.php?rest_route=\/wp\/v2\/posts\/52693\/revisions\/52695"}],"wp:featuredmedia":[{"embeddable":true,"href":"https:\/\/radiozapatista.org\/index.php?rest_route=\/wp\/v2\/media\/52694"}],"wp:attachment":[{"href":"https:\/\/radiozapatista.org\/index.php?rest_route=%2Fwp%2Fv2%2Fmedia&parent=52693"}],"wp:term":[{"taxonomy":"category","embeddable":true,"href":"https:\/\/radiozapatista.org\/index.php?rest_route=%2Fwp%2Fv2%2Fcategories&post=52693"},{"taxonomy":"post_tag","embeddable":true,"href":"https:\/\/radiozapatista.org\/index.php?rest_route=%2Fwp%2Fv2%2Ftags&post=52693"}],"curies":[{"name":"wp","href":"https:\/\/api.w.org\/{rel}","templated":true}]}}