{"id":52689,"date":"2025-10-29T19:53:00","date_gmt":"2025-10-30T01:53:00","guid":{"rendered":"https:\/\/radiozapatista.org\/?p=52689"},"modified":"2025-11-01T20:02:50","modified_gmt":"2025-11-02T02:02:50","slug":"delegacion-internacional-visita-mexico-para-fortalecer-la-cooperacion-en-derechos-humanos-y-proteccion-a-personas-defensoras-y-periodistas","status":"publish","type":"post","link":"https:\/\/radiozapatista.org\/?p=52689","title":{"rendered":"Delegaci\u00f3n internacional visita M\u00e9xico para fortalecer la cooperaci\u00f3n en derechos humanos y protecci\u00f3n a personas defensoras y periodistas"},"content":{"rendered":"\n<figure class=\"wp-block-image size-full\"><img loading=\"lazy\" decoding=\"async\" width=\"819\" height=\"1024\" src=\"https:\/\/radiozapatista.org\/wp-content\/uploads\/2025\/11\/Tejer-Dialogos819x1024.jpg\" alt=\"\" class=\"wp-image-52690\" srcset=\"https:\/\/radiozapatista.org\/wp-content\/uploads\/2025\/11\/Tejer-Dialogos819x1024.jpg 819w, https:\/\/radiozapatista.org\/wp-content\/uploads\/2025\/11\/Tejer-Dialogos819x1024-240x300.jpg 240w, https:\/\/radiozapatista.org\/wp-content\/uploads\/2025\/11\/Tejer-Dialogos819x1024-768x960.jpg 768w\" sizes=\"auto, (max-width: 819px) 100vw, 819px\" \/><\/figure>\n\n\n\n<p><strong>29 de octubre de 2025<\/strong><\/p>\n\n\n\n<p>La <a href=\"https:\/\/human-rights-mx-eu.org\/\">Plataforma por la Paz y los Derechos Humanos M\u00e9xico \u2013 Uni\u00f3n Europea<\/a> organiza, del 29 de octubre al 7 de noviembre, una delegaci\u00f3n internacional integrada por europarlamentarias, organizaciones solidarias de Alemania, la Agencia Catalana de Cooperaci\u00f3n, el Fons Catal\u00e0 de Cooperaci\u00f3n, el Consejo de la Abogac\u00eda de Catalu\u00f1a, la Federaci\u00f3n Interamericana de la Abogac\u00eda, la Asociaci\u00f3n Libre de Mujeres Abogadas, el Colegio de Abogados de Bolonia (Italia) y las asociaciones Mujeres Pa\u2019lante y La Garriga Sociedad Civil de Catalu\u00f1a.<\/p>\n\n\n\n<p>\u201cTejer Di\u00e1logos, Defender Derechos\u201d es el nombre de este viaje de cooperaci\u00f3n internacional, que tiene el objetivo de fortalecer el di\u00e1logo entre M\u00e9xico y la Uni\u00f3n Europea, promover la cooperaci\u00f3n internacional y conocer de primera mano la situaci\u00f3n de los derechos humanos, las personas defensoras y la paz en el pa\u00eds a trav\u00e9s de una visita solidaria a M\u00e9xico por parte de la delegaci\u00f3n.<\/p>\n\n\n\n<p>La visita busca visibilizar la importancia de la cooperaci\u00f3n internacional entre pa\u00edses, posicionar en la agenda global los desaf\u00edos en materia de migraci\u00f3n, as\u00ed como los que enfrentan quienes defienden derechos humanos y ejercen el periodismo, e incidir ante autoridades sobre la necesidad de garantizar su protecci\u00f3n y su derecho a la participaci\u00f3n pol\u00edtica.<\/p>\n\n\n\n<p>Asimismo, resalta que la colaboraci\u00f3n entre sociedad civil y cooperaci\u00f3n internacional debe ser transparente, responsable y orientada a resultados concretos, reconociendo a las personas defensoras de derechos humanos como actores esenciales para la justicia y la paz.<\/p>\n\n\n\n<blockquote class=\"wp-block-quote is-layout-flow wp-block-quote-is-layout-flow\">\n<p>\u201cEn M\u00e9xico persisten altos niveles de violencia e impunidad, reflejados de manera alarmante en la violencia de g\u00e9nero y los feminicidios que diariamente cobran la vida de mujeres y ni\u00f1as. Esta realidad evidencia la urgencia de fortalecer la cooperaci\u00f3n internacional para proteger a quienes defienden los derechos humanos y exigen justicia en contextos cada vez m\u00e1s adversos\u201d, se\u00f1al\u00f3 Diana Riba i Giner, Europarlamentaria.<\/p>\n<\/blockquote>\n\n\n\n<p>Durante la visita, la delegaci\u00f3n sostendr\u00e1 reuniones con personas legisladoras, integrantes de la Suprema Corte de Justicia de la Naci\u00f3n, de la Secretar\u00eda de Gobernaci\u00f3n, de la Comisi\u00f3n Nacional de B\u00fasqueda, de la Comisi\u00f3n Ejecutiva de Atenci\u00f3n a V\u00edctimas, de la Fiscal\u00eda General de la Rep\u00fablica, as\u00ed como con organizaciones de la sociedad civil a nivel nacional y local, la Oficina del Alto Comisionado de las Naciones Unidas para los Derechos Humanos en M\u00e9xico y el Consejo Consultivo del Mecanismo Federal de Protecci\u00f3n para Personas Defensoras de Derechos Humanos y Periodistas.<\/p>\n\n\n\n<p>Tambi\u00e9n se visitar\u00e1 Tapachula, Chiapas, para conocer la situaci\u00f3n de las personas migrantes y sujetas de protecci\u00f3n internacional, as\u00ed como a personas defensoras criminalizadas en San Juan Cancuc y personas arbitrariamente privadas de la libertad; tambi\u00e9n se conocer\u00e1 m\u00e1s acerca de la situaci\u00f3n de Kenia Hern\u00e1ndez, defensora amuzga injustamente presa en el Estado de M\u00e9xico.<\/p>\n\n\n\n<p>En M\u00e9xico, desde 2023 a la fecha han sido documentados al menos 47 asesinatos a personas defensoras de derechos humanos y 14 periodistas en posible relaci\u00f3n con su labor, de acuerdo con informaci\u00f3n de organizaciones que integran el Espacio OSC para la Protecci\u00f3n de Personas Defensoras de Derechos Humanos y Periodistas. De esas, 16 ten\u00edan medidas de protecci\u00f3n vigentes al momento de los hechos. La situaci\u00f3n de las mujeres defensoras en el pa\u00eds es especialmente alarmante; con base en el registro de la Iniciativa Mesoamericana de Mujeres Defensoras de Derechos Humanos, en este mismo periodo se ha documentado el asesinato de de 18 mujeres defensoras de derechos humanos, la mitad de ellas eran buscadoras (9) y cuatro de ellas eran defensoras de las disidencias sexo-g\u00e9n\u00e9ricas (4).<\/p>\n\n\n\n<p>La visita es organizada por la Plataforma por la Paz y los Derechos Humanos M\u00e9xico\u2013Uni\u00f3n Europea, conformada por 15 redes y organizaciones de sociedad civil y cooperaci\u00f3n internacional. Los resultados de este viaje de cooperaci\u00f3n y di\u00e1logo se presentar\u00e1n en una conferencia de prensa ante medios de comunicaci\u00f3n el pr\u00f3ximo jueves 6 de noviembre en Tuxtla Guti\u00e9rrez, Chiapas y ante autoridades europeas en las pr\u00f3ximas semanas.<\/p>\n\n\n\n<p><strong>Contacto de prensa:<\/strong><br>Sandra Suaste Avila- Coordinaci\u00f3n de comunicaci\u00f3n de la Red TDT<br><a href=\"mailto:comunicacion@redtdt.org.mx\">comunicacion@redtdt.org.mx<\/a> \u2013 +525641601331<br><a href=\"mailto:Espacioosc@gmail.com\">Espacioosc@gmail.com<\/a> \u2013 +52 444 434 07 97<\/p>\n\n\n\n<p>La <a href=\"https:\/\/human-rights-mx-eu.org\/\">Plataforma por la Paz y los Derechos Humanos M\u00e9xico \u2013 Uni\u00f3n Europea<\/a> se constituye por: (1) Red Nacional de Defensoras de Derechos Humanos; (2) Iniciativa Mesoamericana de Mujeres Defensoras de Derechos Humanos; (3) Red de Organismos Civiles de Derechos Humanos \u201cTodos los Derechos para Todas, Todos y Todes\u201d (Red TDT); (4) Grupo de Trabajo de Pol\u00edtica Migratoria; (5) Espacio OSC para la protecci\u00f3n de personas defensoras y periodistas; (6) Red por los Derechos de la Infancia en M\u00e9xico; (7) EU-Lat Network; (8) Organizaci\u00f3n Mundial contra la Tortura; (9) Brigadas Internacionales de Paz \u2013 M\u00e9xico; (10) Servicio Internacional para la Paz ; (11) Movimiento Sueco por la Reconciliaci\u00f3n SWEfor; (12) Transnational Institute; (13) ACAT Francia; (14) CAREA e.V.; y (15) Taula per M\u00e8xic.<\/p>\n\n\n\n<p>La entrada <a href=\"https:\/\/www.taulapermexic.org\/boletin-de-prensa-delegacion-internacional-visita-mexico-para-fortalecer-la-cooperacion-en-derechos-humanos-y-proteccion-a-personas-defensoras-y-periodistas\/\">Bolet\u00edn de prensa. Delegaci\u00f3n internacional visita M\u00e9xico para fortalecer la cooperaci\u00f3n en derechos humanos y protecci\u00f3n a personas defensoras y periodistas<\/a> se public\u00f3 primero en <a href=\"https:\/\/www.taulapermexic.org\">Taula per Mexic<\/a>. Navegaci\u00f3n de entradas<\/p>\n\n\n\n<p><a href=\"https:\/\/human-rights-mx-eu.org\/boletin-de-prensa-tejer-dialogos-defender-derechos-cooperacion-mexico-eu\/\"><\/a><\/p>\n\n\n\n<p><\/p>\n","protected":false},"excerpt":{"rendered":"<p>29 de octubre de 2025 La Plataforma por la Paz y los Derechos Humanos M\u00e9xico \u2013 Uni\u00f3n Europea organiza, del 29 de octubre al 7 de noviembre, una delegaci\u00f3n internacional integrada por europarlamentarias, organizaciones solidarias de Alemania, la Agencia Catalana de Cooperaci\u00f3n, el Fons Catal\u00e0 de Cooperaci\u00f3n, el Consejo de la Abogac\u00eda de Catalu\u00f1a, la [&hellip;]<\/p>\n","protected":false},"author":21,"featured_media":52691,"comment_status":"open","ping_status":"closed","sticky":false,"template":"","format":"standard","meta":{"footnotes":""},"categories":[957,51,6,826,954,953,935],"tags":[58,53,567,147,545,87,148,27,483],"class_list":["post-52689","post","type-post","status-publish","format-standard","has-post-thumbnail","hentry","category-autonomia","category-autor","category-chiapas","category-medios-libres-2","category-mexico","category-mundo","category-temas","tag-derechos-humanos","tag-justicia","tag-megaproyectos","tag-militarizacion","tag-pueblos-indigenas","tag-represion","tag-resistencia","tag-solidaridad","tag-tierra-y-territorio"],"_links":{"self":[{"href":"https:\/\/radiozapatista.org\/index.php?rest_route=\/wp\/v2\/posts\/52689","targetHints":{"allow":["GET"]}}],"collection":[{"href":"https:\/\/radiozapatista.org\/index.php?rest_route=\/wp\/v2\/posts"}],"about":[{"href":"https:\/\/radiozapatista.org\/index.php?rest_route=\/wp\/v2\/types\/post"}],"author":[{"embeddable":true,"href":"https:\/\/radiozapatista.org\/index.php?rest_route=\/wp\/v2\/users\/21"}],"replies":[{"embeddable":true,"href":"https:\/\/radiozapatista.org\/index.php?rest_route=%2Fwp%2Fv2%2Fcomments&post=52689"}],"version-history":[{"count":1,"href":"https:\/\/radiozapatista.org\/index.php?rest_route=\/wp\/v2\/posts\/52689\/revisions"}],"predecessor-version":[{"id":52692,"href":"https:\/\/radiozapatista.org\/index.php?rest_route=\/wp\/v2\/posts\/52689\/revisions\/52692"}],"wp:featuredmedia":[{"embeddable":true,"href":"https:\/\/radiozapatista.org\/index.php?rest_route=\/wp\/v2\/media\/52691"}],"wp:attachment":[{"href":"https:\/\/radiozapatista.org\/index.php?rest_route=%2Fwp%2Fv2%2Fmedia&parent=52689"}],"wp:term":[{"taxonomy":"category","embeddable":true,"href":"https:\/\/radiozapatista.org\/index.php?rest_route=%2Fwp%2Fv2%2Fcategories&post=52689"},{"taxonomy":"post_tag","embeddable":true,"href":"https:\/\/radiozapatista.org\/index.php?rest_route=%2Fwp%2Fv2%2Ftags&post=52689"}],"curies":[{"name":"wp","href":"https:\/\/api.w.org\/{rel}","templated":true}]}}