{"id":52682,"date":"2025-10-31T18:16:45","date_gmt":"2025-11-01T00:16:45","guid":{"rendered":"https:\/\/radiozapatista.org\/?p=52682"},"modified":"2025-10-31T18:16:46","modified_gmt":"2025-11-01T00:16:46","slug":"repudio-ante-la-peor-masacre-cometida-en-rio-de-janeiro-por-las-fuerzas-policiales","status":"publish","type":"post","link":"https:\/\/radiozapatista.org\/?p=52682","title":{"rendered":"Repudio ante la peor masacre cometida en R\u00edo de Janeiro por las fuerzas policiales"},"content":{"rendered":"\n<p><em>Em portugu\u00eas abaixo.<\/em><\/p>\n\n\n\n<p class=\"has-text-align-center\"><strong>PRONUNCIAMIENTO<\/strong><\/p>\n\n\n\n<p class=\"has-text-align-center\"><strong>\u00a1ALTO AL NECROCAPITALISMO CONTRA LAS FAVELAS, LAS PERIFERIAS Y LOS PUEBLOS DE BRASIL Y DEL MUNDO!<\/strong><\/p>\n\n\n\n<p>En la madrugada del martes 28 de octubre de este a\u00f1o de 2025, comenz\u00f3 lo que ya se ha convertido en la mayor masacre registrada en la ciudad de R\u00edo de Janeiro, con 138 muertos hasta la \u00faltima actualizaci\u00f3n. La operaci\u00f3n, denominada Operaci\u00f3n Contenci\u00f3n, fue ejecutada por la Polic\u00eda Militar del Estado de R\u00edo de Janeiro (PMERJ), seg\u00fan inform\u00f3 el gobernador Cl\u00e1udio Castro. La acci\u00f3n se llev\u00f3 a cabo en los complejos de favelas de Penha y del Alem\u00e3o, en la Zona Norte de la ciudad, una regi\u00f3n densamente poblada, principalmente por comunidades populares y personas negras y pardas, con el objetivo oficial de cumplir \u00f3rdenes de arresto contra l\u00edderes e integrantes de la organizaci\u00f3n narcotraficante Comando Vermelho (CV).<\/p>\n\n\n\n<p>La Regi\u00f3n Metropolitana de R\u00edo de Janeiro (RMRJ) cuenta con aproximadamente 12 millones de habitantes, casi 7 millones de ellos residentes en la capital, integrando 21 municipios. El principal eje de desplazamiento de trabajadores y trabajadoras es la Avenida Brasil, v\u00eda estrat\u00e9gica que atraviesa los complejos de favelas foco de la operaci\u00f3n. Con la movilizaci\u00f3n de 2,500 soldados, el gobierno estatal y su polic\u00eda generaron d\u00edas de terror en toda la ciudad: numerosas calles fueron cerradas, el transporte p\u00fablico se interrumpi\u00f3, y quienes lograron llegar a sus lugares de trabajo no pudieron regresar a sus hogares con facilidad. Este escenario evidencia un ejemplo extremo de c\u00f3mo no se debe gestionar la seguridad en una metr\u00f3poli.<\/p>\n\n\n\n<p>Frente a estos hechos y a la complejidad de abordar una regi\u00f3n estigmatizada por su violencia, se destacan varios puntos esenciales. Primero, R\u00edo de Janeiro, antigua capital de la rep\u00fablica, tiene su geograf\u00eda marcada por la presencia predominante de personas negras, especialmente en favelas y periferias, lo que genera una diferenciaci\u00f3n sistem\u00e1tica en la manera en que el Estado implementa sus pol\u00edticas de seguridad en estos territorios. Constituye la historia de Brasil la criminalizaci\u00f3n, judicializaci\u00f3n y persecuci\u00f3n a todas las culturas, conocimientos, pr\u00e1cticas y territorialidades negras. Segundo, la ciudad alberga una red compleja de actores que disputan territorios urbanos: grupos narcotraficantes de distintas organizaciones, milicias paramilitares, y redes de control de apuestas ilegales, que compiten por el control territorial, frecuentemente mediante enfrentamientos armados.<\/p>\n\n\n\n<p>El tercer elemento clave es la estigmatizaci\u00f3n de la violencia y la reproducci\u00f3n de pol\u00edticas de exterminio estatales durante d\u00e9cadas. La historia colonial del origen de la Polic\u00eda Militar &#8211; un instrumento de la \u00e9lite blanca para controlar las personas esclavizadas, fugitivas, los reci\u00e9n libertos, todas explotadas en la econom\u00eda pol\u00edtica capitalista. La polic\u00eda de R\u00edo de Janeiro se encuentra marcada por corrupci\u00f3n y acciones letales en las favelas, desafiando los derechos fundamentales de sus habitantes, y respaldada por una cobertura medi\u00e1tica que legitima la narrativa de la \u201cguerra contra las drogas\u201d. Sus agentes patrullan fuertemente armados, incluso en d\u00edas ordinarios, evidenciando un estado de tensi\u00f3n territorial permanente en amplias zonas de la ciudad. La guerra racista y de clase es tambi\u00e9n ideol\u00f3gica. El racismo como tecnolog\u00eda de poder est\u00e1 en las noticias, en cada palabra que racializa el crimen, lo pega diariamente al cuerpo negro, mientras los blancos jam\u00e1s son tratados como \u201ccriminales\u201d o \u201cterroristas\u201d, son tratados con respeto, aunque sean criminales. Los muertos negros son an\u00f3nimos, mientras los policiales tienen nombre, familia, y en la muerte, son homenajeados con rituales dignos. El Estado no solo es c\u00f3mplice del miedo, sino su fuente. Las violencias o violaciones a derechos humanos son constantes, adem\u00e1s de las operaciones policiales: agresiones f\u00edsicas, omisi\u00f3n de socorro, invasiones a casas, uso de residencias como trampas, la destrucci\u00f3n de inmuebles y bienes. El Estado genera terror e inseguridad al transformar las comunidades en zonas de guerra. Pero no garantiza pol\u00edticas de prevenci\u00f3n, infraestructura, educaci\u00f3n, vivienda digna y toda suerte de servicios p\u00fablicos.<\/p>\n\n\n\n<p>En un contexto de crisis pol\u00edtica estatal, con cinco exgobernadores arrestados en los \u00faltimos nueve a\u00f1os, y ante el endurecimiento de pol\u00edticas neoliberales en los territorios cariocas, la operaci\u00f3n puede interpretarse como una estrategia electoral. Parte de la poblaci\u00f3n respalda la radicalizaci\u00f3n de las acciones policiales, la violaci\u00f3n sistem\u00e1tica de la Constituci\u00f3n y el debilitamiento de los aparatos estatales encargados de garantizar derechos fundamentales para el pueblo. La acci\u00f3n militar responde a un intento desesperado del grupo pol\u00edtico en el poder estatal de fortalecerse de cara a las pr\u00f3ximas elecciones utilizando cuerpos brutalizados como espect\u00e1culo y promesa de seguridad p\u00fablica.<\/p>\n\n\n\n<p>Por otro lado, ninguna teor\u00eda o concepto logra capturar con precisi\u00f3n el malestar generalizado de la ciudadan\u00eda carioca y de la poblaci\u00f3n brasilera en general. La noci\u00f3n de \u201cvida desnuda\u201d o la \u201czona del no-ser\u201d de Fanon resuena con los 74 cuerpos encontrados por la poblaci\u00f3n en \u00e1reas boscosas, algunos decapitados, v\u00edctimas que los agentes militares ni siquiera tuvieron la decencia de tratar a estas personas como seres humanos; soldados de la Edad Media habr\u00edan mostrado m\u00e1s honor. Personas privadas de su derecho a un juicio conforme a la Constituci\u00f3n, cuya sentencia fue determinada por agentes del mismo Estado, quienes empu\u00f1aban fusiles y ametralladoras en lugar del martillo de la justicia. Esto ocurre en un pa\u00eds donde la pena de muerte fue oficialmente abolida en 1988.<\/p>\n\n\n\n<p>Los casos de matanzas en R\u00edo de Janeiro, as\u00ed como en Gaza y Sud\u00e1n, entre otros lugares del mundo, nos alertan sobre la violencia del capitalismo en su modelo neoliberal. Las bases \u00e9ticas y morales que sustentan este sistema est\u00e1n en entredicho y, desde su origen, no se sostienen ante la reproducci\u00f3n del poder y el modelo de acumulaci\u00f3n de capital. La libertad, la igualdad y la fraternidad son valores que nunca han estado presentes para los pueblos colonizados y racializados, para los que la modernidad sigue siendo hoy en d\u00eda sin\u00f3nimo de barbarie y colonialismo.<\/p>\n\n\n\n<p class=\"has-text-align-center\"><strong>\u00a1ALTO A LA MASACRE EN LAS FAVELAS Y LAS PERIFERIAS!<\/strong><br><strong>\u00a1ALTO A LA FALSA GUERRA CONTRA LAS DROGAS!<\/strong><br><strong>\u00a1ALTO AL NECROCAPITALISMO CONTRA LAS FAVELAS, LAS PERIFERIAS Y LOS PUEBLOS DE BRASIL Y DEL MUNDO!<\/strong><\/p>\n\n\n\n<p>En medio de los fragmentos, los escombros y el luto social, con todo el dolor del mundo, seguimos luchando por la vida, la dignidad y el territorio.<\/p>\n\n\n\n<p class=\"has-text-align-right\">Grupo de trabajo \u201cCuerpos, Territorios, Resistencias\u201d, GT CUTER CLACSO,<br>30 de octubre de 2025.<\/p>\n\n\n\n<hr class=\"wp-block-separator has-alpha-channel-opacity\"\/>\n\n\n\n<p class=\"has-text-align-center\"><strong>PRONUNCIAMENTO<\/strong><\/p>\n\n\n\n<p class=\"has-text-align-center\"><strong>BASTA AO NECROCAPITALISMO CONTRA AS FAVELAS, AS PERIFERIAS E OS POVOS DO BRASIL E DO MUNDO!<\/strong><\/p>\n\n\n\n<p>Na madrugada do dia 28\/10 (ter\u00e7a-feira), iniciou o que j\u00e1 se tornou a maior chacina ocorrida na cidade do Rio de Janeiro (138 mortos at\u00e9 a \u00faltima atualiza\u00e7\u00e3o), uma megaopera\u00e7\u00e3o da Pol\u00edcia Militar do Estado do Rio de Janeiro (PMERJ) batizada de Opera\u00e7\u00e3o Conten\u00e7\u00e3o, segundo o governador do estado Cl\u00e1udio Castro. A a\u00e7\u00e3o policial foi realizada nos complexos de favelas da Penha e do Alem\u00e3o, na Zona Norte da cidade, regi\u00e3o densamente povoada, principalmente por classes populares e pessoas pretas e pardas, onde o objetivo seria cumprir mandados de pris\u00e3o contra l\u00edderes e integrantes da organiza\u00e7\u00e3o narcotraficante Comando Vermelho (CV).<\/p>\n\n\n\n<p>A Regi\u00e3o Metropolitana do Rio de Janeiro (RMRJ) possui cerca de 12 milh\u00f5es de habitantes, sendo quase 7 milh\u00f5es moradores da capital, integrando 21 munic\u00edpios. A rota de deslocamento principal das trabalhadoras e trabalhadores \u00e9 a Avenida Brasil, via important\u00edssima da cidade que passa pelos complexos de favelas alvos da opera\u00e7\u00e3o. Com uma mobiliza\u00e7\u00e3o de 2,5 mil soldados, o governo do estado e sua pol\u00edcia causaram dias de terror em toda a cidade, pois muitas vias foram fechadas, coletivos urbanos deixaram de circular, e aquelas e aqueles que conseguiram chegar aos trabalhos n\u00e3o conseguiram voltar para casa t\u00e3o facilmente. Este cen\u00e1rio \u00e9 um exemplo de como n\u00e3o se deve conduzir a pol\u00edtica de seguran\u00e7a em uma grande cidade.<\/p>\n\n\n\n<p>Diante desses fatos e da complexidade de abordar uma regi\u00e3o estigmatizada pela viol\u00eancia, destacam-se v\u00e1rios pontos essenciais. Primeiro, o Rio de Janeiro, antiga capital da Rep\u00fablica, tem sua geografia marcada pela presen\u00e7a predominante de pessoas negras, especialmente nas favelas e periferias, o que gera uma diferencia\u00e7\u00e3o sistem\u00e1tica na forma como o Estado implementa suas pol\u00edticas de seguran\u00e7a nesses territ\u00f3rios. A hist\u00f3ria do Brasil \u00e9 marcada pela criminaliza\u00e7\u00e3o, judicializa\u00e7\u00e3o e persegui\u00e7\u00e3o de todas as culturas, conhecimentos, pr\u00e1ticas e territorialidades negras. Segundo, a cidade abriga uma complexa rede de atores que disputam territ\u00f3rios urbanos: grupos de narcotraficantes de diferentes organiza\u00e7\u00f5es, mil\u00edcias paramilitares e redes de controle de apostas ilegais (jogo do bicho), que competem pelo controle territorial, frequentemente por meio de confrontos armados.<\/p>\n\n\n\n<p>O terceiro elemento-chave \u00e9 a estigmatiza\u00e7\u00e3o da viol\u00eancia e a reprodu\u00e7\u00e3o de pol\u00edticas estatais de exterm\u00ednio ao longo de d\u00e9cadas. A hist\u00f3ria colonial da origem da Pol\u00edcia Militar &#8211; um instrumento da elite branca para controlar pessoas escravizadas, fugitivas, rec\u00e9m-libertadas, todas exploradas na economia pol\u00edtica capitalista. A pol\u00edcia do Rio de Janeiro \u00e9 marcada pela corrup\u00e7\u00e3o e a\u00e7\u00f5es letais nas favelas, desafiando os direitos fundamentais de seus habitantes e apoiada por uma cobertura midi\u00e1tica que legitima a narrativa da \u201cguerra contra as drogas\u201d. Seus agentes patrulham fortemente armados, mesmo em dias normais, evidenciando um estado de tens\u00e3o territorial permanente em amplas zonas da cidade. A guerra racista e de classe tamb\u00e9m \u00e9 ideol\u00f3gica.<\/p>\n\n\n\n<p>O racismo como tecnologia de poder est\u00e1 nas not\u00edcias, em cada palavra que racializa o crime, colando-o diariamente ao corpo negro, enquanto os brancos nunca s\u00e3o tratados como \u201ccriminosos\u201d ou \u201cterroristas\u201d, s\u00e3o tratados com respeito, mesmo que sejam criminosos. Os mortos negros s\u00e3o an\u00f4nimos, enquanto os policiais t\u00eam nome, fam\u00edlia e, na morte, s\u00e3o homenageados com rituais dignos. O Estado n\u00e3o \u00e9 apenas c\u00famplice do medo, mas sua fonte. A viol\u00eancia e as viola\u00e7\u00f5es dos direitos humanos s\u00e3o constantes, al\u00e9m das opera\u00e7\u00f5es policiais: agress\u00f5es f\u00edsicas, omiss\u00e3o de socorro, invas\u00f5es de casas, uso de resid\u00eancias como armadilhas, destrui\u00e7\u00e3o de im\u00f3veis e bens. O Estado gera terror e inseguran\u00e7a ao transformar as comunidades em zonas de guerra. Mas n\u00e3o garante pol\u00edticas de preven\u00e7\u00e3o, infraestrutura, educa\u00e7\u00e3o, moradia digna e todo tipo de servi\u00e7os p\u00fablicos.<\/p>\n\n\n\n<p>Em meio a uma crise pol\u00edtica do Estado, onde cinco ex-governadores foram presos nos \u00faltimos nove anos, al\u00e9m do recrudescimento das pol\u00edticas neoliberais em territ\u00f3rios cariocas, \u00e9 poss\u00edvel analisar a opera\u00e7\u00e3o como uma estrat\u00e9gia eleitoreira. Isso porque parte significativa da popula\u00e7\u00e3o adere ao discurso de radicaliza\u00e7\u00e3o das a\u00e7\u00f5es policiais, ao n\u00e3o cumprimento da Constitui\u00e7\u00e3o, e ao deterioramento de outros aparelhos estatais de garantia de direitos do fundamentais para o povo. A a\u00e7\u00e3o militar atende a uma tentativa desesperada, do grupo pol\u00edtico que est\u00e1 no poder estadual, de se fortalecer para as pr\u00f3ximas elei\u00e7\u00f5es utilizando corpos brutalizados como espet\u00e1culo e promessa de seguran\u00e7a p\u00fablica.&nbsp;<\/p>\n\n\n\n<p>Por outro lado, n\u00e3o h\u00e1 conceitos, teorias ou textos que consigam expressar com exatid\u00e3o o mal-estar geral do povo carioca, e da popula\u00e7\u00e3o brasileira em geral, nestes \u00faltimos dias. Talvez pensar na \u201cvida nua\u201d, ou na \u201czona do n\u00e3o-ser\u201d (de Frantz Fanon), tenha rela\u00e7\u00e3o com os 74 corpos encontrados nas matas pela popula\u00e7\u00e3o. Corpos que os agentes militares n\u00e3o tiveram nem a dec\u00eancia de tratar como seres humanos; soldados da Idade M\u00e9dia teriam mais honra. Pessoas que morreram sem direito a serem julgadas segundo a Constitui\u00e7\u00e3o, tendo sua senten\u00e7a decidida por agentes do mesmo Estado, que, em vez do martelo da justi\u00e7a, empunhavam fuzis e metralhadoras. Isto em um pa\u00eds onde a pena de morte foi oficialmente erradicada em 1988.<\/p>\n\n\n\n<p>Os casos de chacinas no Rio de Janeiro, assim como em Gaza e Sud\u00e3o, entre outros lugares do mundo, nos alertam para a viol\u00eancia do capitalismo em seu modelo neoliberal. As bases \u00e9ticas e morais que fundamentam este sistema est\u00e3o em xeque, e desde sua origem n\u00e3o se sustentam em face \u00e0 reprodu\u00e7\u00e3o do poder e do modelo de acumula\u00e7\u00e3o de capital. Liberdade, igualdade e fraternidade s\u00e3o valores que nunca se fizeram presentes para os povos colonizados e racializados, para os quais a modernidade se realiza ainda hoje como barb\u00e1rie e colonialismo.<\/p>\n\n\n\n<p class=\"has-text-align-center\"><strong>FIM AOS MASSACRES NAS FAVELAS E PERIFERIAS!<\/strong><\/p>\n\n\n\n<p class=\"has-text-align-center\"><strong>FIM \u00c0 FALSA GUERRA CONTRA AS DROGAS!<\/strong><\/p>\n\n\n\n<p class=\"has-text-align-center\"><strong>FIM AO NECROCAPITALISMO CONTRA AS FAVELAS, PERIFERIAS E POVOS DO BRASIL E DO MUNDO!<\/strong><\/p>\n\n\n\n<p>Em meio aos cacos, escombros e ao luto social, com toda a dor do mundo, seguimos lutando pela vida, pela dignidade e pelo territ\u00f3rio.&nbsp;<\/p>\n\n\n\n<p class=\"has-text-align-right\">Grupo de trabalho \u201cCorpos, Territ\u00f3rios, Resist\u00eancias\u201d,<br>GT CUTER CLACSO, 30 de outubro de 2025.<\/p>\n\n\n\n<p class=\"has-text-align-left\"><em>Foto de portada: REUTERS\/Ricardo Moraes<\/em><\/p>\n","protected":false},"excerpt":{"rendered":"<p>Em portugu\u00eas abaixo. PRONUNCIAMIENTO \u00a1ALTO AL NECROCAPITALISMO CONTRA LAS FAVELAS, LAS PERIFERIAS Y LOS PUEBLOS DE BRASIL Y DEL MUNDO! En la madrugada del martes 28 de octubre de este a\u00f1o de 2025, comenz\u00f3 lo que ya se ha convertido en la mayor masacre registrada en la ciudad de R\u00edo de Janeiro, con 138 muertos [&hellip;]<\/p>\n","protected":false},"author":1,"featured_media":52683,"comment_status":"open","ping_status":"closed","sticky":false,"template":"","format":"standard","meta":{"footnotes":""},"categories":[1284,826],"tags":[42,1079,147],"class_list":["post-52682","post","type-post","status-publish","format-standard","has-post-thumbnail","hentry","category-latinoamerica","category-medios-libres-2","tag-brasil","tag-masacre","tag-militarizacion"],"_links":{"self":[{"href":"https:\/\/radiozapatista.org\/index.php?rest_route=\/wp\/v2\/posts\/52682","targetHints":{"allow":["GET"]}}],"collection":[{"href":"https:\/\/radiozapatista.org\/index.php?rest_route=\/wp\/v2\/posts"}],"about":[{"href":"https:\/\/radiozapatista.org\/index.php?rest_route=\/wp\/v2\/types\/post"}],"author":[{"embeddable":true,"href":"https:\/\/radiozapatista.org\/index.php?rest_route=\/wp\/v2\/users\/1"}],"replies":[{"embeddable":true,"href":"https:\/\/radiozapatista.org\/index.php?rest_route=%2Fwp%2Fv2%2Fcomments&post=52682"}],"version-history":[{"count":1,"href":"https:\/\/radiozapatista.org\/index.php?rest_route=\/wp\/v2\/posts\/52682\/revisions"}],"predecessor-version":[{"id":52684,"href":"https:\/\/radiozapatista.org\/index.php?rest_route=\/wp\/v2\/posts\/52682\/revisions\/52684"}],"wp:featuredmedia":[{"embeddable":true,"href":"https:\/\/radiozapatista.org\/index.php?rest_route=\/wp\/v2\/media\/52683"}],"wp:attachment":[{"href":"https:\/\/radiozapatista.org\/index.php?rest_route=%2Fwp%2Fv2%2Fmedia&parent=52682"}],"wp:term":[{"taxonomy":"category","embeddable":true,"href":"https:\/\/radiozapatista.org\/index.php?rest_route=%2Fwp%2Fv2%2Fcategories&post=52682"},{"taxonomy":"post_tag","embeddable":true,"href":"https:\/\/radiozapatista.org\/index.php?rest_route=%2Fwp%2Fv2%2Ftags&post=52682"}],"curies":[{"name":"wp","href":"https:\/\/api.w.org\/{rel}","templated":true}]}}