{"id":52669,"date":"2025-10-22T14:25:57","date_gmt":"2025-10-22T20:25:57","guid":{"rendered":"https:\/\/radiozapatista.org\/?p=52669"},"modified":"2025-11-25T09:54:10","modified_gmt":"2025-11-25T15:54:10","slug":"fandango-masivo-por-la-solidaridad-urgente-por-los-pueblos-originarios-de-la-sierra-norte-de-veracruz","status":"publish","type":"post","link":"https:\/\/radiozapatista.org\/?p=52669","title":{"rendered":"Fandango Masivo por la Solidaridad Urgente por los Pueblos Originarios de la Sierra Norte de Veracruz"},"content":{"rendered":"\n<p class=\"has-text-align-center\">\u00a1EL SON ES COMPARTIR DESDE EL CORAZ\u00d3N!<\/p>\n\n\n\n<p class=\"has-text-align-center\">25 de Octubre, 2025.<\/p>\n\n\n\n<p class=\"has-text-align-center\">16:00 Hrs.<\/p>\n\n\n\n<p class=\"has-text-align-center\">Ca\u00edganle a la Solidaridad con Alegre Rebeld\u00eda<\/p>\n\n\n\n<p class=\"has-text-align-center\">Todos los recursos recaudados se canalizar\u00e1n a los pueblos afectados del CNI-CIG.<\/p>\n\n\n\n<p class=\"has-text-align-center\">Llamamos a la solidaridad urgente con los pueblos originarios de la Sierra Norte de Veracruz afectados por las intensas Iluvias de los \u00faltimos d\u00edas.<\/p>\n\n\n\n<p class=\"has-text-align-center\">Hacemos un Ilamado tambi\u00e9n a crear una nueva acepci\u00f3n en la necesaria construcci\u00f3n social del sentido com\u00fan.<\/p>\n\n\n\n<p class=\"has-text-align-center\">Nos uniremos para #recaudarfondos que son requeridos de manera urgente y ser\u00e1n destinados a la adquisici\u00f3n de combustibles para trasladar los acopios que se est\u00e1n concentrando en diversos puntos cercanos a la<\/p>\n\n\n\n<p class=\"has-text-align-center\">Sierra Norte de Veracruz, as\u00ed como para movilizar maquinaria pesada y apoyo m\u00e9dico; y que ser\u00e1n entregados puntualmente al Congreso Nacional Ind\u00edgena Regi\u00f3n Totonacapan.<\/p>\n\n\n\n<p class=\"has-text-align-center\">Recordemos que el origen del Son fue resultado de la necesidad de lucha, sigamos honrando este camino com\u00fan.<\/p>\n\n\n\n<p class=\"has-text-align-center\">Convocan:<\/p>\n\n\n\n<p class=\"has-text-align-center\">Congreso Nacional Ind\u00edgena-Concejo Indigena de Gobierno, CNI-CIG<\/p>\n\n\n\n<p class=\"has-text-align-center\">JARANER@s<\/p>\n\n\n\n<p class=\"has-text-align-center\">Comunidad Ind\u00edgena Otom\u00ed residente en la CDMX<\/p>\n\n\n\n<p class=\"has-text-align-center\">\u00a1Por la Reconstituci\u00f3n Integral de nuestros Pueblos!<\/p>\n\n\n\n<p class=\"has-text-align-center\">\u00a1Defender El Com\u00fan, es defender la Vida!<\/p>\n\n\n\n<p class=\"has-text-align-center\">\u00a1Zapata Vive, la Lucha Sigue!<\/p>\n\n\n<div class=\"wp-block-image\">\n<figure class=\"aligncenter size-large\"><img loading=\"lazy\" decoding=\"async\" width=\"576\" height=\"1024\" src=\"https:\/\/radiozapatista.org\/wp-content\/uploads\/2025\/10\/fandango_masivo-576x1024.jpg\" alt=\"\" class=\"wp-image-52670\" srcset=\"https:\/\/radiozapatista.org\/wp-content\/uploads\/2025\/10\/fandango_masivo-576x1024.jpg 576w, https:\/\/radiozapatista.org\/wp-content\/uploads\/2025\/10\/fandango_masivo-169x300.jpg 169w, https:\/\/radiozapatista.org\/wp-content\/uploads\/2025\/10\/fandango_masivo.jpg 720w\" sizes=\"auto, (max-width: 576px) 100vw, 576px\" \/><\/figure>\n<\/div>","protected":false},"excerpt":{"rendered":"<p>\u00a1EL SON ES COMPARTIR DESDE EL CORAZ\u00d3N! 25 de Octubre, 2025. 16:00 Hrs. Ca\u00edganle a la Solidaridad con Alegre Rebeld\u00eda Todos los recursos recaudados se canalizar\u00e1n a los pueblos afectados del CNI-CIG. Llamamos a la solidaridad urgente con los pueblos originarios de la Sierra Norte de Veracruz afectados por las intensas Iluvias de los \u00faltimos [&hellip;]<\/p>\n","protected":false},"author":21,"featured_media":52671,"comment_status":"open","ping_status":"closed","sticky":false,"template":"","format":"standard","meta":{"footnotes":""},"categories":[51,118,954,935],"tags":[58,53,147,545,148,27,483],"class_list":["post-52669","post","type-post","status-publish","format-standard","has-post-thumbnail","hentry","category-autor","category-ezln","category-mexico","category-temas","tag-derechos-humanos","tag-justicia","tag-militarizacion","tag-pueblos-indigenas","tag-resistencia","tag-solidaridad","tag-tierra-y-territorio"],"_links":{"self":[{"href":"https:\/\/radiozapatista.org\/index.php?rest_route=\/wp\/v2\/posts\/52669","targetHints":{"allow":["GET"]}}],"collection":[{"href":"https:\/\/radiozapatista.org\/index.php?rest_route=\/wp\/v2\/posts"}],"about":[{"href":"https:\/\/radiozapatista.org\/index.php?rest_route=\/wp\/v2\/types\/post"}],"author":[{"embeddable":true,"href":"https:\/\/radiozapatista.org\/index.php?rest_route=\/wp\/v2\/users\/21"}],"replies":[{"embeddable":true,"href":"https:\/\/radiozapatista.org\/index.php?rest_route=%2Fwp%2Fv2%2Fcomments&post=52669"}],"version-history":[{"count":2,"href":"https:\/\/radiozapatista.org\/index.php?rest_route=\/wp\/v2\/posts\/52669\/revisions"}],"predecessor-version":[{"id":52935,"href":"https:\/\/radiozapatista.org\/index.php?rest_route=\/wp\/v2\/posts\/52669\/revisions\/52935"}],"wp:featuredmedia":[{"embeddable":true,"href":"https:\/\/radiozapatista.org\/index.php?rest_route=\/wp\/v2\/media\/52671"}],"wp:attachment":[{"href":"https:\/\/radiozapatista.org\/index.php?rest_route=%2Fwp%2Fv2%2Fmedia&parent=52669"}],"wp:term":[{"taxonomy":"category","embeddable":true,"href":"https:\/\/radiozapatista.org\/index.php?rest_route=%2Fwp%2Fv2%2Fcategories&post=52669"},{"taxonomy":"post_tag","embeddable":true,"href":"https:\/\/radiozapatista.org\/index.php?rest_route=%2Fwp%2Fv2%2Ftags&post=52669"}],"curies":[{"name":"wp","href":"https:\/\/api.w.org\/{rel}","templated":true}]}}