{"id":52654,"date":"2025-10-20T19:48:26","date_gmt":"2025-10-21T01:48:26","guid":{"rendered":"https:\/\/radiozapatista.org\/?p=52654"},"modified":"2025-10-20T21:15:51","modified_gmt":"2025-10-21T03:15:51","slug":"52654","status":"publish","type":"post","link":"https:\/\/radiozapatista.org\/?p=52654","title":{"rendered":"Comunicado del Pueblo Creyente en Chiapas a un a\u00f1o del cobarde asesinato de jTatik Marcelo"},"content":{"rendered":"\n<figure class=\"wp-block-image\"><img decoding=\"async\" src=\"https:\/\/frayba.org.mx\/sites\/default\/files\/styles\/articulo\/public\/articles\/Dise%C3%B1o%20sin%20t%C3%ADtulo%20%285%29.jpg?itok=Jbe06oCR\" alt=\"\"\/><\/figure>\n\n\n\n<p>20 October 2025 \/&nbsp;<\/p>\n\n\n\n<p><a href=\"https:\/\/frayba.org.mx\/category\/palabra-de-los-pueblos\">Palabra de los Pueblos<\/a><\/p>\n\n\n\n<h1 class=\"wp-block-heading\">Comunicado del Pueblo Creyente en Chiapas a un a\u00f1o del cobarde asesinato de jTatik Marcelo<\/h1>\n\n\n\n<p><strong>DI\u00d3CESIS DE SAN CRIST\u00d3BAL DE LAS CASAS<br>A UN A\u00d1O DEL COBARDE ASESINATO DE JTATIC MARCELO P\u00c9REZ P\u00c9REZ PROFETA EN FAVOR DE LA PAZ Y LA JUSTICIA<\/strong><\/p>\n\n\n\n<p><em>\u201cLo que busco es la paz. Lo que busco es la paz para el pueblo y la paz es m\u00e1s grande que la muerte, que las amenazas y que mi vida\u201d (Padre Marcelo P\u00e9rez P\u00e9rez)<\/em><\/p>\n\n\n\n<p><strong>A TODO EL PUEBLO CREYENTE<br>A LAS Y LOS CREYENTES DE LAS DIFERENTES DI\u00d3CESIS A LA SOCIEDAD CIVIL<br>A LAS PERSONAS DE OTROS CREDOS RELIGIOSOS<br>A LOS HOMBRES Y MUJERES DE BUENA VOLUNTAD<br>A LOS MEDIOS DE COMUNICACI\u00d3N NACIONALES E INTERNACIONALES<\/strong><\/p>\n\n\n\n<p>Hermanas y hermanos, familiares de nuestro querido jTatic Marcelo, que en paz descanse, reciban un fraternal saludo.}<\/p>\n\n\n\n<p>Agradecemos grandemente a la familia de jTatic Marcelo por haberlo acompa\u00f1ado en el caminar de la Palabra de Dios, lo cual lo llev\u00f3 a ser un profeta y m\u00e1rtir de la paz. \u00c9l era un sacerdote de fe que animaba al Pueblo de Dios a denunciar las injusticias y nunca tuvo miedo de hacerlo y lo expresaba en sus homil\u00edas de las cuales recordamos que dijo \u201cPara m\u00ed la vida es Cristo, y morir una ganancia\u201d (cf. San Pablo a los Filipenses 1, 21). Adem\u00e1s, sembr\u00f3 semillas de esperanza. La estructura de poder que reprime a los pueblos quiso eliminarlas, pero esas semillas se multiplican porque hoy el padre Marcelo vive en los corazones de cada uno de nosotros y nosotras. \u00c9l entreg\u00f3 su vida libremente por la paz.<\/p>\n\n\n\n<p>No se desanimen, \u00e1nimo hermanos y hermanas familiares de jTatic Marcelo.<\/p>\n\n\n\n<p>En este primer aniversario del cobarde asesinato del padre Marcelo seguimos viviendo tiempos de oscuridad, la cual se extiende en la realidad de guerras, genocidios, despojo de territorios y migraci\u00f3n de miles de personas.<\/p>\n\n\n\n<p>Por ello tambi\u00e9n gritamos con millones de seres humanos: \u00a1ALTO AL GENOCIDIO EN GAZA! Que los gobernantes de todos los pa\u00edses exijan y detengan esta barbarie, verg\u00fcenza para la humanidad.<\/p>\n\n\n\n<p>A pesar de la \u201cEstrategia de Seguridad\u201d implementada por el Gobierno Federal y Estatal, nuestro pa\u00eds sigue sumido en la violencia: algunos de nuestros pueblos siguen sufriendo por asesinatos, desapariciones, \u201clevantones\u201d (secuestros), filtros del narco para entrar a las comunidades, desplazamientos forzados por la violencia criminal, espionaje. Siembra de drogas en comunidades, narcomenudeo y comercio de drogas en lugares clandestinos. As\u00ed como aumento de venta de alcohol en expendios con permisos de la autoridad, as\u00ed como en lugares clandestinos, a pesar de prohibiciones por acuerdos comunitarios o de algunas autoridades municipales. Tambi\u00e9n existen laboratorios clandestinos para procesar y fabricar drogas, que algunos han sido desmantelados por el Ej\u00e9rcito.<\/p>\n\n\n\n<p>Aunado a esto se ha conocido que algunos de los miembros de los cuerpos de seguridad del Estado contin\u00faan con una pr\u00e1ctica represiva como extorsiones, tablazos, intimidaciones a personas de las comunidades para producir miedo y querer tener el control del Territorio. As\u00ed como colusi\u00f3n de algunas autoridades.<\/p>\n\n\n\n<p>Entre tanta violencia queremos expresar como pueblo que grita: <strong>\u00a1Libertad a los hermanos que est\u00e1n encarcelados injustamente!<\/strong> Porque alzaron la voz para pedir justicia ante un poder que domina bajo el crimen organizado que oprime al pueblo y que goza de impunidad, para imponer sus mandatos con la fuerza de las armas, para quitar vidas a personas que quieren la paz.<br>Por ello en las comunidades existen divisiones por: partidos pol\u00edticos, programas sociales que no llegan a todas las personas que lo necesitan, religiones e incluso algunas veces dentro de los mismos servidores.<\/p>\n\n\n\n<p>Hay encarcelamientos y torturas a inocentes y graves violaciones a los derechos humanos como en el caso de los 5 hermanos presos de San Juan Cancuc. El Grupo de Trabajo de detenciones arbitrarias de la ONU ha emitido una recomendaci\u00f3n al Gobierno de M\u00e9xico expresando que teniendo en cuenta las circunstancias del caso, el remedio adecuado ser\u00eda poner inmediatamente en libertad a los 5 presos de San Juan Cancuc y concederles el derecho a una indemnizaci\u00f3n y otros tipos de reparaci\u00f3n, en un tiempo m\u00e1ximo de seis meses, plazo que se cumple en este mes de octubre.<\/p>\n\n\n\n<p>Unimos nuestras voces tambi\u00e9n a las organizaciones, colectivos y personas individuales que desde marzo del presente a\u00f1o solicitaron la revisi\u00f3n del caso del hermano catequista Pedro Cort\u00e9s L\u00f3pez y de Diego Mendoza Cruz sentenciados a 110 a\u00f1os de c\u00e1rcel, y que adem\u00e1s presentaron una queja ante el Grupo de Trabajo de Detenciones Arbitrarias de la ONU. (Diario la Jornada, 26 de marzo de 2025). No es posible que, al asesino del Padre Marcelo, sacerdote y defensor de derechos humanos, solo le hayan dado 20 a\u00f1os de prisi\u00f3n.<\/p>\n\n\n\n<p>Ante la realidad humana que ambiciona tener todo a su alrededor, junto con el capitalismo salvaje, que despoja a los pueblos de su tierra y territorio, sin conciencia de que, como pueblos originarios, tenemos una relaci\u00f3n de armon\u00eda y respeto a la vida y la naturaleza.<\/p>\n\n\n\n<p>Por ello denunciamos la imposici\u00f3n de la supercarretera San Crist\u00f3bal-Palenque, ya que no hay consulta verdadera a los pueblos originarios y sus dem\u00e1s derechos, ni se tiene en cuenta el grave da\u00f1o que causar\u00e1 a la Madre Tierra y las especies que viven en ella.<\/p>\n\n\n\n<p>Basta de corrupci\u00f3n pol\u00edtica, no m\u00e1s colusi\u00f3n con los grupos de poder y el crimen organizado, necesitamos justicia, igualdad, democracia. Ser libres y soberanos para la construcci\u00f3n de la paz. Porque no somos due\u00f1os de este mundo.<\/p>\n\n\n\n<p><strong>A los que luchan por la paz y la justicia.<\/strong><\/p>\n\n\n\n<p>Confiemos en la palabra de los pueblos y construyamos caminos entre todas y todos que nadie camine solo, es un tiempo para juntar nuestras voces.<\/p>\n\n\n\n<p>A los j\u00f3venes<\/p>\n\n\n\n<p>El joven de hoy pierde la vida en la tecnolog\u00eda, en los vicios y en la felicidad moment\u00e1nea. Por eso invitamos a los j\u00f3venes a empezar a vivir la verdadera alegr\u00eda de lo que Dios nos ha dado. No tengan miedo de ser profetas j\u00f3venes. No apaguen la voz de su coraz\u00f3n de querer buscar la paz. La juventud es aprovechar el ser \u00fatil y enfrentar los retos de la vida no tengan miedo de hacerlo. Que los j\u00f3venes no pasen desapercibidos en nuestra sociedad, sino que con sus acciones transformen el mundo, la sociedad. Tambi\u00e9n a las y los j\u00f3venes Jes\u00fas los llama a buscarle y seguirlo en la gran aventura de la vida, impulsados por la fe.<\/p>\n\n\n\n<p>\u00a1Hoy es el d\u00eda, atr\u00e9vete a seguirlo, ma\u00f1ana puede ser tarde!<\/p>\n\n\n\n<p>A un a\u00f1o de impunidad y de injusticia del cobarde asesinato del padre Marcelo denunciamos y exigimos a las autoridades correspondientes que hagan una investigaci\u00f3n exhaustiva que llegue a los autores intelectuales responsables del asesinato del jTatic Marcelo y sean castigados.<\/p>\n\n\n\n<p>No se ha hecho la justicia verdadera que tanto anhelamos, porque hasta el momento no se ha investigado el verdadero motivo de este crimen. Los autores intelectuales siguen gozando de impunidad.<\/p>\n\n\n\n<p>Exigimos a los tres niveles de gobierno que se aplique la justicia a los asesinos de otros m\u00e1rtires asesinados en nuestra Di\u00f3cesis, de Nueva Morelia, Chicomuselo: Ignacio, Isidra, Teresita de Jes\u00fas, Rosalinda, Yojari Bel\u00e9n, Dolores, Alfonso, Azael, Urbano, Brandi y Joel; de Nuevo Israelita: Sim\u00f3n Pedro, las y los m\u00e1rtires de Acteal, entre otros y otras.<\/p>\n\n\n\n<p>Nuestros m\u00e1rtires con sus vidas han dado una fuerza a nuestro caminar como Di\u00f3cesis. Ellas y ellos ya no est\u00e1n f\u00edsicamente entre nosotras y nosotros, pero su esp\u00edritu, su entrega y sus ense\u00f1anzas de caminar como profetas y pastores no se acabar\u00e1n jam\u00e1s.<\/p>\n\n\n\n<p>\u00a1Alto a la falsa paz!<br>\u00a1Alto a los asesinatos!<br>\u00a1Alto a los desplazamientos forzados por la violencia criminal!<br>\u00a1Alto a la narcopol\u00edtica!<br>\u00a1Alto al reclutamiento de los j\u00f3venes!<br>\u00a1Alto a las amenazas y hostigamientos a los defensores de los derechos humanos!<br>\u00a1Alto a la represi\u00f3n a los pueblos originarios que luchan por sus derechos!<br>\u00a1Alto a la destrucci\u00f3n de la Madre Tierra!<br>Caminemos juntas y juntos a la luz del Se\u00f1or, construyendo caminos de paz<\/p>\n\n\n\n<p>\u00a1Bienaventurados los que tienen hambre y sed de justicia porque ser\u00e1n saciados! (Mt 5,6)<\/p>\n\n\n\n<p><strong>En el a\u00f1o Jubilar de la Esperanza<\/strong><\/p>\n\n\n\n<p>Pueblo Creyente de la Di\u00f3cesis de San Crist\u00f3bal de Las Casas<br>&nbsp;<\/p>\n\n\n\n<p>San Andr\u00e9s Sakamch\u00b4en de los pobres, Chiapas, M\u00e9xico; a 20 de octubre de 2025.<\/p>\n\n\n\n<p>\u00a1Viva jTatic Marcelo!<br>\u00a1Vivan las m\u00e1rtires y los m\u00e1rtires!<br>\u00a1Viva el Pueblo Creyente!<br>\u00a1Vivan las y los que luchan por la paz y la justicia<br>&nbsp;<\/p>\n\n\n\n<p><a href=\"https:\/\/frayba.org.mx\/sites\/default\/files\/2025-10\/Comunicado%20Pueblo%20Creyente%201era.%20Pascua%20Padre%20Marcelo%20Oct_2025.pdf\">Descarga el Comunicado en PDF<\/a>(188.06 KB)<\/p>\n\n\n\n<p>Video Verdad y Justicia para el Padre Marcelo:<\/p>\n\n\n\n<p><a href=\"https:\/\/archive.org\/details\/2519908-justicia-verdad-padre-marcelo-corto\">https:\/\/archive.org\/details\/2519908-justicia-verdad-padre-marcelo-corto<\/a><\/p>\n\n\n\n<p><\/p>\n","protected":false},"excerpt":{"rendered":"<p>20 October 2025 \/&nbsp; Palabra de los Pueblos Comunicado del Pueblo Creyente en Chiapas a un a\u00f1o del cobarde asesinato de jTatik Marcelo DI\u00d3CESIS DE SAN CRIST\u00d3BAL DE LAS CASASA UN A\u00d1O DEL COBARDE ASESINATO DE JTATIC MARCELO P\u00c9REZ P\u00c9REZ PROFETA EN FAVOR DE LA PAZ Y LA JUSTICIA \u201cLo que busco es la paz. [&hellip;]<\/p>\n","protected":false},"author":21,"featured_media":52655,"comment_status":"open","ping_status":"closed","sticky":false,"template":"","format":"standard","meta":{"footnotes":""},"categories":[957,51,6,55,958,954,935],"tags":[58,53,567,147,23,545,87,148,27,483],"class_list":["post-52654","post","type-post","status-publish","format-standard","has-post-thumbnail","hentry","category-autonomia","category-autor","category-chiapas","category-frayba","category-megaproyectos","category-mexico","category-temas","tag-derechos-humanos","tag-justicia","tag-megaproyectos","tag-militarizacion","tag-paramilitares","tag-pueblos-indigenas","tag-represion","tag-resistencia","tag-solidaridad","tag-tierra-y-territorio"],"_links":{"self":[{"href":"https:\/\/radiozapatista.org\/index.php?rest_route=\/wp\/v2\/posts\/52654","targetHints":{"allow":["GET"]}}],"collection":[{"href":"https:\/\/radiozapatista.org\/index.php?rest_route=\/wp\/v2\/posts"}],"about":[{"href":"https:\/\/radiozapatista.org\/index.php?rest_route=\/wp\/v2\/types\/post"}],"author":[{"embeddable":true,"href":"https:\/\/radiozapatista.org\/index.php?rest_route=\/wp\/v2\/users\/21"}],"replies":[{"embeddable":true,"href":"https:\/\/radiozapatista.org\/index.php?rest_route=%2Fwp%2Fv2%2Fcomments&post=52654"}],"version-history":[{"count":4,"href":"https:\/\/radiozapatista.org\/index.php?rest_route=\/wp\/v2\/posts\/52654\/revisions"}],"predecessor-version":[{"id":52667,"href":"https:\/\/radiozapatista.org\/index.php?rest_route=\/wp\/v2\/posts\/52654\/revisions\/52667"}],"wp:featuredmedia":[{"embeddable":true,"href":"https:\/\/radiozapatista.org\/index.php?rest_route=\/wp\/v2\/media\/52655"}],"wp:attachment":[{"href":"https:\/\/radiozapatista.org\/index.php?rest_route=%2Fwp%2Fv2%2Fmedia&parent=52654"}],"wp:term":[{"taxonomy":"category","embeddable":true,"href":"https:\/\/radiozapatista.org\/index.php?rest_route=%2Fwp%2Fv2%2Fcategories&post=52654"},{"taxonomy":"post_tag","embeddable":true,"href":"https:\/\/radiozapatista.org\/index.php?rest_route=%2Fwp%2Fv2%2Ftags&post=52654"}],"curies":[{"name":"wp","href":"https:\/\/api.w.org\/{rel}","templated":true}]}}