{"id":52651,"date":"2025-10-20T10:05:14","date_gmt":"2025-10-20T16:05:14","guid":{"rendered":"https:\/\/radiozapatista.org\/?p=52651"},"modified":"2025-10-20T10:05:17","modified_gmt":"2025-10-20T16:05:17","slug":"el-asesinato-del-padre-marcelo-sigue-impune-porque-quienes-administran-la-justicia-en-chiapas-y-en-mexico-no-han-tenido-voluntad-de-investigar","status":"publish","type":"post","link":"https:\/\/radiozapatista.org\/?p=52651","title":{"rendered":"El asesinato del Padre Marcelo sigue impune, porque quienes administran la justicia en Chiapas y en M\u00e9xico no han tenido voluntad de investigar"},"content":{"rendered":"\n<p><strong>Organizaci\u00f3n Sociedad Civil Las Abejas de <a href=\"https:\/\/www.google.com\/search?ved=1t:260882&amp;q=Acteal+Chiapas&amp;bbid=1941318904038952196&amp;bpid=4106007364995726665\" target=\"_blank\" rel=\"noreferrer noopener\">Acteal<\/a><\/strong><\/p>\n\n\n\n<figure class=\"wp-block-image\"><a href=\"https:\/\/blogger.googleusercontent.com\/img\/b\/R29vZ2xl\/AVvXsEh_U2a9GHqgFRU5jEc48NqYig8bpxh7txD8JPHhBdbLGkc-3vDs9sPUHlORFQgfKJl7iEl7gYKWDBbfusHw0ddKqlcRhQel3xsk5x0bwupTPmqbsCsClpcFQ_axe3skcDWibOR4J4StjfqfU72AIr1iJTrxQdAjFO-IRfifA7SVe3EpdcO_dON6SAlv-qPL\/s259\/Blog,%20Acteal.jpg\"><img decoding=\"async\" src=\"https:\/\/blogger.googleusercontent.com\/img\/b\/R29vZ2xl\/AVvXsEh_U2a9GHqgFRU5jEc48NqYig8bpxh7txD8JPHhBdbLGkc-3vDs9sPUHlORFQgfKJl7iEl7gYKWDBbfusHw0ddKqlcRhQel3xsk5x0bwupTPmqbsCsClpcFQ_axe3skcDWibOR4J4StjfqfU72AIr1iJTrxQdAjFO-IRfifA7SVe3EpdcO_dON6SAlv-qPL\/w200-h150\/Blog,%20Acteal.jpg\" alt=\"\"\/><\/a><\/figure>\n\n\n\n<p><strong><em><br>Tierra Sagrada de los M\u00e1rtires de Acteal<\/em><\/strong><\/p>\n\n\n\n<p>Acteal, Chenalh\u00f3, Chiapas, M\u00e9xico.<\/p>\n\n\n\n<p><strong>Palabra de la Organizaci\u00f3n Las Abejas de Acteal en memoria del Padre Marcelo.<\/strong><\/p>\n\n\n\n<p><strong>Hermanas y hermanos:<\/strong><\/p>\n\n\n\n<p>Vamos a traer a nuestro coraz\u00f3n y pensamiento de c\u00f3mo vimos el trabajo y la obra del <a href=\"https:\/\/www.google.com\/search?ved=1t:260882&amp;q=Padre+Marcelo+P%C3%A9rez+P%C3%A9rez&amp;bbid=1941318904038952196&amp;bpid=4106007364995726665\" target=\"_blank\" rel=\"noreferrer noopener\">Padre Marcelo P\u00e9rez P\u00e9rez<\/a> durante el tiempo que nos acompa\u00f1\u00f3 a caminar en la Organizaci\u00f3n Las Abejas de Acteal.<\/p>\n\n\n\n<figure class=\"wp-block-image\"><a href=\"https:\/\/blogger.googleusercontent.com\/img\/b\/R29vZ2xl\/AVvXsEipAz5_K8Rj7iHBI0IrqOns7QE-MMuXEFauVBN_hsYZf9Y-yDjyRAtiuIIVjxA1DXkB8EXKuTwiiEpwBWx4bbpmz79jmB98W6WwDD1ZL8bC6HeCWy1osogGHkGx4bN3CKAVvvPiTG3m41G91M928JRLLrM2KsEjsJGK4ozaLTv0yZEklcIBVbIxBSFUIBZ_\/s5184\/PMarcelo%20con%20Abejas_120819.jpg\"><img decoding=\"async\" src=\"https:\/\/blogger.googleusercontent.com\/img\/b\/R29vZ2xl\/AVvXsEipAz5_K8Rj7iHBI0IrqOns7QE-MMuXEFauVBN_hsYZf9Y-yDjyRAtiuIIVjxA1DXkB8EXKuTwiiEpwBWx4bbpmz79jmB98W6WwDD1ZL8bC6HeCWy1osogGHkGx4bN3CKAVvvPiTG3m41G91M928JRLLrM2KsEjsJGK4ozaLTv0yZEklcIBVbIxBSFUIBZ_\/w400-h266\/PMarcelo%20con%20Abejas_120819.jpg\" alt=\"\"\/><\/a><\/figure>\n\n\n\n<p>Cuando lleg\u00f3 a Acteal, empez\u00f3 a entender nuestra lucha y nuestro caminar. Comenz\u00f3 a tomar valor, su coraz\u00f3n se fue fortaleciendo; mir\u00f3 en nosotros que no tenemos miedo en denunciar las injusticias y la impunidad. &nbsp;Empez\u00f3 a hablar como nosotras y nosotros, y se hizo grande su coraz\u00f3n.<\/p>\n\n\n\n<p><a href=\"https:\/\/blogger.googleusercontent.com\/img\/b\/R29vZ2xl\/AVvXsEgKOmclqx5Pt7oHQy1VgwywSOIgYgIfH5xW473tiOGXQWQW9wLJEBkzo5i-RsOJwQw0aON6PNScum_yWhlEysHLsL92riWn2wc6nDfTOCxwj_ieDZbm9KaruVezTeOOl2uHfc_EX5AAzzhKir9YKaG5ljBoA7T_HET9GCy4Kpn5wTVAmInwe_DiNG5Yn4Eg\/s3264\/Marcelo%20en%20Acteal_2010.jpg\"><\/a>El Padre Marcelo platicaba con mucho orgullo que nosotros fuimos sus maestras y maestros, que en Acteal fue donde encontr\u00f3 la fuerza y sabidur\u00eda. Cuando le pedimos escribir la presentaci\u00f3n de nuestro libro el Camino de la No-violencia, escribi\u00f3 lo que realmente sinti\u00f3 al vivir y palpar el sufrimiento, la resistencia y la esperanza que existe en las mujeres y hombres de Las Abejas de Acteal. Aqu\u00ed un fragmento del texto en menci\u00f3n:<\/p>\n\n\n\n<p><strong><em>Entonces yo veo las palabras de las hermanas y hermanos como una luz y quisiera presentarlas como FUEGO QUE QUEMA EL CORAZ\u00d3N, \u2026FUEGO QUE CALIENTA EL CORAZ\u00d3N PARA SER VALIENTES EN LA LUCHA y si lo digo es porque aqu\u00ed en Acteal se prendi\u00f3 el fuego del Esp\u00edritu Santo en mi coraz\u00f3n.<\/em><\/strong><\/p>\n\n\n\n<p><a href=\"https:\/\/blogger.googleusercontent.com\/img\/b\/R29vZ2xl\/AVvXsEiZFS3s69T7HWPrRguHffXZ4_Ejebm1ambIf5tOmGmcD36dEuAwsAbYlLR2B2rK9nDQsWojUsVK3JxdoGHgYdmnyUXQ0-RlMec-MSi_aLTU8Ze8SysLH5IGXOxvc8CK4ksXMp5RSr6GqiWK_yFQIUKtBnC2PFBF1cZby4Cru3WiKMwxNT00uLM4hzqMhiVX\/s5184\/Manuel.jpg\"><br><\/a><a href=\"https:\/\/blogger.googleusercontent.com\/img\/b\/R29vZ2xl\/AVvXsEhX-WxQc8xH1jgq5tp_B-H5hfVUXh2yT7mseab2invk34ylekgzJzEQ3qh3W7wjPN2aGz3_Vt49Zkhjumf6Q7R98q34l_C5P7vFfCBEP9m8IoGlVAaV5OJLWonPHQEYI6qEjDNbDYftACXLVBYejaTGfDA464zYYlvsiYMp3fnB9WMBb7fk-rnAIu7WFZHl\/s5184\/Lupita.jpg\"><\/a><strong><em>En noviembre 2001 yo descubr\u00ed en Acteal un llamado de Dios, desde lo que all\u00ed pas\u00f3, al ver el sufrimiento de los sobrevivientes, y ver la voz que tienen para exigir justicia. Yo como sacerdote ten\u00eda mucho miedo, all\u00ed en la cabecera de Ch\u2019enalvo\u2019; cuando tocaban la campana para la Santa Misa, bajaba r\u00e1pido y me escond\u00eda un ratito en el cuarto, a ver si ven\u00edan las autoridades, solo tocar la campana me daba miedo, pero al venir en Acteal, escuch\u00e9 la palabra de las mujeres y de los hombres con mucha libertad, ten\u00edan una voz muy clara ante las injusticias, y yo dije: \u201cel Pastor cobarde, miedoso y las ovejas valientes en dar su palabra\u201d, algo no est\u00e1 bien aqu\u00ed. All\u00ed descubr\u00ed el llamado de Dios para denunciar las injusticias.<\/em><\/strong><\/p>\n\n\n\n<figure class=\"wp-block-image\"><a href=\"https:\/\/blogger.googleusercontent.com\/img\/b\/R29vZ2xl\/AVvXsEiZFS3s69T7HWPrRguHffXZ4_Ejebm1ambIf5tOmGmcD36dEuAwsAbYlLR2B2rK9nDQsWojUsVK3JxdoGHgYdmnyUXQ0-RlMec-MSi_aLTU8Ze8SysLH5IGXOxvc8CK4ksXMp5RSr6GqiWK_yFQIUKtBnC2PFBF1cZby4Cru3WiKMwxNT00uLM4hzqMhiVX\/s5184\/Manuel.jpg\"><img decoding=\"async\" src=\"https:\/\/blogger.googleusercontent.com\/img\/b\/R29vZ2xl\/AVvXsEiZFS3s69T7HWPrRguHffXZ4_Ejebm1ambIf5tOmGmcD36dEuAwsAbYlLR2B2rK9nDQsWojUsVK3JxdoGHgYdmnyUXQ0-RlMec-MSi_aLTU8Ze8SysLH5IGXOxvc8CK4ksXMp5RSr6GqiWK_yFQIUKtBnC2PFBF1cZby4Cru3WiKMwxNT00uLM4hzqMhiVX\/s320\/Manuel.jpg\" alt=\"\"\/><\/a><\/figure>\n\n\n\n<p>El Padre Marcelo, comenz\u00f3 a entender de fondo lo que significaba luchar por la v\u00eda de la No-violencia. Nos preguntaba c\u00f3mo es que el catequista Alonzo V\u00e1zquez junto con todas las mujeres y hombres, ni\u00f1as y ni\u00f1os y m\u00e1s los beb\u00e9s arrancados del vientre de sus madres, entregaron su vida para que se detuviera la violencia en Ch\u2019enalvo\u2019 y en Chiapas. Entonces empez\u00f3 a convencerse que entregar la vida por la justicia y la paz para el pueblo, es ser un verdadero ser humano, es convertirse en hija e hijo del Dios de la Vida y del Amor.<\/p>\n\n\n\n<p><a href=\"https:\/\/blogger.googleusercontent.com\/img\/b\/R29vZ2xl\/AVvXsEg3xfYxt-inVPxten2o6jobgR8lPEtb0C_-ulGBVvGLU3QGc20xJjMtOe5iQL7g4vAVxHctPBK8EEvpu6hahGHode0nTWf5ssKpCRSaP-SOzbXXg07QQycjtXSuLG2Yj1tipsgT1f7J91P6mwuSkuvLQr9dRslcnBESHWgb5Nc1taXBdGds2NZ1xd7XZVpy\/s5184\/Coro%20canta.jpg\"><br><\/a><a href=\"https:\/\/blogger.googleusercontent.com\/img\/b\/R29vZ2xl\/AVvXsEg7nivJ9m8szNnL6Ex6GKuPdFSd5cUkzzS1PMTCy5Y92eCHOURE6KkeaA-wUhFfRNCF2_-QK_1S4BFoa3jLhM7E77sPDBDR4DXOdiUEa9N64sju5EQ1hwyCuAfy3H2JOoHDJ9AN2zBV0qdI7Ak-vlMWR_M_cO7_4t7fH10aVcF_EEnRP8lLMTtXOA1PPR9s\/s4752\/MarceloenActeal_2011.jpg\"><br><\/a>Cuando el Padre Marcelo, entr\u00f3 totalmente en su coraz\u00f3n la construcci\u00f3n de la justicia y de la paz, entendi\u00f3 que es lo mismo vivir y practicar el evangelio de Dios, desde la exigencia de justicia de la <a href=\"https:\/\/www.google.com\/search?ved=1t:260882&amp;q=Masacre+de+Acteal&amp;bbid=1941318904038952196&amp;bpid=4106007364995726665\" target=\"_blank\" rel=\"noreferrer noopener\">Masacre de Acteal<\/a>, desde la denuncia de las graves violaciones a los derechos humanos, desde la defensa de la vida y tierra y territorio, desde cualquier injusticia que viven las comunidades y los pueblos de Chiapas y de M\u00e9xico.<\/p>\n\n\n\n<p>En una ocasi\u00f3n, vio que los sobrevivientes de Acteal estaban atravesando momentos dif\u00edciles, se organiz\u00f3 para visitar a las familias y rezar con ellas, adem\u00e1s de entregarles unas peque\u00f1as cruces como s\u00edmbolo de la fuerza y esperanza del Dios de la justicia y verdad.<\/p>\n\n\n\n<p>El Padre Marcelo, se convirti\u00f3 en uno de nosotros, su coraz\u00f3n se volvi\u00f3 Abeja, empez\u00f3 a denunciar abiertamente y sin miedo que la Masacre de Acteal es un crimen de Estado y que deb\u00edan ser investigados y castigados los autores intelectuales como <a href=\"https:\/\/www.google.com\/search?ved=1t:260882&amp;q=Ernesto+Zedillo+Ponce+de+Le%C3%B3n+Acteal&amp;bbid=1941318904038952196&amp;bpid=4106007364995726665\" target=\"_blank\" rel=\"noreferrer noopener\">Ernesto Zedillo Ponce de Le\u00f3n<\/a>, <a href=\"https:\/\/www.google.com\/search?ved=1t:260882&amp;q=Emilio+Chuayfet+Acteal&amp;bbid=1941318904038952196&amp;bpid=4106007364995726665\" target=\"_blank\" rel=\"noreferrer noopener\">Emilio Chuayfet<\/a>, Gral. Enrique Cervantes Aguirre, Gral. Mario Ren\u00e1n Castillo, Julio C\u00e9sar Ruiz Ferro, entre otros. Denunciaba otros cr\u00edmenes de Estado como la desaparici\u00f3n forzada de los 43 j\u00f3venes de Ayotzinapa.<\/p>\n\n\n\n<p>Desde entonces, los pol\u00edticos corruptos, los gobiernos locales, estatales y federales de cualquier partido pol\u00edtico, fueron trastocados sus inter\u00e9s pol\u00edticos y econ\u00f3micos, empezaron a incomodarse con la palabra verdadera y denuncia justa y necesaria que hac\u00eda el Padre Marcelo.<\/p>\n\n\n\n<p>En el 2011, lleg\u00f3 la noticia que la Di\u00f3cesis de San Crist\u00f3bal hab\u00eda decidido cambiarlo de la parroquia de Chenalh\u00f3 a la de <a href=\"https:\/\/www.google.com\/search?ved=1t:260882&amp;q=Simojovel+Chiapas&amp;bbid=1941318904038952196&amp;bpid=4106007364995726665\" target=\"_blank\" rel=\"noreferrer noopener\">Simojovel<\/a>, porque en el municipio de Chenalh\u00f3 hab\u00eda personas que no lo quer\u00edan por su forma de pensar, similar en los tiempos antiguos, cuando Jes\u00fas no fue aceptado por los poderosos. Sin, embargo, en Simojovel encontr\u00f3 una situaci\u00f3n social y pol\u00edtica mucho m\u00e1s cr\u00edtica y riesgosa, pero no tuvo miedo. Nos dijo: <strong>ustedes me ense\u00f1aron a no tener miedo y aunque haya amenazas de muerte, siempre hay que denunciar, porque no se puede callar la verdad\u2026<\/strong><strong><\/strong><\/p>\n\n\n\n<p>En una ocasi\u00f3n cuando se estaba escalando las amenazas en contra del Padre Marcelo por los grupos criminales en Chiapas, nos solidarizamos con \u00e9l. Era el a\u00f1o 2021, unos meses antes del tambi\u00e9n asesinato cobarde de nuestro hermano Sim\u00f3n Pedro, una comisi\u00f3n de la organizaci\u00f3n Las Abejas fuimos a visitarlo en la parroquia de Simojovel, llevamos rezos y un poco de tierra y agua sagradas de Acteal como se\u00f1al de fuerza y esperanzas. D\u00edas despu\u00e9s, el Padre Marcelo nos cont\u00f3 que uno de los hermanos del Consejo Parroquial de Simojovel, vio que de esa agua sagrada en ella sal\u00eda una luz. El Padre Marcelo siempre tuvo fe y crey\u00f3 en que Acteal es Tierra Sagrada, regada por sangre inocente de nuestras 45 hermanas y hermanos m\u00e1s los 4 beb\u00e9s no nacidos, masacrados por un grupo paramilitar de Chenalh\u00f3, el 22 de diciembre de 1997.<\/p>\n\n\n\n<p>Y as\u00ed podr\u00edamos seguir con una larga lista de toda la experiencia compartida con el Padre Marcelo, pero lo que nunca vamos a olvidar es su coraz\u00f3n que qued\u00f3 para siempre en Acteal, aunque aqu\u00ed descansa su cuerpo en la parroquia de San Andr\u00e9s, sin embargo, su esp\u00edritu y memoria vivir\u00e1n para siempre en Acteal, as\u00ed como en los corazones de quienes lo conocieron de cerca y de lejos.<\/p>\n\n\n\n<p>Queremos terminar no sin antes recordar que el asesinato del Padre Marcelo sigue impune, porque quienes administran la justicia en Chiapas y en M\u00e9xico no han tenido voluntad de investigar la verdadera causa de la que le cost\u00f3 la vida. No olvidar, que el asesinato del Padre Marcelo se dio por denunciar abiertamente la violencia desbordada en Chiapas. En su \u00faltima participaci\u00f3n en la peregrinaci\u00f3n realizada el 13 de septiembre de 2024 en la ciudad de Tuxtla Guti\u00e9rrez, Chiapas, denunci\u00f3&nbsp; con estas palabras: <strong><em>Chiapas est\u00e1 siendo sometida por la violencia, no queremos ser esclavos, somos hijas e hijos de Dios y somos libres\u2026 nos manifestamos para exigirle al gobierno que tome en serio el tema de la paz aqu\u00ed en Chiapas, porque negando la realidad ese no es el camino, los que niegan la realidad se hacen c\u00f3mplices\u2026 el presidente (<a href=\"https:\/\/www.google.com\/search?ved=1t:260882&amp;q=Andr%C3%A9s+Manuel+L%C3%B3pez+Obrador+Chiapas&amp;bbid=1941318904038952196&amp;bpid=4106007364995726665\" target=\"_blank\" rel=\"noreferrer noopener\">Andr\u00e9s Manuel L\u00f3pez Obrador<\/a>) dice que tiene otros datos, datos a su conveniencia, datos para legitimar sus mentiras\u2026<\/em><\/strong><\/p>\n\n\n\n<p>Ante la cruda realidad y las mentiras a las que siempre recurren los malos gobiernos, se reafirma y refuerza nuestra convicci\u00f3n que s\u00f3lo el pueblo se puede salvar as\u00ed mismo, que s\u00f3lo organizados podemos defendernos de la violencia y de la muerte que nos imponen los grupos criminales en anuencia con los gobiernos locales, estatal y federal.<\/p>\n\n\n\n<p>Sobre la violencia y la impunidad, cantemos como lo hac\u00eda el Padre Marcelo, entonando el himno, \u201cVenceremos\u201d: <strong><em>\u2026Pronto venceremos, pronto venceremos, juntos lucharemos hasta el final, quiero que mi pa\u00eds sea feliz, con amor y libertad. S\u00f3lo con justicia nos haremos due\u00f1os de la paz\u2026<\/em><\/strong><\/p>\n\n\n\n<figure class=\"wp-block-image\"><a href=\"https:\/\/blogger.googleusercontent.com\/img\/b\/R29vZ2xl\/AVvXsEg7nivJ9m8szNnL6Ex6GKuPdFSd5cUkzzS1PMTCy5Y92eCHOURE6KkeaA-wUhFfRNCF2_-QK_1S4BFoa3jLhM7E77sPDBDR4DXOdiUEa9N64sju5EQ1hwyCuAfy3H2JOoHDJ9AN2zBV0qdI7Ak-vlMWR_M_cO7_4t7fH10aVcF_EEnRP8lLMTtXOA1PPR9s\/s4752\/MarceloenActeal_2011.jpg\"><img decoding=\"async\" src=\"https:\/\/blogger.googleusercontent.com\/img\/b\/R29vZ2xl\/AVvXsEg7nivJ9m8szNnL6Ex6GKuPdFSd5cUkzzS1PMTCy5Y92eCHOURE6KkeaA-wUhFfRNCF2_-QK_1S4BFoa3jLhM7E77sPDBDR4DXOdiUEa9N64sju5EQ1hwyCuAfy3H2JOoHDJ9AN2zBV0qdI7Ak-vlMWR_M_cO7_4t7fH10aVcF_EEnRP8lLMTtXOA1PPR9s\/w320-h213\/MarceloenActeal_2011.jpg\" alt=\"\"\/><\/a><\/figure>\n\n\n\n<figure class=\"wp-block-image\"><a href=\"https:\/\/blogger.googleusercontent.com\/img\/b\/R29vZ2xl\/AVvXsEg3xfYxt-inVPxten2o6jobgR8lPEtb0C_-ulGBVvGLU3QGc20xJjMtOe5iQL7g4vAVxHctPBK8EEvpu6hahGHode0nTWf5ssKpCRSaP-SOzbXXg07QQycjtXSuLG2Yj1tipsgT1f7J91P6mwuSkuvLQr9dRslcnBESHWgb5Nc1taXBdGds2NZ1xd7XZVpy\/s5184\/Coro%20canta.jpg\"><img decoding=\"async\" src=\"https:\/\/blogger.googleusercontent.com\/img\/b\/R29vZ2xl\/AVvXsEg3xfYxt-inVPxten2o6jobgR8lPEtb0C_-ulGBVvGLU3QGc20xJjMtOe5iQL7g4vAVxHctPBK8EEvpu6hahGHode0nTWf5ssKpCRSaP-SOzbXXg07QQycjtXSuLG2Yj1tipsgT1f7J91P6mwuSkuvLQr9dRslcnBESHWgb5Nc1taXBdGds2NZ1xd7XZVpy\/s320\/Coro%20canta.jpg\" alt=\"\"\/><\/a><\/figure>\n\n\n\n<p><a href=\"https:\/\/blogger.googleusercontent.com\/img\/b\/R29vZ2xl\/AVvXsEj3zdGnnADjxyND6yQJGRFZCgMbEuLWWJV7USsIITSdROJSnhwQ6Xi_S1VdzUP1rwhGjVEdYhoYg89BcjlzoBu0pAeu1EWkhnyT2x1HXX908jS0r9PpBHjtEoOe9PB_NMe38mefVnFMoEAv9wbN6BLqlMk_Z9Is7NppXSgQ5TfcxjgWz9-KOxfVv4hSODQO\/s5184\/IMAGEN%20MARCELO%201.jpg\"><\/a><a href=\"https:\/\/blogger.googleusercontent.com\/img\/b\/R29vZ2xl\/AVvXsEj3zdGnnADjxyND6yQJGRFZCgMbEuLWWJV7USsIITSdROJSnhwQ6Xi_S1VdzUP1rwhGjVEdYhoYg89BcjlzoBu0pAeu1EWkhnyT2x1HXX908jS0r9PpBHjtEoOe9PB_NMe38mefVnFMoEAv9wbN6BLqlMk_Z9Is7NppXSgQ5TfcxjgWz9-KOxfVv4hSODQO\/s5184\/IMAGEN%20MARCELO%201.jpg\"><\/a><a href=\"https:\/\/blogger.googleusercontent.com\/img\/b\/R29vZ2xl\/AVvXsEj3zdGnnADjxyND6yQJGRFZCgMbEuLWWJV7USsIITSdROJSnhwQ6Xi_S1VdzUP1rwhGjVEdYhoYg89BcjlzoBu0pAeu1EWkhnyT2x1HXX908jS0r9PpBHjtEoOe9PB_NMe38mefVnFMoEAv9wbN6BLqlMk_Z9Is7NppXSgQ5TfcxjgWz9-KOxfVv4hSODQO\/s5184\/IMAGEN%20MARCELO%201.jpg\"><\/a><a href=\"https:\/\/blogger.googleusercontent.com\/img\/b\/R29vZ2xl\/AVvXsEj3zdGnnADjxyND6yQJGRFZCgMbEuLWWJV7USsIITSdROJSnhwQ6Xi_S1VdzUP1rwhGjVEdYhoYg89BcjlzoBu0pAeu1EWkhnyT2x1HXX908jS0r9PpBHjtEoOe9PB_NMe38mefVnFMoEAv9wbN6BLqlMk_Z9Is7NppXSgQ5TfcxjgWz9-KOxfVv4hSODQO\/s5184\/IMAGEN%20MARCELO%201.jpg\"><\/a><a href=\"https:\/\/blogger.googleusercontent.com\/img\/b\/R29vZ2xl\/AVvXsEj3zdGnnADjxyND6yQJGRFZCgMbEuLWWJV7USsIITSdROJSnhwQ6Xi_S1VdzUP1rwhGjVEdYhoYg89BcjlzoBu0pAeu1EWkhnyT2x1HXX908jS0r9PpBHjtEoOe9PB_NMe38mefVnFMoEAv9wbN6BLqlMk_Z9Is7NppXSgQ5TfcxjgWz9-KOxfVv4hSODQO\/s5184\/IMAGEN%20MARCELO%201.jpg\"><\/a><a href=\"https:\/\/blogger.googleusercontent.com\/img\/b\/R29vZ2xl\/AVvXsEj3zdGnnADjxyND6yQJGRFZCgMbEuLWWJV7USsIITSdROJSnhwQ6Xi_S1VdzUP1rwhGjVEdYhoYg89BcjlzoBu0pAeu1EWkhnyT2x1HXX908jS0r9PpBHjtEoOe9PB_NMe38mefVnFMoEAv9wbN6BLqlMk_Z9Is7NppXSgQ5TfcxjgWz9-KOxfVv4hSODQO\/s5184\/IMAGEN%20MARCELO%201.jpg\"><\/a><a href=\"https:\/\/blogger.googleusercontent.com\/img\/b\/R29vZ2xl\/AVvXsEj3zdGnnADjxyND6yQJGRFZCgMbEuLWWJV7USsIITSdROJSnhwQ6Xi_S1VdzUP1rwhGjVEdYhoYg89BcjlzoBu0pAeu1EWkhnyT2x1HXX908jS0r9PpBHjtEoOe9PB_NMe38mefVnFMoEAv9wbN6BLqlMk_Z9Is7NppXSgQ5TfcxjgWz9-KOxfVv4hSODQO\/s5184\/IMAGEN%20MARCELO%201.jpg\"><\/a><a href=\"https:\/\/blogger.googleusercontent.com\/img\/b\/R29vZ2xl\/AVvXsEj3zdGnnADjxyND6yQJGRFZCgMbEuLWWJV7USsIITSdROJSnhwQ6Xi_S1VdzUP1rwhGjVEdYhoYg89BcjlzoBu0pAeu1EWkhnyT2x1HXX908jS0r9PpBHjtEoOe9PB_NMe38mefVnFMoEAv9wbN6BLqlMk_Z9Is7NppXSgQ5TfcxjgWz9-KOxfVv4hSODQO\/s5184\/IMAGEN%20MARCELO%201.jpg\"><\/a><a href=\"https:\/\/blogger.googleusercontent.com\/img\/b\/R29vZ2xl\/AVvXsEj3zdGnnADjxyND6yQJGRFZCgMbEuLWWJV7USsIITSdROJSnhwQ6Xi_S1VdzUP1rwhGjVEdYhoYg89BcjlzoBu0pAeu1EWkhnyT2x1HXX908jS0r9PpBHjtEoOe9PB_NMe38mefVnFMoEAv9wbN6BLqlMk_Z9Is7NppXSgQ5TfcxjgWz9-KOxfVv4hSODQO\/s5184\/IMAGEN%20MARCELO%201.jpg\"><\/a><a href=\"https:\/\/blogger.googleusercontent.com\/img\/b\/R29vZ2xl\/AVvXsEj3zdGnnADjxyND6yQJGRFZCgMbEuLWWJV7USsIITSdROJSnhwQ6Xi_S1VdzUP1rwhGjVEdYhoYg89BcjlzoBu0pAeu1EWkhnyT2x1HXX908jS0r9PpBHjtEoOe9PB_NMe38mefVnFMoEAv9wbN6BLqlMk_Z9Is7NppXSgQ5TfcxjgWz9-KOxfVv4hSODQO\/s5184\/IMAGEN%20MARCELO%201.jpg\"><\/a><a href=\"https:\/\/blogger.googleusercontent.com\/img\/b\/R29vZ2xl\/AVvXsEj3zdGnnADjxyND6yQJGRFZCgMbEuLWWJV7USsIITSdROJSnhwQ6Xi_S1VdzUP1rwhGjVEdYhoYg89BcjlzoBu0pAeu1EWkhnyT2x1HXX908jS0r9PpBHjtEoOe9PB_NMe38mefVnFMoEAv9wbN6BLqlMk_Z9Is7NppXSgQ5TfcxjgWz9-KOxfVv4hSODQO\/s5184\/IMAGEN%20MARCELO%201.jpg\"><\/a><a href=\"https:\/\/blogger.googleusercontent.com\/img\/b\/R29vZ2xl\/AVvXsEj3zdGnnADjxyND6yQJGRFZCgMbEuLWWJV7USsIITSdROJSnhwQ6Xi_S1VdzUP1rwhGjVEdYhoYg89BcjlzoBu0pAeu1EWkhnyT2x1HXX908jS0r9PpBHjtEoOe9PB_NMe38mefVnFMoEAv9wbN6BLqlMk_Z9Is7NppXSgQ5TfcxjgWz9-KOxfVv4hSODQO\/s5184\/IMAGEN%20MARCELO%201.jpg\"><\/a><a href=\"https:\/\/blogger.googleusercontent.com\/img\/b\/R29vZ2xl\/AVvXsEj3zdGnnADjxyND6yQJGRFZCgMbEuLWWJV7USsIITSdROJSnhwQ6Xi_S1VdzUP1rwhGjVEdYhoYg89BcjlzoBu0pAeu1EWkhnyT2x1HXX908jS0r9PpBHjtEoOe9PB_NMe38mefVnFMoEAv9wbN6BLqlMk_Z9Is7NppXSgQ5TfcxjgWz9-KOxfVv4hSODQO\/s5184\/IMAGEN%20MARCELO%201.jpg\"><\/a><a href=\"https:\/\/blogger.googleusercontent.com\/img\/b\/R29vZ2xl\/AVvXsEj3zdGnnADjxyND6yQJGRFZCgMbEuLWWJV7USsIITSdROJSnhwQ6Xi_S1VdzUP1rwhGjVEdYhoYg89BcjlzoBu0pAeu1EWkhnyT2x1HXX908jS0r9PpBHjtEoOe9PB_NMe38mefVnFMoEAv9wbN6BLqlMk_Z9Is7NppXSgQ5TfcxjgWz9-KOxfVv4hSODQO\/s5184\/IMAGEN%20MARCELO%201.jpg\"><\/a><a href=\"https:\/\/blogger.googleusercontent.com\/img\/b\/R29vZ2xl\/AVvXsEj3zdGnnADjxyND6yQJGRFZCgMbEuLWWJV7USsIITSdROJSnhwQ6Xi_S1VdzUP1rwhGjVEdYhoYg89BcjlzoBu0pAeu1EWkhnyT2x1HXX908jS0r9PpBHjtEoOe9PB_NMe38mefVnFMoEAv9wbN6BLqlMk_Z9Is7NppXSgQ5TfcxjgWz9-KOxfVv4hSODQO\/s5184\/IMAGEN%20MARCELO%201.jpg\"><\/a>Aunque los poderosos creen haber&nbsp;matado al Padre Marcelo, en realidad s\u00f3lo pudieron matar su cuerpo, esto ya lo hab\u00eda dicho nuestro hermano catequista Alonzo V\u00e1zquez, <strong>podr\u00e1n,<em> matar nuestro cuerpo, pero, nunca podr\u00e1n matar nuestra alma.<\/em><\/strong><a href=\"https:\/\/blogger.googleusercontent.com\/img\/b\/R29vZ2xl\/AVvXsEgDsAfaGaPiEB_It6-XV_1KQht9S2_iXSLxsIBusByrrY3BkbnPxZkvdWIjXNjzeMou_LGfQVOu3KOtLdVOwqinyWuc0br94bM1SrrHlGvZczsxGrSDKldU2MGfQjPHm9PDT1piMey3ACL4TrCqdb4tk9NLmEzJCrmVYDv7IKR8VxL98KR0ZkhQdtS03cYh\/s5184\/FOTO%20CORO.jpg\"><\/a><\/p>\n\n\n\n<p><a href=\"https:\/\/blogger.googleusercontent.com\/img\/b\/R29vZ2xl\/AVvXsEgDsAfaGaPiEB_It6-XV_1KQht9S2_iXSLxsIBusByrrY3BkbnPxZkvdWIjXNjzeMou_LGfQVOu3KOtLdVOwqinyWuc0br94bM1SrrHlGvZczsxGrSDKldU2MGfQjPHm9PDT1piMey3ACL4TrCqdb4tk9NLmEzJCrmVYDv7IKR8VxL98KR0ZkhQdtS03cYh\/s5184\/FOTO%20CORO.jpg\"><br><\/a><strong><em>&nbsp;<\/em><\/strong><\/p>\n\n\n\n<p><a href=\"https:\/\/blogger.googleusercontent.com\/img\/b\/R29vZ2xl\/AVvXsEgDsAfaGaPiEB_It6-XV_1KQht9S2_iXSLxsIBusByrrY3BkbnPxZkvdWIjXNjzeMou_LGfQVOu3KOtLdVOwqinyWuc0br94bM1SrrHlGvZczsxGrSDKldU2MGfQjPHm9PDT1piMey3ACL4TrCqdb4tk9NLmEzJCrmVYDv7IKR8VxL98KR0ZkhQdtS03cYh\/s5184\/FOTO%20CORO.jpg\"><\/a>El nombre y la memoria del Padre Marcelo, viven m\u00e1s que nunca, han quedado escritos en libros de historia, retratados en documentales, escritos con luz y convertidas en im\u00e1genes, se ha convertido en letras de cantos e himnos de la paz y la justicia.<\/p>\n\n\n\n<p><a href=\"https:\/\/blogger.googleusercontent.com\/img\/b\/R29vZ2xl\/AVvXsEgDsAfaGaPiEB_It6-XV_1KQht9S2_iXSLxsIBusByrrY3BkbnPxZkvdWIjXNjzeMou_LGfQVOu3KOtLdVOwqinyWuc0br94bM1SrrHlGvZczsxGrSDKldU2MGfQjPHm9PDT1piMey3ACL4TrCqdb4tk9NLmEzJCrmVYDv7IKR8VxL98KR0ZkhQdtS03cYh\/s5184\/FOTO%20CORO.jpg\"><br><\/a>&nbsp;<\/p>\n\n\n\n<p>El nombre y la memoria del Padre Marcelo, nadie lo puede borrar, nadie puede cambiar la verdadera historia; que el nombre y la memoria del Padre Marcelo, se escuchen en el canto de las aves de las monta\u00f1as tsotsiles; que en las manifestaciones de las y los defensores de la tierra y territorio lo griten en sus consignas y, que el nombre y la memoria del Padre Marcelo queden esculpidos eternamente en nuestros corazones.<\/p>\n\n\n\n<p><strong>\u00a1Justicia y verdad por el asesinato del Padre Marcelo!<\/strong><\/p>\n\n\n\n<p><strong>\u00a1Alto a la violencia en Chiapas!<\/strong><\/p>\n\n\n\n<p><strong>No m\u00e1s impunidad en Chiapas!<\/strong><\/p>\n\n\n\n<p><strong>\u00a1Viva el Padre Marcelo M\u00e1rtir de la Paz!<\/strong><\/p>\n\n\n\n<p><img loading=\"lazy\" decoding=\"async\" height=\"266\" src=\"https:\/\/blogger.googleusercontent.com\/img\/b\/R29vZ2xl\/AVvXsEj3zdGnnADjxyND6yQJGRFZCgMbEuLWWJV7USsIITSdROJSnhwQ6Xi_S1VdzUP1rwhGjVEdYhoYg89BcjlzoBu0pAeu1EWkhnyT2x1HXX908jS0r9PpBHjtEoOe9PB_NMe38mefVnFMoEAv9wbN6BLqlMk_Z9Is7NppXSgQ5TfcxjgWz9-KOxfVv4hSODQO\/w400-h266\/IMAGEN%20MARCELO%201.jpg\" width=\"400\"><strong>\u00a1<\/strong><\/p>\n\n\n\n<figure class=\"wp-block-image\"><a href=\"https:\/\/blogger.googleusercontent.com\/img\/b\/R29vZ2xl\/AVvXsEi4PfGFy1F2Wnq5LDNG0cROmi2Cw13ury8HaCQ5OrOgXYUunL5tA6F4qj6lZmbG4AfMFHhr50_WSHX_-vO8Jc8bYBc1NU0C4OPSNypMflrKVio2ShJY5ocjrDWAtZ23wgjycDzm-54fHr7EMazYLZomDYRvJw-vIDsGLy6PZGuthiMFivNwgWVWqIYydKi_\/s4752\/Todos%20somos%20Marcelo.jpg\"><img decoding=\"async\" src=\"https:\/\/blogger.googleusercontent.com\/img\/b\/R29vZ2xl\/AVvXsEi4PfGFy1F2Wnq5LDNG0cROmi2Cw13ury8HaCQ5OrOgXYUunL5tA6F4qj6lZmbG4AfMFHhr50_WSHX_-vO8Jc8bYBc1NU0C4OPSNypMflrKVio2ShJY5ocjrDWAtZ23wgjycDzm-54fHr7EMazYLZomDYRvJw-vIDsGLy6PZGuthiMFivNwgWVWqIYydKi_\/w400-h266\/Todos%20somos%20Marcelo.jpg\" alt=\"\"\/><\/a><\/figure>\n\n\n\n<p>Desde la Parroquia de san Andr\u00e9s Sakamch\u2019en de los Pobres; a 19 de octubre de 2025.<\/p>\n\n\n\n<p><strong>Atentamente<\/strong><\/p>\n\n\n\n<p><strong>La Voz de la Organizaci\u00f3n Sociedad Civil Las Abejas de Acteal<\/strong><\/p>\n\n\n\n<p>&nbsp;&nbsp;&nbsp;&nbsp;&nbsp;&nbsp;&nbsp;&nbsp;&nbsp;&nbsp;&nbsp;&nbsp;&nbsp;&nbsp;&nbsp; Por la Mesa Directiva:<\/p>\n\n\n\n<p>____________________\u00ad_&nbsp;&nbsp;&nbsp;&nbsp;&nbsp;&nbsp;&nbsp;&nbsp;&nbsp;&nbsp;&nbsp;&nbsp;&nbsp;&nbsp; ___________________________<\/p>\n\n\n\n<p>Victorio Santiz G\u00f3mez&nbsp;&nbsp;&nbsp;&nbsp;&nbsp;&nbsp;&nbsp;&nbsp;&nbsp;&nbsp;&nbsp;&nbsp;&nbsp;&nbsp;&nbsp;&nbsp;&nbsp;&nbsp;&nbsp;&nbsp;&nbsp;&nbsp;&nbsp;&nbsp;&nbsp;&nbsp;&nbsp;&nbsp;&nbsp;&nbsp;&nbsp;&nbsp; Juan Gabriel V\u00e1zquez V\u00e1zquez<\/p>\n\n\n\n<p>&nbsp;&nbsp;&nbsp;&nbsp;&nbsp;&nbsp;&nbsp;&nbsp;&nbsp;&nbsp;&nbsp;&nbsp;&nbsp;&nbsp;&nbsp;&nbsp;&nbsp;&nbsp;&nbsp;&nbsp;&nbsp;&nbsp;&nbsp; &nbsp;&nbsp;Presidente&nbsp;&nbsp;&nbsp;&nbsp;&nbsp;&nbsp;&nbsp;&nbsp;&nbsp;&nbsp;&nbsp;&nbsp;&nbsp;&nbsp;&nbsp;&nbsp;&nbsp;&nbsp;&nbsp;&nbsp;&nbsp;&nbsp;&nbsp;&nbsp;&nbsp;&nbsp;&nbsp;&nbsp;&nbsp;&nbsp;&nbsp;&nbsp;&nbsp;&nbsp;&nbsp;&nbsp;&nbsp;&nbsp;&nbsp;&nbsp;&nbsp;&nbsp;&nbsp;&nbsp;&nbsp;&nbsp;&nbsp; &nbsp;&nbsp;&nbsp;&nbsp;&nbsp;&nbsp;&nbsp;&nbsp;&nbsp;&nbsp;&nbsp;&nbsp;&nbsp;&nbsp;&nbsp; &nbsp;&nbsp;&nbsp;&nbsp;&nbsp;&nbsp;&nbsp;Secretario<\/p>\n\n\n\n<p>__________________&nbsp;&nbsp;&nbsp;&nbsp;&nbsp;&nbsp;&nbsp;&nbsp;&nbsp;&nbsp;&nbsp;&nbsp;&nbsp;&nbsp;&nbsp;&nbsp;&nbsp;&nbsp;&nbsp;&nbsp;&nbsp;&nbsp;&nbsp;&nbsp;&nbsp;&nbsp; ___________________<\/p>\n\n\n\n<p>Manuel G\u00f3mez Ruiz&nbsp;&nbsp;&nbsp;&nbsp;&nbsp;&nbsp;&nbsp;&nbsp;&nbsp;&nbsp;&nbsp;&nbsp;&nbsp;&nbsp;&nbsp;&nbsp;&nbsp;&nbsp;&nbsp;&nbsp;&nbsp;&nbsp;&nbsp;&nbsp;&nbsp;&nbsp;&nbsp;&nbsp;&nbsp;&nbsp;&nbsp;&nbsp;&nbsp; El\u00edas P\u00e9rez S\u00e1ntiz<\/p>\n\n\n\n<p>&nbsp;&nbsp;&nbsp;&nbsp;&nbsp;&nbsp;&nbsp; Tesorero&nbsp;&nbsp;&nbsp;&nbsp;&nbsp;&nbsp;&nbsp;&nbsp;&nbsp;&nbsp;&nbsp;&nbsp;&nbsp;&nbsp;&nbsp;&nbsp;&nbsp;&nbsp;&nbsp;&nbsp;&nbsp;&nbsp;&nbsp;&nbsp;&nbsp;&nbsp;&nbsp;&nbsp;&nbsp;&nbsp;&nbsp;&nbsp;&nbsp;&nbsp;&nbsp;&nbsp;&nbsp;&nbsp;&nbsp;&nbsp;&nbsp;&nbsp; &nbsp;&nbsp;&nbsp;Subsecretario<\/p>\n\n\n\n<figure class=\"wp-block-image\"><a href=\"https:\/\/blogger.googleusercontent.com\/img\/b\/R29vZ2xl\/AVvXsEiEq6N1_BKhACWTKEYOnU2CSJ32dmnxaCegSCe8mljUWStJ0Uo67BQ-d-WUHXyp3NuKW9QLohgKAkmGfHI67roUDZZN5-IMaxdcRIU_j8w5gWc7sddXgmpQ5mYBJ_fZPeCWEKxXt5IOQzW6HmZpr-ozeYEL6rXfndMCQl3vcRZ7AChKimyxHeqx6J4aZNAC\/s1280\/WhatsApp%20Image%202025-10-19%20at%208.55.56%20PM%20(2).jpeg\"><img decoding=\"async\" src=\"https:\/\/blogger.googleusercontent.com\/img\/b\/R29vZ2xl\/AVvXsEiEq6N1_BKhACWTKEYOnU2CSJ32dmnxaCegSCe8mljUWStJ0Uo67BQ-d-WUHXyp3NuKW9QLohgKAkmGfHI67roUDZZN5-IMaxdcRIU_j8w5gWc7sddXgmpQ5mYBJ_fZPeCWEKxXt5IOQzW6HmZpr-ozeYEL6rXfndMCQl3vcRZ7AChKimyxHeqx6J4aZNAC\/s320\/WhatsApp%20Image%202025-10-19%20at%208.55.56%20PM%20(2).jpeg\" alt=\"\"\/><\/a><\/figure>\n\n\n\n<figure class=\"wp-block-image\"><img decoding=\"async\" src=\"https:\/\/blogger.googleusercontent.com\/img\/b\/R29vZ2xl\/AVvXsEgbzSbSkTVftyr2gYMPwYBq4u2uC4yROmF2mbrEr5OPbEGpKYPG9kfAZd9pOzE8l17Q8vCQxPnWOhKWpX4-2h_oVoxsCxFXEhxQ0hgel2dvJ2WXhX4KlUaU8Oo-_sypgwu3iy9sap1NDvaSmL6rF_Oj54bfuuTyWF2zw3LwWGGlDOXdxCcAmgnuFefXWojy\/s320\/WhatsApp%20Image%202025-10-19%20at%208.55.56%20PM%20(1).jpeg\" alt=\"\"\/><\/figure>\n\n\n\n<p><a href=\"https:\/\/blogger.googleusercontent.com\/img\/b\/R29vZ2xl\/AVvXsEgbzSbSkTVftyr2gYMPwYBq4u2uC4yROmF2mbrEr5OPbEGpKYPG9kfAZd9pOzE8l17Q8vCQxPnWOhKWpX4-2h_oVoxsCxFXEhxQ0hgel2dvJ2WXhX4KlUaU8Oo-_sypgwu3iy9sap1NDvaSmL6rF_Oj54bfuuTyWF2zw3LwWGGlDOXdxCcAmgnuFefXWojy\/s1280\/WhatsApp%20Image%202025-10-19%20at%208.55.56%20PM%20(1).jpeg\">&nbsp;<\/a><\/p>\n\n\n\n<figure class=\"wp-block-image\"><a href=\"https:\/\/blogger.googleusercontent.com\/img\/b\/R29vZ2xl\/AVvXsEgtw7NMRb5EkZj6HDaCscvotrfd4gTuhkuhyphenhypheny35zBHE993bZJlrQezp05rDxRCNPton0bRSSmcxAXbKs47B-1Tce9qPxYG__-2_ZnXdQLoKpA5BFrztiQLQW9WwoWQRBreXS4yCrMn2noTNoruQ4RYX0hNnaSGogcewlMt1NiTptkxb7tNm7wBddbFq7VUo\/s1280\/WhatsApp%20Image%202025-10-19%20at%208.55.56%20PM.jpeg\"><img decoding=\"async\" src=\"https:\/\/blogger.googleusercontent.com\/img\/b\/R29vZ2xl\/AVvXsEgtw7NMRb5EkZj6HDaCscvotrfd4gTuhkuhyphenhypheny35zBHE993bZJlrQezp05rDxRCNPton0bRSSmcxAXbKs47B-1Tce9qPxYG__-2_ZnXdQLoKpA5BFrztiQLQW9WwoWQRBreXS4yCrMn2noTNoruQ4RYX0hNnaSGogcewlMt1NiTptkxb7tNm7wBddbFq7VUo\/s320\/WhatsApp%20Image%202025-10-19%20at%208.55.56%20PM.jpeg\" alt=\"\"\/><\/a><\/figure>\n\n\n\n<figure class=\"wp-block-image\"><a href=\"https:\/\/blogger.googleusercontent.com\/img\/b\/R29vZ2xl\/AVvXsEj1zFOyWEJF1XA82s7xBoKTQX81yGFcRGi4WnzGEXiDBhZ2ogGobyaVtpu-EV_JTerV8nK0fCfwYkt4XPhS3X5A5Di8j51B_L5V70UKNZ4lc0lk7GlllwYW9xmZvMhuI8A-KKMDi8huJzG6cdAbjQWmMAvqHOiI7TB7MD4HI_s6ieEIDD4jO_4CoUMEFfvX\/s1280\/WhatsApp%20Image%202025-10-19%20at%208.55.55%20PM.jpeg\"><img decoding=\"async\" src=\"https:\/\/blogger.googleusercontent.com\/img\/b\/R29vZ2xl\/AVvXsEj1zFOyWEJF1XA82s7xBoKTQX81yGFcRGi4WnzGEXiDBhZ2ogGobyaVtpu-EV_JTerV8nK0fCfwYkt4XPhS3X5A5Di8j51B_L5V70UKNZ4lc0lk7GlllwYW9xmZvMhuI8A-KKMDi8huJzG6cdAbjQWmMAvqHOiI7TB7MD4HI_s6ieEIDD4jO_4CoUMEFfvX\/s320\/WhatsApp%20Image%202025-10-19%20at%208.55.55%20PM.jpeg\" alt=\"\"\/><\/a><\/figure>\n","protected":false},"excerpt":{"rendered":"<p>Organizaci\u00f3n Sociedad Civil Las Abejas de Acteal Tierra Sagrada de los M\u00e1rtires de Acteal Acteal, Chenalh\u00f3, Chiapas, M\u00e9xico. Palabra de la Organizaci\u00f3n Las Abejas de Acteal en memoria del Padre Marcelo. Hermanas y hermanos: Vamos a traer a nuestro coraz\u00f3n y pensamiento de c\u00f3mo vimos el trabajo y la obra del Padre Marcelo P\u00e9rez P\u00e9rez [&hellip;]<\/p>\n","protected":false},"author":21,"featured_media":52652,"comment_status":"open","ping_status":"closed","sticky":false,"template":"","format":"standard","meta":{"footnotes":""},"categories":[957,51,6,826,958,954,935],"tags":[100,58,53,106,567,147,23,545,87,148,27,483],"class_list":["post-52651","post","type-post","status-publish","format-standard","has-post-thumbnail","hentry","category-autonomia","category-autor","category-chiapas","category-medios-libres-2","category-megaproyectos","category-mexico","category-temas","tag-acteal","tag-derechos-humanos","tag-justicia","tag-las-abejas-de-acteal","tag-megaproyectos","tag-militarizacion","tag-paramilitares","tag-pueblos-indigenas","tag-represion","tag-resistencia","tag-solidaridad","tag-tierra-y-territorio"],"_links":{"self":[{"href":"https:\/\/radiozapatista.org\/index.php?rest_route=\/wp\/v2\/posts\/52651","targetHints":{"allow":["GET"]}}],"collection":[{"href":"https:\/\/radiozapatista.org\/index.php?rest_route=\/wp\/v2\/posts"}],"about":[{"href":"https:\/\/radiozapatista.org\/index.php?rest_route=\/wp\/v2\/types\/post"}],"author":[{"embeddable":true,"href":"https:\/\/radiozapatista.org\/index.php?rest_route=\/wp\/v2\/users\/21"}],"replies":[{"embeddable":true,"href":"https:\/\/radiozapatista.org\/index.php?rest_route=%2Fwp%2Fv2%2Fcomments&post=52651"}],"version-history":[{"count":1,"href":"https:\/\/radiozapatista.org\/index.php?rest_route=\/wp\/v2\/posts\/52651\/revisions"}],"predecessor-version":[{"id":52653,"href":"https:\/\/radiozapatista.org\/index.php?rest_route=\/wp\/v2\/posts\/52651\/revisions\/52653"}],"wp:featuredmedia":[{"embeddable":true,"href":"https:\/\/radiozapatista.org\/index.php?rest_route=\/wp\/v2\/media\/52652"}],"wp:attachment":[{"href":"https:\/\/radiozapatista.org\/index.php?rest_route=%2Fwp%2Fv2%2Fmedia&parent=52651"}],"wp:term":[{"taxonomy":"category","embeddable":true,"href":"https:\/\/radiozapatista.org\/index.php?rest_route=%2Fwp%2Fv2%2Fcategories&post=52651"},{"taxonomy":"post_tag","embeddable":true,"href":"https:\/\/radiozapatista.org\/index.php?rest_route=%2Fwp%2Fv2%2Ftags&post=52651"}],"curies":[{"name":"wp","href":"https:\/\/api.w.org\/{rel}","templated":true}]}}