{"id":52648,"date":"2025-10-17T20:10:47","date_gmt":"2025-10-18T02:10:47","guid":{"rendered":"https:\/\/radiozapatista.org\/?p=52648"},"modified":"2025-10-17T20:10:48","modified_gmt":"2025-10-18T02:10:48","slug":"informe-del-congreso-nacional-indigena-y-el-ejercito-zapatista-de-liberacion-nacional-sobre-lo-recaudado-para-las-comunidades-de-la-sierra-norte-de-veracruz-afectadas-por-las-intensas-lluvias-de-los-u","status":"publish","type":"post","link":"https:\/\/radiozapatista.org\/?p=52648","title":{"rendered":"Informe del Congreso Nacional Ind\u00edgena y el Ej\u00e9rcito Zapatista de Liberaci\u00f3n Nacional sobre lo recaudado para las comunidades de la Sierra Norte de Veracruz afectadas por las intensas lluvias de los \u00faltimos d\u00edas"},"content":{"rendered":"\n<p><strong>INFORME DEL CONGRESO NACIONAL IND\u00cdGENA Y EL EJ\u00c9RCITO ZAPATISTA DE LIBERACI\u00d3N NACIONAL SOBRE LO RECAUDADO PARA LAS COMUNIDADES DE LA SIERRA NORTE DE VERACRUZ AFECTADAS POR LAS INTENSAS LLUVIAS DE LOS \u00daLTIMOS D\u00cdAS<\/strong><br><strong>OCTUBRE DE 2025<\/strong><\/p>\n\n\n\n<p>A nuestras hermanas y hermanos de los pueblos originarios de la Sierra Norte de Veracruz.<br>Al Congreso Nacional Ind\u00edgena Regi\u00f3n Totonacapan.<\/p>\n\n\n\n<p>A los pueblos de M\u00e9xico y del mundo,<br>A los organismos y colectivos defensores de derechos humanos,<br>A las Redes de Resistencia y Rebeld\u00eda,<br>A la Sexta Nacional e Internacional,<br>A l@s firmantes de Una Declaraci\u00f3n por la Vida en los cinco continentes,<br>A la Europa Insumisa, Digna y Rebelde.<\/p>\n\n\n\n<p>A partir del llamado a la solidaridad que hicimos hace cuatro d\u00edas por las intensas lluvias que han afectado a diversos estados del pa\u00eds y particularmente a la zona norte del estado de Veracruz, en la cuenta bancaria que dimos para dicho fin hemos recibido al corte de la ma\u00f1ana del d\u00eda de hoy la cantidad total de 212, 899.02 pesos a trav\u00e9s de dep\u00f3sitos y transferencias bancarias, de la cual 50, 000.00 pesos fueron destinados a la compra directa de di\u00e9sel y gasolina, y 119, 005.11 pesos fueron transferidos a la cuenta que los compa\u00f1eros del CNI Totonacapan nos indicaron, quedando un remanente de 43, 893.91 pesos que ser\u00e1n entregados inmediatamente a los compa\u00f1eros del CNI Totonacapan en la forma que nos lo indiquen. Asimismo, en el marco de esta campa\u00f1a se hizo una compra directa de di\u00e9sel por un valor de 76, 350.00 pesos, lo que sumado a las cifras anteriores da UN TOTAL RECAUDADO DE 289, 249.02 PESOS.<\/p>\n\n\n\n<p>Todos estos donativos se recibieron no s\u00f3lo de personas de nuestro pa\u00eds, sino de varios pa\u00edses del mundo, lo que nos habla de una solidaridad internacionalista y nacional, entre los de abajo y a la izquierda. Distintas cantidades, distintos esfuerzos individuales y colectivos que no alcanzan a reflejarse cabalmente en solo unos n\u00fameros y cantidades recibidas. Pero nosotros lo sabemos hermanas y hermanos, nos tendieron la mano en estos duros momentos, de eso no hay duda.<\/p>\n\n\n\n<p>Por \u00faltimo, hacemos nuevamente el llamamiento a continuar la solidaridad en apoyo a los pueblos originarios de la Sierra Norte de Veracruz afectados, pudiendo hacer dep\u00f3sitos y transferencias bancarias en apoyo a estos pueblos y comunidades en la cuenta n\u00famero 0113643034, CLABE 012540001136430347, c\u00f3digo SWIFT BCMRMXMMPYM del Banco BBVA M\u00e9xico, sucursal 1769, a nombre de CIENCIA SOCIAL AL SERVICIO DE LOS PUEBLOS ORIGINARIOS, e inform\u00e1ndolos al correo cnicomunicacion@gmail.com.<\/p>\n\n\n\n<p>M\u00c9XICO, A 17 DE OCTUBRE DE 2025<\/p>\n\n\n\n<p>ATENTAMENTE<\/p>\n\n\n\n<p>POR LA RECONSTITUCI\u00d3N INTEGRAL DE NUESTROS PUEBLOS<br>NUNCA MAS UN M\u00c9XICO SIN NOSOTROS<\/p>\n\n\n\n<p>CONGRESO NACIONAL IND\u00cdGENA<br>EJ\u00c9RCITO ZAPATISTA DE LIBERACI\u00d3N NACIONAL<\/p>\n\n\n\n<p><\/p>\n","protected":false},"excerpt":{"rendered":"<p>INFORME DEL CONGRESO NACIONAL IND\u00cdGENA Y EL EJ\u00c9RCITO ZAPATISTA DE LIBERACI\u00d3N NACIONAL SOBRE LO RECAUDADO PARA LAS COMUNIDADES DE LA SIERRA NORTE DE VERACRUZ AFECTADAS POR LAS INTENSAS LLUVIAS DE LOS \u00daLTIMOS D\u00cdASOCTUBRE DE 2025 A nuestras hermanas y hermanos de los pueblos originarios de la Sierra Norte de Veracruz.Al Congreso Nacional Ind\u00edgena Regi\u00f3n Totonacapan. [&hellip;]<\/p>\n","protected":false},"author":21,"featured_media":52649,"comment_status":"open","ping_status":"closed","sticky":false,"template":"","format":"standard","meta":{"footnotes":""},"categories":[957,51,1024,943,118,955,954,935],"tags":[58,53,147,545,87,148,27,483],"class_list":["post-52648","post","type-post","status-publish","format-standard","has-post-thumbnail","hentry","category-autonomia","category-autor","category-cni-temas","category-cni","category-ezln","category-ezln-temas","category-mexico","category-temas","tag-derechos-humanos","tag-justicia","tag-militarizacion","tag-pueblos-indigenas","tag-represion","tag-resistencia","tag-solidaridad","tag-tierra-y-territorio"],"_links":{"self":[{"href":"https:\/\/radiozapatista.org\/index.php?rest_route=\/wp\/v2\/posts\/52648","targetHints":{"allow":["GET"]}}],"collection":[{"href":"https:\/\/radiozapatista.org\/index.php?rest_route=\/wp\/v2\/posts"}],"about":[{"href":"https:\/\/radiozapatista.org\/index.php?rest_route=\/wp\/v2\/types\/post"}],"author":[{"embeddable":true,"href":"https:\/\/radiozapatista.org\/index.php?rest_route=\/wp\/v2\/users\/21"}],"replies":[{"embeddable":true,"href":"https:\/\/radiozapatista.org\/index.php?rest_route=%2Fwp%2Fv2%2Fcomments&post=52648"}],"version-history":[{"count":1,"href":"https:\/\/radiozapatista.org\/index.php?rest_route=\/wp\/v2\/posts\/52648\/revisions"}],"predecessor-version":[{"id":52650,"href":"https:\/\/radiozapatista.org\/index.php?rest_route=\/wp\/v2\/posts\/52648\/revisions\/52650"}],"wp:featuredmedia":[{"embeddable":true,"href":"https:\/\/radiozapatista.org\/index.php?rest_route=\/wp\/v2\/media\/52649"}],"wp:attachment":[{"href":"https:\/\/radiozapatista.org\/index.php?rest_route=%2Fwp%2Fv2%2Fmedia&parent=52648"}],"wp:term":[{"taxonomy":"category","embeddable":true,"href":"https:\/\/radiozapatista.org\/index.php?rest_route=%2Fwp%2Fv2%2Fcategories&post=52648"},{"taxonomy":"post_tag","embeddable":true,"href":"https:\/\/radiozapatista.org\/index.php?rest_route=%2Fwp%2Fv2%2Ftags&post=52648"}],"curies":[{"name":"wp","href":"https:\/\/api.w.org\/{rel}","templated":true}]}}