{"id":5264,"date":"2012-02-16T17:59:34","date_gmt":"2012-02-16T23:59:34","guid":{"rendered":"https:\/\/radiozapatista.org\/?p=5264"},"modified":"2012-02-16T18:00:38","modified_gmt":"2012-02-17T00:00:38","slug":"escrache-al-campo-militar-1-%c2%a1no-es-ciclopista-es-carcel-clandestina","status":"publish","type":"post","link":"https:\/\/radiozapatista.org\/?p=5264","title":{"rendered":"<!--:es-->Escrache al Campo Militar 1. \u00a1No es ciclopista: es c\u00e1rcel clandestina!<!--:-->"},"content":{"rendered":"<p><!--:es--><\/p>\n<div>\n<h1>FEBRERO 19, ESCRACHE AL CAMPO MILITAR No. 1<\/h1>\n<h1>\u00a1NO ES CICLOPISTA: ES UNA C\u00c1RCEL CLANDESTINA!<\/h1>\n<div><a href=\"http:\/\/www.hijosmexico.org\/index-segundo_escrache_al_campo_militar_1._no_es_ciclopista_es_carcel_clandestina#54\"><img decoding=\"async\" src=\"http:\/\/www.hijosmexico.org\/public\/photos\/thumbs\/100_4aa0dd263369f1bfba56a740ad3b3e6e.jpg\" border=\"0\" alt=\"\" \/> <\/a><a href=\"http:\/\/www.hijosmexico.org\/index-segundo_escrache_al_campo_militar_1._no_es_ciclopista_es_carcel_clandestina#54\"><img decoding=\"async\" src=\"http:\/\/www.hijosmexico.org\/public\/photos\/thumbs\/100_0aa18f23fc67f0ff542ec69ecbdefee2.jpg\" border=\"0\" alt=\"\" \/><\/a><\/div>\n<p>Por segundo a\u00f1o consecutivo, la SEDENA abre las puertas del Campo Militar No. 1 a los civiles, cual si fuera un lugar de paseo, un bonito parque para un domingo en bicicleta, para una carrera de atletismo. Sin embargo, este campo ha sido desde hace d\u00e9cadas un referente al hablar de represi\u00f3n en M\u00e9xico, del encarcelamiento clandestino, las torturas, las desapariciones e incluso las ejecuciones extrajudiciales, no es un lugar donde se respete a la ciudadan\u00eda: es un lugar donde se violan sistem\u00e1ticamente los derechos humanos porque en sus instalaciones funciona\u00a0<strong>la c\u00e1rcel clandestina m\u00e1s se\u00f1alada en nuestro pa\u00eds.<\/strong><\/p>\n<\/div>\n<p>Se tiene conocimiento, por testimonios y fotograf\u00edas, que esta c\u00e1rcel fue usada el 2 de octubre de 1968 para encerrar a cientos de estudiantes tra\u00eddos de la Plaza de las Tres Culturas. Durante los a\u00f1os setenta y ochenta muchas personas que estuvieron dentro de estas c\u00e1rceles afirmaron haber visto a m\u00e1s desaparecidos con vida en el mismo lugar. Pueblos enteros, como El Quemado, Guerrero, estuvieron en este lugar secuestrados, desaparecidos. Gabriel Alberto Cruz S\u00e1nchez y Edmundo Reyes Amaya, desaparecidos desde 2007, fueron tra\u00eddos a este lugar. Esto demuestra que estas mismas instalaciones han sido usadas como c\u00e1rceles clandestinas por d\u00e9cadas, es un ejemplo claro de la continuidad del terrorismo de Estado, que nunca ha cesado. No ha sido solo un gobierno el que ha desaparecido, asesinado, reprimido: el Estado en su totalidad lo ha hecho impunemente.<\/p>\n<p><strong>EL PR\u00d3XIMO DOMINGO 19 DE FEBRERO IREMOS A LAS INSTALACIONES DEL CAMPO MILITAR No. 1 (Puerta 8 ) PARA SE\u00d1ALAR ESTE LUGAR COMO LO QUE ES: UNA C\u00c1RCEL CLANDESTINA.<\/strong><\/p>\n<div>\n<h1>\u00a1ACOMP\u00c1\u00d1ANOS!<\/h1>\n<\/div>\n<p>La cita es a las 11:00 a.m. afuera del Restaurante \u201cEl Port\u00f3n\u201d que se encuentra sobre Perif\u00e9rico (casi enfrente de la puerta 8 del Campo).<\/p>\n<p>Si las Fuerzas Armadas realmente quieren dar una buena imagen a la sociedad, que liberen a los desaparecidos, que abran sus archivos y no s\u00f3lo sus puertas; que dejen de violar los derechos humanos, de torturar incluso a sus iguales, a polic\u00edas; que paren esta campa\u00f1a de represi\u00f3n y que regresen a sus cuarteles. Que todos los responsables y sus c\u00f3mplices sean juzgados.<\/p>\n<div><strong>No olvidamos. No perdonamos. No nos reconciliamos.<br \/>\nJuicio y Castigo a los responsables y sus c\u00f3mplices.<\/p>\n<p><\/strong><strong>H.I.J.O.S. M\u00e9xico<br \/>\nHijos por la Identidad y la Justicia contra el Olvido y el Silencio.<\/strong><\/p>\n<\/div>\n<p><!--:--><!--:en--><\/p>\n<p><!--:--><\/p>\n","protected":false},"excerpt":{"rendered":"<p>FEBRERO 19, ESCRACHE AL CAMPO MILITAR No. 1 \u00a1NO ES CICLOPISTA: ES UNA C\u00c1RCEL CLANDESTINA! Por segundo a\u00f1o consecutivo, la SEDENA abre las puertas del Campo Militar No. 1 a los civiles, cual si fuera un lugar de paseo, un bonito parque para un domingo en bicicleta, para una carrera de atletismo. Sin embargo, este [&hellip;]<\/p>\n","protected":false},"author":4,"featured_media":0,"comment_status":"open","ping_status":"open","sticky":false,"template":"","format":"standard","meta":{"footnotes":""},"categories":[183],"tags":[58,469,198],"class_list":["post-5264","post","type-post","status-publish","format-standard","hentry","category-blog","tag-derechos-humanos","tag-guerra-sucia","tag-impunidad"],"_links":{"self":[{"href":"https:\/\/radiozapatista.org\/index.php?rest_route=\/wp\/v2\/posts\/5264","targetHints":{"allow":["GET"]}}],"collection":[{"href":"https:\/\/radiozapatista.org\/index.php?rest_route=\/wp\/v2\/posts"}],"about":[{"href":"https:\/\/radiozapatista.org\/index.php?rest_route=\/wp\/v2\/types\/post"}],"author":[{"embeddable":true,"href":"https:\/\/radiozapatista.org\/index.php?rest_route=\/wp\/v2\/users\/4"}],"replies":[{"embeddable":true,"href":"https:\/\/radiozapatista.org\/index.php?rest_route=%2Fwp%2Fv2%2Fcomments&post=5264"}],"version-history":[{"count":0,"href":"https:\/\/radiozapatista.org\/index.php?rest_route=\/wp\/v2\/posts\/5264\/revisions"}],"wp:attachment":[{"href":"https:\/\/radiozapatista.org\/index.php?rest_route=%2Fwp%2Fv2%2Fmedia&parent=5264"}],"wp:term":[{"taxonomy":"category","embeddable":true,"href":"https:\/\/radiozapatista.org\/index.php?rest_route=%2Fwp%2Fv2%2Fcategories&post=5264"},{"taxonomy":"post_tag","embeddable":true,"href":"https:\/\/radiozapatista.org\/index.php?rest_route=%2Fwp%2Fv2%2Ftags&post=5264"}],"curies":[{"name":"wp","href":"https:\/\/api.w.org\/{rel}","templated":true}]}}