{"id":52637,"date":"2025-10-15T13:53:03","date_gmt":"2025-10-15T19:53:03","guid":{"rendered":"https:\/\/radiozapatista.org\/?p=52637"},"modified":"2025-10-15T13:53:05","modified_gmt":"2025-10-15T19:53:05","slug":"pronuciamiento-del-tercer-foro-regional-por-la-defensa-de-la-vida-y-los-territorios","status":"publish","type":"post","link":"https:\/\/radiozapatista.org\/?p=52637","title":{"rendered":"Pronuciamiento del tercer foro regional por la Defensa de la Vida y los Territorios"},"content":{"rendered":"\n<p>Reyes Metzontla y Teocentli, Puebla \u2013 11 y 12 de octubre de 2025<\/p>\n\n\n\n<p>Desde la&nbsp; Mixteca.&nbsp; la Sierra y el Istmo decimos: la vida no se vende, se defiende.<\/p>\n\n\n\n<p>Reunidas y reunidos los d\u00edas 11 y 12 de octubre de 2025 en Los Reyes Metzontla y en el Centro de Formaci\u00f3n para la Autonom\u00eda Teocentli, en Tehuac\u00e1n, Puebla, las comunidades, organizaciones, colectivos y defensoras y defensores del territorio participantes en el Tercer Foro Regional por la Defensa de la Vida y los Territorios, expresamos nuestra palabra frente a la ofensiva extractivista, la corrupci\u00f3n institucional y la violencia que amenazan a nuestros pueblos.<\/p>\n\n\n\n<p>Frente al miedo y la mentira, reafirmamos nuestra dignidad a pesar de las amenazas, intentos de sabotaje y campa\u00f1as de desinformaci\u00f3n impulsadas por personas vinculadas a los intereses mineros, el Foro se realiz\u00f3 con firmeza y dignidad. Denunciamos que un sector de la autoridad agraria de Los Reyes Metzontla, actuando bajo presi\u00f3n y sin consultar a la comunidad organizadora, public\u00f3 un comunicado cancelando el foro con argumentos falsos, pretendiendo generar miedo entre la poblaci\u00f3n.<\/p>\n\n\n\n<p>Lejos de intimidarnos, este hecho confirm\u00f3 la gravedad del problema minero en la regi\u00f3n y la necesidad de seguir organizadas y organizados. La comunidad, acompa\u00f1ada por pueblos de Puebla, Oaxaca, Veracruz, Michoac\u00e1n, Brasil y otros territorios, decidi\u00f3 seguir adelante con el encuentro, traslad\u00e1ndolo temporalmente a Teocentli para resguardar la seguridad de quienes asistimos.<\/p>\n\n\n\n<p>Ese mismo d\u00eda, la asamblea determin\u00f3 ingresar nuevamente a Los Reyes Metzontla, donde se realiz\u00f3 el foro en territorio, como ejercicio pleno del derecho a la libre determinaci\u00f3n, a la informaci\u00f3n, a la organizaci\u00f3n comunitaria y a la defensa de la vida.<\/p>\n\n\n\n<p>Denunciamos el saqueo y la impunidad extractivista en los Reyes Metzontla, la explotaci\u00f3n minera ha devastado el territorio con pagos indignos de apenas 30 pesos por tonelada de material extra\u00eddo, bajo el pretexto de producir cemento, cuando en realidad tambi\u00e9n se saquean tierras raras, hierro y otros minerales.<\/p>\n\n\n\n<p>Recordamos que esta miner\u00eda se desarrolla dentro de la Reserva de la Biosfera Tehuac\u00e1n\u2013Cuicatl\u00e1n, donde est\u00e1 legalmente prohibida toda actividad extractiva. Sin embargo, la colusi\u00f3n entre autoridades locales, la empresa minera y dependencias federales ha permitido la violaci\u00f3n de los derechos colectivos y ambientales de la regi\u00f3n.<\/p>\n\n\n\n<p>Denunciamos la corrupci\u00f3n y exigimos la cancelaci\u00f3n definitiva del proyecto minero en Reyes Metzontla, y de todas las concesiones otorgadas, as\u00ed como la seguridad e integridad de las compa\u00f1eras y compa\u00f1eros que han encabezado su defensa.<\/p>\n\n\n\n<p>Durante el Foro escuchamos y abrazamos otras voces de lucha que comparten la misma herida:<\/p>\n\n\n\n<p>\u2022 Las comunidades de Aquila, Michoac\u00e1n, donde la minera Ternium ha generado violencia, contaminaci\u00f3n y desapariciones, entre ellas las de los defensores Ricardo Lagunes y Antonio D\u00edaz, desaparecidos desde el 15 de enero de 2023.<\/p>\n\n\n\n<p>\u2022 Las comunidades del Frente No a la Miner\u00eda por un Futuro de Todas y Todos, en los Valles Centrales de Oaxaca, que enfrentan el saqueo de Fortuna Mining Corp., y que, con fuerza, han declarado sus territorios prohibidos para la miner\u00eda.<\/p>\n\n\n\n<p>\u2022 Las compa\u00f1eras de Brasil, quienes compartieron la impunidad y devastaci\u00f3n tras el derrame de jales en Minas Gerais, mostrando que la miner\u00eda criminaliza, contamina y mata en todo el continente.<\/p>\n\n\n\n<p>. A su vez se habl\u00f3 de la lucha que detuvo el proyecto hidroel\u00e9ctrico Coyolapa -Atzalan que pretend\u00eda realizas Minera Autl\u00e1n, donde los pueblos en resistencia sufrieron la desaparici\u00f3n Sergio Rivera Hernandez, defensor del rio quien nos dicta el camino para seguir en la lucha por la defensa de nuestros territorios y nuestra Agua.<\/p>\n\n\n\n<p>A esta violencia ambiental y comunitaria se suma la impuesta por los megaproyectos de infraestructura y parques industriales en el Istmo de Tehuantepec, donde 23 defensores de la UCIZONI han sido criminalizados, y la militarizaci\u00f3n se extiende al sureste mexicano \u2014incluida la Pen\u00ednsula de Yucat\u00e1n\u2014 para proteger intereses privados y proyectos del mal llamado \u201cdesarrollo\u201d.<\/p>\n\n\n\n<p>La defensa del territorio es la defensa de la vida por lo que en este D\u00eda de la Resistencia Ind\u00edgena, Negra y Popular, reafirmamos que la defensa del territorio es una forma de vida y una responsabilidad colectiva frente a la devastaci\u00f3n capitalista y colonial.<\/p>\n\n\n\n<p>Nuestros pueblos han resistido por m\u00e1s de 533 a\u00f1os el despojo y la guerra contra la tierra. Hoy seguimos de pie, defendiendo el agua, los cerros, los bosques, los r\u00edos, la memoria y la dignidad.<\/p>\n\n\n\n<p>Desde la Mixteca, regi\u00f3n \u00d1uu Savi-Ingiwa, la Sierra de Oaxaca y el Istmo, decimos:<\/p>\n\n\n\n<p>\u2022No permitiremos la instalaci\u00f3n de proyectos mineros en la Mixteca.<\/p>\n\n\n\n<p>\u2022 Justicia y verdad para los defensores desaparecidos en Aquila, Michoac\u00e1n.<\/p>\n\n\n\n<p>\u2022 Respeto a los territorios prohibidos para la miner\u00eda en los Valles Centrales de Oaxaca.<\/p>\n\n\n\n<p>\u2022 No a la criminalizaci\u00f3n ni militarizaci\u00f3n del Istmo y del sureste mexicano.<\/p>\n\n\n\n<p>\u2022 Cancelaci\u00f3n definitiva de la mina en Reyes Metzontla y de todas las concesiones.<\/p>\n\n\n\n<p>*&nbsp; Nos pronunciamos firmemente contra las reformas impulsadas por el grupo parlamentario de Morena a la Ley de Aguas Nacionales y a la Ley de Amparo, ya que ambas representan un retroceso en materia de derechos humanos y ambientales. La primera mantiene viva la ley salinista que protege al capital y las concesiones empresariales otorgadas por la Conagua, negando el reconocimiento de la gesti\u00f3n comunitaria del agua de los Pueblos Originarios. La segunda limita el acceso a la justicia y la defensa del territorio, debilita las garant\u00edas constitucionales y los mecanismos internacionales de protecci\u00f3n frente a megaproyectos y pol\u00edticas extractivas, en abierta violaci\u00f3n al Acuerdo de Escaz\u00fa y al principio de progresividad de los derechos.<\/p>\n\n\n\n<p>Articulamos la Red por la Defensa de la Vida, el Agua, la Tierra y el Territorio<\/p>\n\n\n\n<p>Como resultado de este encuentro, acordamos fortalecer la Red por la Defensa de la Vida, el Agua, la Tierra y el Territorio, un espacio aut\u00f3nomo y horizontal que busca articular esfuerzos comunitarios, pol\u00edticos, jur\u00eddicos, comunicativos y de cuidado colectivo.<\/p>\n\n\n\n<p>Entre las tareas inmediatas asumidas por la Red est\u00e1n:<\/p>\n\n\n\n<p>\u2022 Impulsar campa\u00f1as informativas y radios comunitarias frente a los megaproyectos.<\/p>\n\n\n\n<p>\u2022 Desarrollar estrategias de seguridad y acompa\u00f1amiento a defensoras y defensores amenazados.<\/p>\n\n\n\n<p>\u2022 Denunciar las irregularidades con que operan empresas mineras y otras formas de extractivismo (e\u00f3licos, monocultivos, basureros, granjas, invernaderos) dentro de la Reserva de la Biosfera.<\/p>\n\n\n\n<p>\u2022 Revisar y difundir el Acuerdo de Escaz\u00fa, como herramienta de defensa y protecci\u00f3n de quienes cuidan el territorio.<\/p>\n\n\n\n<p>\u2022 Avanzar en el mapeo de proyectos extractivistas y en la declaratoria de territorios libres de miner\u00eda.<\/p>\n\n\n\n<p>\u2022 acompa\u00f1ar el Foro a realizarse el 13 de diciembre en Chazumba, Oaxaca, y dar continuidad a las tareas de este procesos de articulaci\u00f3n el 14 de diciembre.<\/p>\n\n\n\n<p>Nuestra palabra camina: no al despojo, s\u00ed a la vida<\/p>\n\n\n\n<p>Nosotras y nosotros, pueblos, comunidades, organizaciones y colectivos reunidos en este Tercer Foro, hacemos responsables a las autoridades de Los Reyes Metzontla, a los concesionarios y a las autoridades federales por cualquier agresi\u00f3n, hostigamiento o atentado en contra de las compa\u00f1eras y compa\u00f1eros que defienden la vida.<\/p>\n\n\n\n<p>Exigimos el respeto a los derechos humanos y colectivos, y el fin de la impunidad ambiental.<\/p>\n\n\n\n<p>Exigimos un alto inmediato a las agresiones&nbsp; y a la guerra desatada contras las comunidades Zapatistas!<\/p>\n\n\n\n<p>Desde nuestra memoria y organizaci\u00f3n colectiva, afirmamos:<\/p>\n\n\n\n<p>La Mixteca, la Sierra y el Istmo seguir\u00e1n defendiendo la vida frente al despojo.<\/p>\n\n\n\n<p>No aceptamos el miedo ni el silencio. Nuestra palabra y nuestra organizaci\u00f3n son semillas de esperanza.<\/p>\n\n\n\n<p>\u00a1S\u00ed a la vida, no a la miner\u00eda!<\/p>\n\n\n\n<p><strong>Firmamos:<\/strong><\/p>\n\n\n\n<p><strong>Comunidades, organizaciones, colectivos, defensoras y defensores reunidos en el Tercer Foro Regional por la Defensa de la Vida y los Territorios, realizado los d\u00edas 11 y 12 de octubre de 2025 en Reyes Metzontla y Teocentli, Puebla.<\/strong><\/p>\n\n\n\n<p><strong>Congreso Nacional Ind\u00edgena,&nbsp;<\/strong><\/p>\n\n\n\n<p><strong>UCIZONI (Uni\u00f3n de comunidad de la Zona Norte del Istmos),<\/strong><\/p>\n\n\n\n<p><strong>Servicios para una Educaci\u00f3n Alternativa A.C. EDUCA, MAIZ(Movimiento Agrario Ind\u00edgena Zapatista), Servicios<\/strong><\/p>\n\n\n\n<p><strong>Geo-grafias Comunitarias,<\/strong><\/p>\n\n\n\n<p><strong>GLEFAS (Grupo Latinoamericano de Estudios, Formaci\u00f3n y Acci\u00f3n),<\/strong><\/p>\n\n\n\n<p><strong>Red de Accio\u2019n frente al Libre Comercio (RMALC), el Grupo de Trabajo \u00abFronteras, regionalizaci\u00f3n y globalizaci\u00f3n del Consejo Latinoamericano de Ciencias Sociales y el Seminario Permanente de Estudioz Chicanos y de Fronteras, Laboratorio Popular de Medios Libres, Hijos de la Tierra, Radios ecos de la Sal,&nbsp;<\/strong><\/p>\n\n\n\n<p><strong>FPR (Frente Popular Revolucionario) Colectivo Huitzil Urbano, Red de radios ind\u00edgenas y comunitarias del&nbsp; Sureste Mexicano, , Ollin Quetza AC , cooperativa Nutze, Comsion de derechos humanos y laborales del valle de Tehuac\u00e1n, Centro de Apoyo al Movimiento Popular Oaxaque\u00f1o, A.C.<\/strong><\/p>\n\n\n\n<p><\/p>\n","protected":false},"excerpt":{"rendered":"<p>Reyes Metzontla y Teocentli, Puebla \u2013 11 y 12 de octubre de 2025 Desde la&nbsp; Mixteca.&nbsp; la Sierra y el Istmo decimos: la vida no se vende, se defiende. Reunidas y reunidos los d\u00edas 11 y 12 de octubre de 2025 en Los Reyes Metzontla y en el Centro de Formaci\u00f3n para la Autonom\u00eda Teocentli, [&hellip;]<\/p>\n","protected":false},"author":21,"featured_media":52638,"comment_status":"open","ping_status":"closed","sticky":false,"template":"","format":"standard","meta":{"footnotes":""},"categories":[957,51,826,958,954,935],"tags":[58,53,567,147,545,87,148,483],"class_list":["post-52637","post","type-post","status-publish","format-standard","has-post-thumbnail","hentry","category-autonomia","category-autor","category-medios-libres-2","category-megaproyectos","category-mexico","category-temas","tag-derechos-humanos","tag-justicia","tag-megaproyectos","tag-militarizacion","tag-pueblos-indigenas","tag-represion","tag-resistencia","tag-tierra-y-territorio"],"_links":{"self":[{"href":"https:\/\/radiozapatista.org\/index.php?rest_route=\/wp\/v2\/posts\/52637","targetHints":{"allow":["GET"]}}],"collection":[{"href":"https:\/\/radiozapatista.org\/index.php?rest_route=\/wp\/v2\/posts"}],"about":[{"href":"https:\/\/radiozapatista.org\/index.php?rest_route=\/wp\/v2\/types\/post"}],"author":[{"embeddable":true,"href":"https:\/\/radiozapatista.org\/index.php?rest_route=\/wp\/v2\/users\/21"}],"replies":[{"embeddable":true,"href":"https:\/\/radiozapatista.org\/index.php?rest_route=%2Fwp%2Fv2%2Fcomments&post=52637"}],"version-history":[{"count":1,"href":"https:\/\/radiozapatista.org\/index.php?rest_route=\/wp\/v2\/posts\/52637\/revisions"}],"predecessor-version":[{"id":52639,"href":"https:\/\/radiozapatista.org\/index.php?rest_route=\/wp\/v2\/posts\/52637\/revisions\/52639"}],"wp:featuredmedia":[{"embeddable":true,"href":"https:\/\/radiozapatista.org\/index.php?rest_route=\/wp\/v2\/media\/52638"}],"wp:attachment":[{"href":"https:\/\/radiozapatista.org\/index.php?rest_route=%2Fwp%2Fv2%2Fmedia&parent=52637"}],"wp:term":[{"taxonomy":"category","embeddable":true,"href":"https:\/\/radiozapatista.org\/index.php?rest_route=%2Fwp%2Fv2%2Fcategories&post=52637"},{"taxonomy":"post_tag","embeddable":true,"href":"https:\/\/radiozapatista.org\/index.php?rest_route=%2Fwp%2Fv2%2Ftags&post=52637"}],"curies":[{"name":"wp","href":"https:\/\/api.w.org\/{rel}","templated":true}]}}