{"id":52631,"date":"2025-10-13T12:18:00","date_gmt":"2025-10-13T18:18:00","guid":{"rendered":"https:\/\/radiozapatista.org\/?p=52631"},"modified":"2025-10-15T13:23:49","modified_gmt":"2025-10-15T19:23:49","slug":"comunicado-del-cni-totonacapan-12-de-octubre-533-anos-de-resistencia-indigena","status":"publish","type":"post","link":"https:\/\/radiozapatista.org\/?p=52631","title":{"rendered":"Comunicado del CNI Totonacapan: 12 de octubre, 533 a\u00f1os de resistencia ind\u00edgena"},"content":{"rendered":"\n<p><strong>os pueblos originarios 0tom\u00edes, Tepehuas y Nahu\u00e1tl de la Sierra de la Huasteca Baja de Veracruz ante el olvido institucional<\/strong><\/p>\n\n\n\n<p>Al Pueblo de M\u00e9xico<br>A los pueblos ind\u00edgenas del CNI<br>Al Concejo Ind\u00edgena de Gobierno<br>A los medios de comunicaci\u00f3n.<\/p>\n\n\n\n<p>En las fotos, los gobiernos declaran que los pueblos somos los primeros, en campa\u00f1as las<br>candidatas con (A) y los candidatos ofrecen abrazos y besos, reciben las coronas de flores, la simulaci\u00f3n de recibir los bastones de mando.<\/p>\n\n\n\n<p>En la emergencia, el olvido de siempre, la exclusi\u00f3n de siempre, el racismo de siempre, y aunque ya les conocemos y no esperamos nada de los gobiernos, siguen decepcion\u00e1ndonos, la misma mierda de siempre, la misma indolencia.<\/p>\n\n\n\n<p>Los pueblos originarios, ya sin v\u00edveres, en llamatl\u00e1n, Zontecomatl\u00e1n y Texcatepec, pueblos<br>ancestrales del norte de Veracruz, apelando a su digna resistencia, limpian sus l\u00e1grimas y sudor y empiezan a hacer lo que de por si saben hacer, organizarse, ser comunidad, hacer asambleas, dar de comer a todos, principalmente a los que todo el d\u00eda trabajan para mover apenas unos metros de tierra deslavada de las decenas, centenares de deslaves de los cerros, improvisan pasos peatonales o puentes colgantes, los que tienen poco, ayudan a los que se quedaron sin nada, porque en las comunidades ind\u00edgenas se sufre en colectivo.<\/p>\n\n\n\n<p>Las luvias torrenciales en el norte de Veracruz, que provocaron cientos de deslaves, afectaciones e inundaciones en las comunidades y cabeceras municipales de los pueblos originarios de la sierra de Huayacocotla desenmascaran a los gobiernos de CUARTA, o como se llamen, desenmascaran su racismo, que supieron disimular muy bien en sus eventos con sahumerio y bastones de mando.<\/p>\n\n\n\n<p>Desde el Congreso Nacional Ind\u00edgena denunciamos y repudiamos a los gobiernos el retraso sistem\u00e1tico, olvido sistem\u00e1tico, y exigimos que hagan llegar la maquinaria, los v\u00edveres y el apoyo medico necesario para las comunidades ind\u00edgenas de la sierra norte de Veracruz.<br>Agradecemos la solidaridad de la sociedad civil que se ha tomado el tiempo de compartir la situaci\u00f3n real de las comunidades ind\u00edgenas y a quienes est\u00e1n realizando acopios en los pueblos y ciudades para destinarlos a los pueblos originarios de la sierra Norte de Veracruz.<\/p>\n\n\n\n<p><strong>Nunca m\u00e1s un M\u00e9xico sin nosotros.<\/strong><br><strong>CONGRESO NACIONAL INDIGENA.<\/strong><br><strong>regi\u00f3n Totonacapan<\/strong><\/p>\n\n\n\n<p><\/p>\n","protected":false},"excerpt":{"rendered":"<p>os pueblos originarios 0tom\u00edes, Tepehuas y Nahu\u00e1tl de la Sierra de la Huasteca Baja de Veracruz ante el olvido institucional Al Pueblo de M\u00e9xicoA los pueblos ind\u00edgenas del CNIAl Concejo Ind\u00edgena de GobiernoA los medios de comunicaci\u00f3n. En las fotos, los gobiernos declaran que los pueblos somos los primeros, en campa\u00f1as lascandidatas con (A) y [&hellip;]<\/p>\n","protected":false},"author":21,"featured_media":52632,"comment_status":"open","ping_status":"closed","sticky":false,"template":"","format":"standard","meta":{"footnotes":""},"categories":[51,943],"tags":[58,53,567,147,545,87,27,483],"class_list":["post-52631","post","type-post","status-publish","format-standard","has-post-thumbnail","hentry","category-autor","category-cni","tag-derechos-humanos","tag-justicia","tag-megaproyectos","tag-militarizacion","tag-pueblos-indigenas","tag-represion","tag-solidaridad","tag-tierra-y-territorio"],"_links":{"self":[{"href":"https:\/\/radiozapatista.org\/index.php?rest_route=\/wp\/v2\/posts\/52631","targetHints":{"allow":["GET"]}}],"collection":[{"href":"https:\/\/radiozapatista.org\/index.php?rest_route=\/wp\/v2\/posts"}],"about":[{"href":"https:\/\/radiozapatista.org\/index.php?rest_route=\/wp\/v2\/types\/post"}],"author":[{"embeddable":true,"href":"https:\/\/radiozapatista.org\/index.php?rest_route=\/wp\/v2\/users\/21"}],"replies":[{"embeddable":true,"href":"https:\/\/radiozapatista.org\/index.php?rest_route=%2Fwp%2Fv2%2Fcomments&post=52631"}],"version-history":[{"count":1,"href":"https:\/\/radiozapatista.org\/index.php?rest_route=\/wp\/v2\/posts\/52631\/revisions"}],"predecessor-version":[{"id":52633,"href":"https:\/\/radiozapatista.org\/index.php?rest_route=\/wp\/v2\/posts\/52631\/revisions\/52633"}],"wp:featuredmedia":[{"embeddable":true,"href":"https:\/\/radiozapatista.org\/index.php?rest_route=\/wp\/v2\/media\/52632"}],"wp:attachment":[{"href":"https:\/\/radiozapatista.org\/index.php?rest_route=%2Fwp%2Fv2%2Fmedia&parent=52631"}],"wp:term":[{"taxonomy":"category","embeddable":true,"href":"https:\/\/radiozapatista.org\/index.php?rest_route=%2Fwp%2Fv2%2Fcategories&post=52631"},{"taxonomy":"post_tag","embeddable":true,"href":"https:\/\/radiozapatista.org\/index.php?rest_route=%2Fwp%2Fv2%2Ftags&post=52631"}],"curies":[{"name":"wp","href":"https:\/\/api.w.org\/{rel}","templated":true}]}}