{"id":52627,"date":"2025-10-13T12:16:00","date_gmt":"2025-10-13T18:16:00","guid":{"rendered":"https:\/\/radiozapatista.org\/?p=52627"},"modified":"2025-10-15T13:17:40","modified_gmt":"2025-10-15T19:17:40","slug":"comunicado-de-la-comunidad-otomi-en-el-marco-del-5-aniversario-de-la-toma-del-inpi","status":"publish","type":"post","link":"https:\/\/radiozapatista.org\/?p=52627","title":{"rendered":"Comunicado de la comunidad Otom\u00ed en el marco del 5\u00b0 ANIVERSARIO DE LA TOMA DEL INPI"},"content":{"rendered":"\n<p>Al Comit\u00e9 Clandestino Revolucionario Ind\u00edgena-Comandancia General del EZLN<\/p>\n\n\n\n<p>Al Ej\u00e9rcito Zapatista de Liberaci\u00f3n Nacional, EZLN<\/p>\n\n\n\n<p>A la Nueva Estructura de la Autonom\u00eda Zapatista<\/p>\n\n\n\n<p>A la Comisi\u00f3n Sexta del EZLN<\/p>\n\n\n\n<p>Al Congreso Nacional Ind\u00edgena, CNI<\/p>\n\n\n\n<p>Al Concejo Ind\u00edgena de Gobierno, CIG<\/p>\n\n\n\n<p>A Ma. de Jes\u00fas Patricio Mart\u00ednez, Vocera del CNI-CIG<\/p>\n\n\n\n<p>A los Pueblos, Tribus, Naciones, Comunidades y Barrios Originarios<\/p>\n\n\n\n<p>que nunca fueron conquistados<\/p>\n\n\n\n<p>A la Sexta Nacional e Internacional<\/p>\n\n\n\n<p>A las Redes de Resistencia y Rebeld\u00eda<\/p>\n\n\n\n<p>A la Europa Insumisa, Digna y Rebelde<\/p>\n\n\n\n<p>A quienes firmaron la Declaraci\u00f3n por la Vida<\/p>\n\n\n\n<p>A los medios libres, independientes, alternativos o como se llamen\u2026<\/p>\n\n\n\n<p>A quienes luchan y resisten en todo el mundo contra el Genocidio al Pueblo Palestino<\/p>\n\n\n\n<p>Al Pueblo de M\u00e9xico y del mundo.<\/p>\n\n\n\n<p>Cuando nuestr@s herman@s zapatistas construyeron la idea de \u201cEl Com\u00fan\u201d. Dijer\u00f3n. \u201cTal vez alguien de ustedes pueda valorar el sentido profundamente rebelde y subversivo de esto en lo que, para no variar,nos jugamos la existencia.\u201d<\/p>\n\n\n\n<p>El Capit\u00e1n. Diciembre de 2020<\/p>\n\n\n\n<p>Herman@s Tod@s<\/p>\n\n\n\n<p>Antes que nada, queremos agradecer su asistencia y participaci\u00f3n en este 5\u00ba Aniversario de Resistencia y Rebeld\u00eda. El d\u00eda de hoy\u2026<\/p>\n\n\n\n<p>12 DE OCTUBRE<\/p>\n\n\n\n<p>D\u00cdA DE LA RESISTENCIA Y LA DIGNIDAD IND\u00cdGENA<\/p>\n\n\n\n<p>Nosotr@s hombres, mujeres, ni\u00f1@s y abuel@s, integrantes de la Comunidad Ind\u00edgena Otom\u00ed, residentes en la CDMX, no tenemos nada que celebrar que no sean\u2026<\/p>\n\n\n\n<p>\u201c533 A\u00d1OS DE RESISTENCIA Y DIGNIDAD DE NUESTROS PUEBLOS\u201d<\/p>\n\n\n\n<p>\u201c29 A\u00d1OS DE LA FUNDACI\u00d3N DEL CONGRESO NACIONAL IND\u00cdGENA, CNI\u201d<\/p>\n\n\n\n<p>\u201c5 A\u00d1OS DE LA TOMA DEL MAL LLAMADO INSTITUTO NACIONAL<\/p>\n\n\n\n<p>DE LOS PUEBLOS IND\u00cdGENAS, INPI\u201d<\/p>\n\n\n\n<p>Hace m\u00e1s de 30 a\u00f1os, la miser\u00eda y el olvido, obligaron a nuestras familias a salir de Santiago M\u00e9xquititl\u00e1n, Amealco Quer\u00e9taro. Salimos de madrugada, con fr\u00edo, con hambre, con sed, cargando no s\u00f3lo a nuestr@s hij@s, sino que tambi\u00e9n, cargamos con nuestra historia, con nuestra miseria, con nuestro olvido, con el desprecio y la discriminaci\u00f3n de los malos gobiernos.<\/p>\n\n\n\n<p>Salimos con la esperanza de construir un futuro mejor para nuetr@s hij@s. Salimos en b\u00fasqueda de trabajo, salud, educaci\u00f3n, alimentaci\u00f3n y una vivienda digna y decorosa como lo establece el Art. 4\u00ba Constitucional. Hoy reconocemos, que cre\u00edmos falsamente en la palabra de los malos gobiernos, sus promesas de campa\u00f1a solo quedaron en eso, promesas. Recientemente el Capataz y la CapatAz (con \u201cA\u201d), se llenaron la boca en decir que primero los pobres, y si tenian raz\u00f3n, primero los pobres para chingarselos, para despojarlos, para asesinarlos, para desaperecerlos; tambi\u00e9n cre\u00edmos, que si los Derechos constutucionales est\u00e1n plasmados en nuestra Carta Magna, seguramente tendr\u00edamos el derecho a la Vida, a la Libertad, a la Educaci\u00f3n, a la Salud, a la Vivienda, a la no discriminaci\u00f3n. Nos equivocamos nuevamente.<\/p>\n\n\n\n<p>Cuando llegamos a esta Ciudad, no tuvimos d\u00f3nde refugiarnos de la lluvia y el fr\u00edo; con inseguridad, hambre y sin trabajo, empezamos a caminarla y nos encontramos con grandes construcciones inmobiliarias, pero ninguna destinada para las comunidades ind\u00edgenas y muchos menos para los pueblos originarios. Encontramos grandes edificaciones que seg\u00fan ellos \u201cprocuran justicia\u201d, y nosotros preguntamos, \u00bfjusticia para qui\u00e9n?; encontramos edificios donde proponen, debaten y aprueban, dicen ellos,\u201cleyes en beneficio del pueblo\u201d, \u00bfen serio? y, encontramos Palacios, donde pareciera que siguen gobernando los Virreyes en la Epoca de la Nueva Espa\u00f1a. Han pasado 533 a\u00f1os de genocidio y exterminio de nuestros pueblos y nada ha cambiado.<\/p>\n\n\n\n<p>Peor a\u00fan, encontramos instituciones dedicadas a la \u201cdefensa y protecci\u00f3n de los Derechos Humanos\u201d, pero eso de nada nos sirvi\u00f3, pues para nosotr@s, no hay protecci\u00f3n ni derechos. Por otro lado, queremos se\u00f1alar que en 1948, se creo el Instituto Nacional Indigenista, (INI); en 2003 la Comisi\u00f3n Nacional para el Desarrollo de los Pueblos Ind\u00edgenas (CDI), y en diciembre de 2018, como parte de la mal llamada Cuarta Transformaci\u00f3n, se cre\u00f3 el Instituto Nacional de los Pueblos Ind\u00edgenas, INPI. Es decir, han pasado 77 a\u00f1os de la creaci\u00f3n de una instituci\u00f3n, que no \u201ccontribuye al desarrollo integral y bienestar com\u00fan de los pueblos ind\u00edgenas y afromexicanos\u201d, mucho menos, reconocen y respetan a los Pueblos Ind\u00edgenas como \u201csujetos de derecho p\u00fablico\u201d. Esta instituci\u00f3n fue creada a modo por lo gobiernos, pri\u00edstas, panistas y morenistas y, sin importar el color del gobierno en turno, nada ha cambiado, que no sean las formas de institucinalizar el despojo de nuestros pueblos e imponer sus megaproyectos de muerte, como pol\u00edticas p\u00fablicas que se dictan, desde el indigenismo oficial.<\/p>\n\n\n\n<p>Cuatro d\u00e9cadas han pasado y en esta \u201cCiudad innovadora de derechos con acento social\u201d -como ellos le llaman-, seguimos demandando, exigiendo, \u201ctrabajo, tierra, techo, alimentaci\u00f3n, salud, educaci\u00f3n, independencia, libertad, democracia, justicia y paz.\u201d, como lo hicieron nuetr@s herman@ del Ej\u00e9rcito Zapatista de Liberaci\u00f3n Nacional el 1\u00ba de enero de 1994. Para ell@, para nostr@s, para Ustedes, para nuestros pueblos originario, estas demandas, siguen vigentes.<\/p>\n\n\n\n<p>Compa\u00f1eras y Compa\u00f1eros, por lo anteriormente expuesto\u2026<\/p>\n\n\n\n<p>DECLARAMOS<\/p>\n\n\n\n<p>Primero. Que el 12 de octubre de 2020, en el marco de la \u201cJornada Nacional de Movilizaci\u00f3n en Defensa de la Madre Tierra y contra la Guerra al EZLN\u201d, la Comunidad Ind\u00edgena Otom\u00ed residente en la CDMX, decidi\u00f3 tomar el INPI, no solo por el derecho a una vivienda digna, sino como un \u201cACTO DE REPUDIO A LOS ATAQUES PARAMILITARES Y LA GUERRA CONTRAINSURGENTE EN CONTRA DEL EJ\u00c9RCITO ZAPATISTA DE LIBERACI\u00d3N NACIONAL, Y DE LAS COMUNIDADES ZAPATISTAS; AS\u00cd MISMO, EN CONTRA DE LA GUERRA Y ASESINATOS QUE SE COMETEN CONTRA LOS PUEBLOS ORIGINARIOS Y LAS COMUNIDADES IND\u00cdGENAS PERTENECIENTES AL CONGRESO NACIONAL IND\u00cdGENA Y AL CONCEJO IND\u00cdGENA DE GOBIERNO\u201d.<\/p>\n\n\n\n<p>Segundo. Que a cinco a\u00f1os de la Toma del Instituto Nacional de Pueblos Ind\u00edgenas, a 29 a\u00f1os de la fundaci\u00f3n del Congreso Nacional Ind\u00edgena, y a 533 a\u00f1os de Resistencia y Dignidad de nuestros pueblos, miramos que la Cuarta Tranformaci\u00f3n se levanta como una piramide que camina sobre las cuatro ruedas del capitalismo, la explotaci\u00f3n, el espojo, la represi\u00f3n y el desprecio. Adem\u00e1s, reiteramos, como ya lo han se\u00f1alado nuestr@s herman@s zapatistas, en las constantes de la IV Guerrra Mundial, la Capataz Claudia Sheinbaum, impone la \u201cconquista del territorio y su reorganizaci\u00f3n\u201d, \u201ctrabaja en la destrucci\u00f3n del enemigo\u201d y tambi\u00e9n, bajo las \u00f3rdenes de las transnacionales y el capital financiero, \u201cadministra el territorio conquistado\u201d, para cumplir con los compromisos contraidos con el sistema capitalista y patriarcal.<\/p>\n\n\n\n<p>Tercero. A casi 42 a\u00f1os de la fundaci\u00f3n del Ej\u00e9rcito Zapatista de Liberaci\u00f3n Nacional y a 31 a\u00f1os del levantamiento zapatista, multiples han sido las iniciativas, propuestas, convocatorias e invitaciones, nacionales e internacionales, con el objetivo de alcanzar, Democracia, Libertad y Justicia, construir autonom\u00eda, una nueva forma de hacer po\u00edtica, lanzar una candidatura independiente con Marichuy, suscribir una declaraci\u00f3n por la vida, lanzar la Traves\u00eda por la vida y muy recientemete, nos convocan a construir \u201cEl Com\u00fan\u201d y la no Propiedad. En Contraste, la Cuarta Transforaci\u00f3n y sus instrumentos de guerra como la contrainsurgencia, la militarizaci\u00f3n, los paramilitares y el cr\u00edmen organzado y desorganizado; recientemente han declarado una guerra contra nuestros herman@s zapatistas, por lo que hoy nuevamente \u201cDENUNCIAMOS EN\u00c9RGICAMENTE EL ATAQUE, HOSTIGAMIENTO Y MANIPULACI\u00d3N, QUE HACEN LOS TRES NIVELES DEL MAL GOBIERNO HACIA LOS PUEBLOS BASES DE APOYO ZAPATISTAS POR EL ASUNTO DE LA TIERRA RECUPERADA.\u201d Y desde aqu\u00ed, llamamos a la solidaridad nacional e internacional para con nuestr@s herman@s del EZLN y las Comunidades Zapatistas.<\/p>\n\n\n\n<p>Cuarto. En la v\u00edspera de cumplirse 30 a\u00f1os de la fundaci\u00f3n del Congreso Nacional Ind\u00edgena, hacemos un llamado a los pueblos que nunca fueron conquistados, que luchan y resisten contra el sistema capitalista y patriarcal, para que nos encontremos en las resistencias y las rebeld\u00edas, para la defensa de la madre tierra, el territorio y la vida. Convocamos a seguir caminando los pasos de nuestro General Emiliano Zapata, el andar digno y rebelde de nuestra entra\u00f1able Comandanta Ramona y, que en la construcci\u00f3n de la autonom\u00eda aprendamos de la lecciones de dignidad y resistencia de nuestro querido \u201cTata Juan Chavez Alonso\u201d.<\/p>\n\n\n\n<p>Quinto. Frente a la guerra capitalista, el despojo, el desplazamiento, la militarizaci\u00f3n, el asesinato, las desapariciones forzadas, la tortura y el encarcelamiento que enfrentan nuestr@s herman@s del Congreso Nacional Ind\u00edgena-Concejo Ind\u00edgena de Gobierno y el Ejercito Zapatista de Liberaci\u00f3n Nacional; nosotr@s llamamos a las organizaciones sociales, civiles y pol\u00edticas, a los pueblos originarios y comunidades ind\u00edgenas a las redes de resistencia y rebeld\u00eda, a l@s estudiantes, a l@s joven@s a l@s colectiv@s, a los individu@s, a l@s otroas, a las madres buscadoras y a las v\u00edctimas de l@s miles de desaparecid@s, a las madres y padres de Ayotzinapa, a l@s artistas, acad\u00e9mic@s, investigador@s y cient\u00edfic@s, a las resistencias y rebeld\u00edas que luchan contra la guerra, contra el genocidio y por una Palestina Libre, para que este\u2026<\/p>\n\n\n\n<p>12 DE OCTUBRE<\/p>\n\n\n\n<p>D\u00cdA DE LA RESISTENCIA Y LA DIGNIDAD IND\u00cdGENA<\/p>\n\n\n\n<p>No olviden, que nosotr@s no tenemos nada que celebrar que no sean\u2026<\/p>\n\n\n\n<p>\u201c533 A\u00d1OS DE RESISTENCIA Y DIGNIDAD DE NUESTROS PUEBLOS\u201d<\/p>\n\n\n\n<p>\u201c29 A\u00d1OS DE LA FUNDACI\u00d3N DEL CONGRESO NACIONAL IND\u00cdGENA, CNI\u201d<\/p>\n\n\n\n<p>\u201c5 A\u00d1OS DE LA TOMA DEL MAL LLAMADO INSTITUTO NACIONAL DE LOS PUEBLOS IND\u00cdGENAS, INPI\u201d<\/p>\n\n\n\n<p>Sexto. Que el dolor hecho gobierno, ha dejado para el M\u00e9xico de abajo cientos y miles de desaparecid@s y las miles de v\u00edctimas de esta desaparici\u00f3n, hoy solo encuentra olvido e impunidad que oferta la Cuarta Transformaci\u00f3n. Desde este espacio de resistencia y rebeld\u00eda, abrazamos a las Madres Buscadoras, abrazamos a las Madres y Padres de Ayotzinapa, que a 11 a\u00f1os de la desaparici\u00f3n forzada de nuestros 43 Normalistas de Ayotzinapa, el gobierno Federal no quiere abrir los archivos en poder del ej\u00e9rcito por lo que condenamos esos actos de lesa humanodad y reiteramos que este lamentable hecho sin duda alguna, es un CRIMEN DE ESTADO, donde el Ej\u00e9rcito M\u00e9xicano tiene toda la responsabilidad al igual que el cr\u00edmen organizado y desorganizado. As\u00ed mismo, desde este espacio condenamos el genocidio y la guerra que le impone el sistema capitalista al Pueblo Palestino, porque sabemos, que desde el r\u00edo hasta el mar, Palestina Vencer\u00e1.<\/p>\n\n\n\n<p>*<\/p>\n\n\n\n<p>Por todo lo anteriormente expuesto y frente a la simulaci\u00f3n hecha gobierno, nosotr@s, la Comunidad Ind\u00edgena Otom\u00ed residente en la CDMX, \u00a1\u00a1No nos Vendemos!!, \u00a1\u00a1No Claudicamos!! y \u00a1\u00a1No traicionamos.!!<\/p>\n\n\n\n<p>Por tanto, frente la DENUNCIA del pasado 24 de septiembre, que hiciera la ASAMBLEA DE COLECTIVOS DE GOBIERNOS AUT\u00d3NOMOS ZAPATISTAS, GOBIERNOS EN COM\u00daN, que se\u00f1alaron que los tres niveles del mal gobierno atacan, hostigan y manipulan a los Pueblos Bases de apoyo Zapatista, bajo el pretexto de la \u201cTierra Recuperada\u201d. Queda claro, que el ataque a las comunidades zapatistas, va directo contra la \u201cNueva Estructura de la Autonom\u00eda Zapatista\u201d, es decir, van contra \u201cEl Com\u00fan\u201d. Sin embargo, desde que nuestr@s compas zapatistas lanzaron la iniciativa (diciembre 2020), pero que varios a\u00f1os atras ya ven\u00edan trabajando y que en el reciente Encuentro de Resistencias y Rebeld\u00edas \u201cAlgunas Partes del Todo\u201d, nos explicaron a cabalidad, como se construye desde \u201cEl Com\u00fan\u201d, la nueva Autonom\u00eda Zapatista. Por tanto\u2026<\/p>\n\n\n\n<p>ACORDAMOS<\/p>\n\n\n\n<p>1. Que la Comunidad Ind\u00edgena Otom\u00ed residente en la CDMX y los diversos colectivos y organizaciones, que tambi\u00e9n caminan con nosotr@s la larga noche de resistencia y rebeld\u00eda para alcanzar Democracia, Libertad y Justicia, hemos entendido todo lo que nos han dicho nuestr@s herman@s zapatistas, de lo que implica la \u201cbusqueda de la vida en Com\u00fan\u201d y del \u201ctrabajo colectivo, como la tierra f\u00e9rtil para construir El Com\u00fan\u201d y, porque entendemos que defender \u201cEl Com\u00fan\u201d es defender la Vida,<\/p>\n\n\n\n<p>2. Que el d\u00eda de hoy 12 de octubre de 2025, a 533 a\u00f1os de Resistencia y Dignidad de nuestros Pueblos, a 29 a\u00f1os de la fundaci\u00f3n del Congreso Nacional Ind\u00edgenas, CNI y a 5 a\u00f1os de la Toma del mal llamado Instituto Nacional de los Pueblos Ind\u00edgenas, INPI y en el marco de \u201cJornada de Lucha y Resistencia en Defensa de \u201cEl Com\u00fan\u201d y en contra de la Guerra a los Pueblos Zapatistas\u201d, anunciamos\u2026<\/p>\n\n\n\n<p>3. Que en este territorio tambi\u00e9n recuperado hace 5 a\u00f1os, CONSTRUIREMOS \u201cEL COM\u00daN\u201d EN LA CIUDAD DE M\u00c9XICO, con trabajo colectivo, con convicci\u00f3n de lucha, con dignidad, con resistencia y rebeld\u00eda,\u201d, como la \u00fanica opci\u00f3n de vida para cruzar la tormenta y sobrevivir a la guerra Capitalista y Patriarcal que nos imponen los due\u00f1os del poder y del dinero. Pero sobre todo, para decirles a los gobiernos municipales, estatales y federales de la Cuarta Tranformaci\u00f3n, que nuestr@s herman@s zapatistas NO ESTAN SOL@S, que nuestr@s herman@s del Congreso Nacional Ind\u00edgena hoy tienen una casa a donde llegar y en la v\u00edspera de cumplir 30 a\u00f1os, estamos seguros ser\u00e1n parte fundamental en la construcci\u00f3n de \u201cEl Com\u00fan\u201d.<\/p>\n\n\n\n<p>4. Invitamos a los colectivos, pueblos, comunidades, organizaciones, redes de resistencia y rebeld\u00eda e individu@s de M\u00e9xico y del mundo, que sin importar sus calendarios y geograf\u00edas se sumen, no s\u00f3lo a la construcci\u00f3n colectiva de \u201cEl Com\u00fan\u201d, sino a que esten alertas porque esta declaraci\u00f3n muy seguramente no le gustar al gobierno local y federal de la Cuarta Transformaci\u00f3n, mucho menos a los Traidores de los Pueblos Ind\u00edgenas, Adelfo Regino Montes y a su flamante y reci\u00e9n nombrado a modo, el Magistrado Presidente la de la Suprema Corte de Justicia de la Naci\u00f3n, Hugo Aguilar Ort\u00edz.<\/p>\n\n\n\n<p>&nbsp;5. Que, en \u201cEl Com\u00fan\u201d se desarrollar\u00e1 vivienda, \u00e1rea para asambles, locales comerciales, cocina y comedor comunitario, radio comunitaria, escuelita aut\u00f3noma, medicina alternaiva y comunitaria, sala de usos multiple-auditorio, estacionamiento, \u00e1rea de esparcimiento y sobretodo, se generar\u00e1 con el tradajo colectivo, organizaci\u00f3n, autonom\u00eda, educaci\u00f3n, trabajo, salud, alimentaci\u00f3n, vivienda, cultura y arte. \u00bfLe entran?<\/p>\n\n\n\n<p>6. Finalmente, en este edificio de lo que fue el INPI, existen seg\u00fan sus propios datos oficiales, 20 mil piezas de arte ind\u00edgena que datan del Siglo XVII, en reiteradas ocasiones y mediante los medios de comunicaci\u00f3n, llamamos al gobierno de la Cuarta Transformaci\u00f3n a establecer mesas de di\u00e1logo y discutir de manera conjunta con especialistas, la preservaci\u00f3n, conservaci\u00f3n y exposici\u00f3n en su caso, de este arte ind\u00edgena, para que M\u00e9xico y el mundo lo conozca, pues, tan importante patrimonio de la humanidad, lleva d\u00e9cadas avandonado. Y porque no seremos iresponsables con la historia, cultura, arte y tradici\u00f3n de nuestro pueblos, desde \u201cEl Com\u00fan\u201d, convocaremos a reuniones de trabajo inetrdisciplinarios y con conocimiento de arte ind\u00edgena, as\u00ed como con pueblos originarios y comunidades ind\u00edgenas, para construir una propuesta de dicho patrimonio.<\/p>\n\n\n\n<p>Hermanas y hermanos, agradecemos su paciencia, su escucha solidaria, su compromiso con las causas m\u00e1s nobles de nuestro pueblo y sobre todo su acompa\u00f1amiento en estos 5 a\u00f1os de lucha y resistencia (aunque llevamos m\u00e1s), y desde aqu\u00ed, mandamos este mensaje a nuestr@s herman@s del Ej\u00e9rcito Zapatista de Liberaci\u00f3n Nacional, EZLN, para decirles que la Semilla de Dignidad que nos han compartido se ha regado en todo el mundo, como tambi\u00e9n, en todo el mundo se ha encendido la lucecitas que nos dieron nuestras hermanas zapatistas en el Encuentro de Mujeres, y que hoy en el centro del pa\u00eds, en esta ciudad capital, nace la esperza llamada \u201cEl Com\u00fan\u201d.<\/p>\n\n\n\n<p>Gracias herman@s del Ej\u00e9rcito Zapatista de Liberaci\u00f3n Nacional, EZLN.<\/p>\n\n\n\n<p>ATENTAMENTE<\/p>\n\n\n\n<p>\u00a1Defender \u201cEl Com\u00fan\u201d, es defender la Vida!<\/p>\n\n\n\n<p>\u00a1Alto a la Guerra en contra de los Pueblos Zapatistas!<\/p>\n\n\n\n<p>\u00a1Por la Reconstituci\u00f3n Integral de nuestros Pueblos!<\/p>\n\n\n\n<p>\u00a1No nos Vendemos, No Claudicamos y No Traicionamos!<\/p>\n\n\n\n<p>\u00a1Agua, Tierra y Libertad!<\/p>\n\n\n\n<p>\u00a1Zapata Vive, la Lucha Sigue!<\/p>\n\n\n\n<p>\u00a1Samir Vive la Lucha Sigue!<\/p>\n\n\n\n<p>\u00a1Galeano Vive, la Lucha Sigue!<\/p>\n\n\n\n<p>\u00a1Viva nuestra Comandanta Ramona!<\/p>\n\n\n\n<p>\u00a1Vivos los Llevaron, Vivos los Queremos!<\/p>\n\n\n\n<p>\u00a1Viva el CNI, Viva el CIG, Viva el EZLN!<\/p>\n\n\n\n<p>\u00a1Viva la Asamblea Nacional por el Agua, la Vida y el Territorio!<\/p>\n\n\n\n<p>\u00a1No al Tren Maya!<\/p>\n\n\n\n<p>\u00a1No al Proyecto Integral Morelos!<\/p>\n\n\n\n<p>\u00a1No al Corredor Interoce\u00e1nico!<\/p>\n\n\n\n<p>\u00a1Desde el r\u00edo hasta el mar, Palestina vencer\u00e1!<\/p>\n\n\n\n<p>\u00a1Hasta que la Dignidad y la Justicia se hagan costumbre!<\/p>\n\n\n\n<p>Comunidad Ind\u00edgena Otom\u00ed, residente en la Ciudad de M\u00e9xico<\/p>\n\n\n\n<p>Ciudad de M\u00e9xico a 12 de Octubre 2025<\/p>\n\n\n\n<p><\/p>\n","protected":false},"excerpt":{"rendered":"<p>Al Comit\u00e9 Clandestino Revolucionario Ind\u00edgena-Comandancia General del EZLN Al Ej\u00e9rcito Zapatista de Liberaci\u00f3n Nacional, EZLN A la Nueva Estructura de la Autonom\u00eda Zapatista A la Comisi\u00f3n Sexta del EZLN Al Congreso Nacional Ind\u00edgena, CNI Al Concejo Ind\u00edgena de Gobierno, CIG A Ma. de Jes\u00fas Patricio Mart\u00ednez, Vocera del CNI-CIG A los Pueblos, Tribus, Naciones, Comunidades [&hellip;]<\/p>\n","protected":false},"author":21,"featured_media":52628,"comment_status":"open","ping_status":"closed","sticky":false,"template":"","format":"standard","meta":{"footnotes":""},"categories":[957,51,826,958,954,935],"tags":[58,53,567,147,23,545,87,148,27,483],"class_list":["post-52627","post","type-post","status-publish","format-standard","has-post-thumbnail","hentry","category-autonomia","category-autor","category-medios-libres-2","category-megaproyectos","category-mexico","category-temas","tag-derechos-humanos","tag-justicia","tag-megaproyectos","tag-militarizacion","tag-paramilitares","tag-pueblos-indigenas","tag-represion","tag-resistencia","tag-solidaridad","tag-tierra-y-territorio"],"_links":{"self":[{"href":"https:\/\/radiozapatista.org\/index.php?rest_route=\/wp\/v2\/posts\/52627","targetHints":{"allow":["GET"]}}],"collection":[{"href":"https:\/\/radiozapatista.org\/index.php?rest_route=\/wp\/v2\/posts"}],"about":[{"href":"https:\/\/radiozapatista.org\/index.php?rest_route=\/wp\/v2\/types\/post"}],"author":[{"embeddable":true,"href":"https:\/\/radiozapatista.org\/index.php?rest_route=\/wp\/v2\/users\/21"}],"replies":[{"embeddable":true,"href":"https:\/\/radiozapatista.org\/index.php?rest_route=%2Fwp%2Fv2%2Fcomments&post=52627"}],"version-history":[{"count":1,"href":"https:\/\/radiozapatista.org\/index.php?rest_route=\/wp\/v2\/posts\/52627\/revisions"}],"predecessor-version":[{"id":52629,"href":"https:\/\/radiozapatista.org\/index.php?rest_route=\/wp\/v2\/posts\/52627\/revisions\/52629"}],"wp:featuredmedia":[{"embeddable":true,"href":"https:\/\/radiozapatista.org\/index.php?rest_route=\/wp\/v2\/media\/52628"}],"wp:attachment":[{"href":"https:\/\/radiozapatista.org\/index.php?rest_route=%2Fwp%2Fv2%2Fmedia&parent=52627"}],"wp:term":[{"taxonomy":"category","embeddable":true,"href":"https:\/\/radiozapatista.org\/index.php?rest_route=%2Fwp%2Fv2%2Fcategories&post=52627"},{"taxonomy":"post_tag","embeddable":true,"href":"https:\/\/radiozapatista.org\/index.php?rest_route=%2Fwp%2Fv2%2Ftags&post=52627"}],"curies":[{"name":"wp","href":"https:\/\/api.w.org\/{rel}","templated":true}]}}