{"id":52624,"date":"2025-10-14T20:30:08","date_gmt":"2025-10-15T02:30:08","guid":{"rendered":"https:\/\/radiozapatista.org\/?p=52624"},"modified":"2025-10-14T20:30:09","modified_gmt":"2025-10-15T02:30:09","slug":"deslinde-publico-de-la-caravana-mesoamericana-por-el-clima-y-la-vida","status":"publish","type":"post","link":"https:\/\/radiozapatista.org\/?p=52624","title":{"rendered":"Deslinde p\u00fablico de la Caravana Mesoamericana por el Clima y la Vida"},"content":{"rendered":"\n<p>A los pueblos de M\u00e9xico y del mundo,<\/p>\n\n\n\n<p>A los organismos y colectivos defensores de derechos humanos,<\/p>\n\n\n\n<p>A las Redes de Resistencia y Rebeld\u00eda,<\/p>\n\n\n\n<p>A la Sexta Nacional e Internacional,<\/p>\n\n\n\n<p>A l@s firmantes de Una Declaraci\u00f3n por la Vida en los cinco continentes,<\/p>\n\n\n\n<p>A la Europa Insumisa, Digna y Rebelde.<\/p>\n\n\n\n<p>La Comisi\u00f3n de Coordinaci\u00f3n y Seguimiento del Congreso Nacional Ind\u00edgena (CNI), a trav\u00e9s del presente comunicado hace la aclaraci\u00f3n, ante la inquietud que nos han expresado hermanos y hermanas de distintos pueblos y organizaciones de M\u00e9xico y Centroam\u00e9rica, de que la denominada CARAVANA MESOAMERICANA POR EL CLIMA Y LA VIDA no es una iniciativa surgida ni promovida desde el Congreso Nacional Ind\u00edgena, lo anterior sin menoscabo de la legitimidad que puedan tener varias de las organizaciones que participan en la misma.<\/p>\n\n\n\n<p>Asimismo, manifestamos que el Ej\u00e9rcito Zapatista de Liberaci\u00f3n Nacional, organizaci\u00f3n fundadora del CNI, nos expres\u00f3 su firme inconformidad y protesta por el uso de sus s\u00edmbolos en diversos actos de dicha Caravana Mesoamericana por el Clima y la Vida, lo que habr\u00eda ocurrido sin su conocimiento y anuencia; raz\u00f3n por la que expresamos tambi\u00e9n nuestro repudio a los actos de suplantaci\u00f3n y simulaci\u00f3n en que est\u00e9n incurriendo los organizadores de esta caravana, los cuales son contrarios a los principios del CNI y ser\u00e1n atendidos con el debido cuidado por nuestras instancias internas.<\/p>\n\n\n\n<p><strong>ATENTAMENTE<\/strong><\/p>\n\n\n\n<p><strong>OCTUBRE DE 2025.<\/strong><\/p>\n\n\n\n<p><strong>POR LA RECONSTITUCI\u00d3N DE INTEGRAL DE NUESTROS PUEBLOS<\/strong><\/p>\n\n\n\n<p><strong>NUNCA MAS UN M\u00c9XICO SIN NOSOTROS<\/strong><\/p>\n\n\n\n<p><strong>COMISI\u00d3N DE COORDINACI\u00d3N Y SEGUIMIENTO DEL CONGRESO NACIONAL IND\u00cdGENA-CONCEJO<\/strong> <strong>IND\u00cdGENA DE GOBIERNO<\/strong><\/p>\n","protected":false},"excerpt":{"rendered":"<p>A los pueblos de M\u00e9xico y del mundo, A los organismos y colectivos defensores de derechos humanos, A las Redes de Resistencia y Rebeld\u00eda, A la Sexta Nacional e Internacional, A l@s firmantes de Una Declaraci\u00f3n por la Vida en los cinco continentes, A la Europa Insumisa, Digna y Rebelde. La Comisi\u00f3n de Coordinaci\u00f3n y [&hellip;]<\/p>\n","protected":false},"author":21,"featured_media":52625,"comment_status":"open","ping_status":"closed","sticky":false,"template":"","format":"standard","meta":{"footnotes":""},"categories":[957,51,943,1024,1095,954,935],"tags":[58,567,545],"class_list":["post-52624","post","type-post","status-publish","format-standard","has-post-thumbnail","hentry","category-autonomia","category-autor","category-cni","category-cni-temas","category-concejo-indigena-de-gobierno","category-mexico","category-temas","tag-derechos-humanos","tag-megaproyectos","tag-pueblos-indigenas"],"_links":{"self":[{"href":"https:\/\/radiozapatista.org\/index.php?rest_route=\/wp\/v2\/posts\/52624","targetHints":{"allow":["GET"]}}],"collection":[{"href":"https:\/\/radiozapatista.org\/index.php?rest_route=\/wp\/v2\/posts"}],"about":[{"href":"https:\/\/radiozapatista.org\/index.php?rest_route=\/wp\/v2\/types\/post"}],"author":[{"embeddable":true,"href":"https:\/\/radiozapatista.org\/index.php?rest_route=\/wp\/v2\/users\/21"}],"replies":[{"embeddable":true,"href":"https:\/\/radiozapatista.org\/index.php?rest_route=%2Fwp%2Fv2%2Fcomments&post=52624"}],"version-history":[{"count":1,"href":"https:\/\/radiozapatista.org\/index.php?rest_route=\/wp\/v2\/posts\/52624\/revisions"}],"predecessor-version":[{"id":52626,"href":"https:\/\/radiozapatista.org\/index.php?rest_route=\/wp\/v2\/posts\/52624\/revisions\/52626"}],"wp:featuredmedia":[{"embeddable":true,"href":"https:\/\/radiozapatista.org\/index.php?rest_route=\/wp\/v2\/media\/52625"}],"wp:attachment":[{"href":"https:\/\/radiozapatista.org\/index.php?rest_route=%2Fwp%2Fv2%2Fmedia&parent=52624"}],"wp:term":[{"taxonomy":"category","embeddable":true,"href":"https:\/\/radiozapatista.org\/index.php?rest_route=%2Fwp%2Fv2%2Fcategories&post=52624"},{"taxonomy":"post_tag","embeddable":true,"href":"https:\/\/radiozapatista.org\/index.php?rest_route=%2Fwp%2Fv2%2Ftags&post=52624"}],"curies":[{"name":"wp","href":"https:\/\/api.w.org\/{rel}","templated":true}]}}