{"id":52612,"date":"2025-10-13T13:32:22","date_gmt":"2025-10-13T19:32:22","guid":{"rendered":"https:\/\/radiozapatista.org\/?p=52612"},"modified":"2025-10-13T13:32:23","modified_gmt":"2025-10-13T19:32:23","slug":"nuevas-pruebas-abren-posibilidad-de-libertad-absoluta-en-caso-de-ex-preso-politico-mazateco","status":"publish","type":"post","link":"https:\/\/radiozapatista.org\/?p=52612","title":{"rendered":"Nuevas pruebas abren posibilidad de libertad absoluta en caso de ex preso pol\u00edtico mazateco"},"content":{"rendered":"\n<p>Fuente: <a href=\"https:\/\/avispa.org\/nuevas-pruebas-abren-posibilidad-de-libertad-absoluta-en-caso-de-ex-preso-politico-mazateco\/\">Avispa Midia<\/a><\/p>\n\n\n\n<p>Por Roc\u00edo Heredia<\/p>\n\n\n\n<p><em><sup>En portada: Audiencia final de Miguel Peralta en el Juzgado Mixto de Huautla de Jim\u00e9nez en 2019.<\/sup><\/em><\/p>\n\n\n\n<p>Desde del penal de Cuicatl\u00e1n, Oaxaca, en septiembre del 2019, Miguel \u00c1ngel Peralta Betanzos -defensor comunitario, antrop\u00f3logo y activista ind\u00edgena mazateco- iniciaba su segunda huelga de hambre para exigir su propia liberaci\u00f3n, luego de que en 2014 fuera sentenciado a 50 a\u00f1os de c\u00e1rcel bajo los cargos de homicidio calificado, tentativa de homicidio y una reparaci\u00f3n de da\u00f1o por $154 mil pesos.<\/p>\n\n\n\n<p>Su protesta funcion\u00f3. Tras cuatro a\u00f1os, cinco meses y 14 d\u00edas en prisi\u00f3n, y a 27 d\u00edas en negaci\u00f3n frente a los alimentos, el mazateco obtuvo su libertad el 14 de octubre del 2019 por falta de pruebas e irregularidades procesales documentadas.<\/p>\n\n\n\n<p>Pero la persecuci\u00f3n judicial volver\u00eda a tocar su puerta. A poco m\u00e1s de dos a\u00f1os de permanecer fuera de prisi\u00f3n, en marzo del 2022, la libertad de Miguel fue revocada, una situaci\u00f3n que desde entonces lo ha mantenido bajo libertad condicional, pero bajo la amenaza constante de ser reencarcelado.<\/p>\n\n\n\n<figure class=\"wp-block-image\"><a class=\"td-modal-image\" href=\"https:\/\/avispa.org\/wp-content\/uploads\/2022\/08\/Protesta-en-exigencia-de-libertad-de-Miguel-Peralta_2019.jpg\"><img decoding=\"async\" src=\"https:\/\/avispa.org\/wp-content\/uploads\/2022\/08\/Protesta-en-exigencia-de-libertad-de-Miguel-Peralta_2019.jpg\" alt=\"\" class=\"wp-image-89201\"\/><\/a><figcaption class=\"wp-element-caption\">Protesta en exigencia de libertad de Miguel Peralta en 2019.<\/figcaption><\/figure>\n\n\n\n<p>Actualmente, a su caso han sido vertidas nuevas pruebas obtenidas a partir de peritajes antropol\u00f3gicos, que tienen como finalidad la recolecci\u00f3n de evidencias que permitan valorar la diferencia cultural en el proceso penal, posibilitando una perspectiva distinta a la del derecho positivista, generalizante y totalitario.&nbsp;<\/p>\n\n\n\n<p>M\u00e1s informaci\u00f3n&nbsp;&#8211;&nbsp;<a href=\"https:\/\/avispa.org\/orden-judicial-amenaza-libertad-de-ex-preso-politico-mazateco\/\" target=\"_blank\" rel=\"noreferrer noopener\">Orden judicial amenaza libertad de ex preso pol\u00edtico mazateco<\/a><\/p>\n\n\n\n<p>La persecuci\u00f3n hacia Miguel Peralta, la criminalizaci\u00f3n en su contra y las irregularidades jur\u00eddicas en su caso, son tan s\u00f3lo un tramo de un camino largo y tortuoso para su familia y su comunidad de origen, Eloxochitl\u00e1n de Flores Mag\u00f3n.<\/p>\n\n\n\n<h3 class=\"wp-block-heading\" id=\"h-raices-del-conflicto-nbsp\"><strong>Ra\u00edces del conflicto&nbsp;<\/strong><\/h3>\n\n\n\n<p>El hecho que determin\u00f3 el complejo futuro para el pueblo de Eloxochitl\u00e1n de Flores Mag\u00f3n, fue la intromisi\u00f3n de partidos pol\u00edticos a partir del 2010, cuando hasta ese a\u00f1o, la comunidad estaba normada bajo el Sistema de Usos y Costumbres, un modelo de autogobierno practicado en diversas comunidades ind\u00edgenas de M\u00e9xico, donde la vida est\u00e1 normada con base a diversos conjuntos de pautas vinculadas a tradiciones prehisp\u00e1nicas y postcoloniales.<\/p>\n\n\n\n<p>Quien le abri\u00f3 la puerta a los partidos pol\u00edticos en el pueblo de los hermanos anarquistas Mag\u00f3n, fue el pol\u00edtico Manuel Zepeda Cort\u00e9s -en ese entonces de afiliaci\u00f3n pri\u00edsta- quien estrategicamente se cobij\u00f3 en el partido Convergencia que, para las elecciones de gobernatura del 2010, integr\u00f3 la coalici\u00f3n&nbsp;<em>Unidos por la Paz y el Progreso<\/em>&nbsp;junto al PAN, PRD y el PT, derrotando -con Gabino Cu\u00e9 Monteagudo a la cabeza- por vez primera al PRI en Oaxaca.<\/p>\n\n\n\n<p>Una vez integrado a Convergencia, Zepeda Cort\u00e9s resulta triunfante como presidente municipal, tras un proceso electoral marcado por la&nbsp;<a href=\"https:\/\/radiozapatista.org\/?p=27326\">compra de votos y alianzas con l\u00edderes barriales<\/a>. El inicio de la gesti\u00f3n de Zepeda se marcar\u00eda, como el trienio de su mandato (2011-2013), bajo \u201cun r\u00e9gimen policial y represivo sostenido por un cabildo ilegal\u201d que perpetu\u00f3 m\u00faltiples violaciones contra integrantes de la comunidad, como lo defini\u00f3 la Asamblea Comunitaria de Eloxochitl\u00e1n en un&nbsp;<a href=\"https:\/\/www.centrodemedioslibres.org\/2014\/12\/24\/urgente-comunicado-de-la-asamblea-comunitaria-de-eloxochitlan-de-flores-magon-oaxaca\/\">comunicado<\/a>&nbsp;difundido en noviembre del 2014.<\/p>\n\n\n\n<p>Te puede interesar&nbsp;&#8211;&nbsp;<a href=\"https:\/\/avispa.org\/oaxaca-mision-documenta-consecuencias-de-10-anos-de-persecucion-contra-eloxochitlan-de-flores-magon\/\" target=\"_blank\" rel=\"noreferrer noopener\">Oaxaca: Misi\u00f3n documenta consecuencias de 10 a\u00f1os de persecuci\u00f3n contra Eloxochitl\u00e1n de Flores Mag\u00f3n<\/a><\/p>\n\n\n\n<p>Para el 2014, cuando el pueblo eloxochiteco pens\u00f3 que, a la salida de Manuel Zepeda, pod\u00eda restablecer la paz en su territorio y subsanar el tejido comunitario, el 24 de noviembre de ese a\u00f1o, la Asamblea denunci\u00f3 que el palacio municipal de la comunidad fue tomado por un grupo delincuencial liderado por&nbsp;Vicente Zepeda Cortes, hermano de Manuel, y otros de sus familiares y conocidos.<\/p>\n\n\n\n<p>A la toma del Palacio le precedi\u00f3 lo que ser\u00eda la punta del conflicto. El 14 de diciembre por la ma\u00f1ana, integrantes de la comunidad se dispon\u00edan a participar en la elecci\u00f3n del nuevo alcalde, por lo que mujeres, ni\u00f1os, hombres, j\u00f3venes y ancianos, pertenecientes a la Asamblea Comunitaria de Eloxochitl\u00e1n de Flores Mag\u00f3n se dirig\u00edan al centro de la poblaci\u00f3n -donde estaba programa la asamblea general- y recibieron un ataque con detonaciones de armas de fuego, piedras, cohetones, botellas de vidrio, palos y varillas. Varias personas resultaron lesionadas y dos resultaron muertas.<\/p>\n\n\n\n<figure class=\"wp-block-image\"><a class=\"td-modal-image\" href=\"https:\/\/avispa.org\/wp-content\/uploads\/2023\/09\/miguel-peralta-libertad.jpg\"><img decoding=\"async\" src=\"https:\/\/avispa.org\/wp-content\/uploads\/2023\/09\/miguel-peralta-libertad-1024x537.jpg\" alt=\"\" class=\"wp-image-103364\"\/><\/a><\/figure>\n\n\n\n<p>En el momento de los hechos ya mecionados, Miguel Peralta se encontraba en la Ciudad de M\u00e9xico, pero a\u00fan as\u00ed fue&nbsp;acusado por homicidio, detenido arbitrariamente y trasladado irregularmente al penal de de Tlaxiaco, Oaxaca, tras su captura el 30 de abril de 2015, sin que correspondiera a su jurisdicci\u00f3n.<\/p>\n\n\n\n<p><a href=\"https:\/\/avispa.org\/sed-de-venganza-de-una-diputada-contra-un-ex-preso-politico\/\" target=\"_blank\" rel=\"noreferrer noopener\">Te puede interesar &#8211; Sed de venganza de una diputada contra un ex preso pol\u00edtico<\/a><\/p>\n\n\n\n<p>Posteriormente fue trasladado a Cuicatl\u00e1n hasta ser liberado m\u00e1s de cuatro a\u00f1os despu\u00e9s y finalmente vi\u00f3 la revocaci\u00f3n de su libertad en marzo del 2022. Es importante enfatizar el retroceso en el caso de Miguel, puesto que no le permite regresar a su comunidad ni desarrollarse plenamente ante el permanente peligro de detenci\u00f3n.<\/p>\n\n\n\n<h3 class=\"wp-block-heading\" id=\"h-evitar-el-racismo-judicial\"><strong>Evitar el racismo judicial<\/strong><\/h3>\n\n\n\n<p>Actualmente, la familia de Miguel, su abogada Araceli Olivos, el colectivo de Mazatecas por la Libertad y el Grupo de Apoyo en Solidaridad con Miguel Peralta,&nbsp;<a href=\"https:\/\/avispa.org\/wp-content\/uploads\/2025\/10\/Racismo-judicial-Peralta.pdf\">persisten en la exigencia<\/a>&nbsp;al Primer Tribunal Colegiado en Materia Penal de Oaxaca, para que emita ya un resolutivo en el amparo directo&nbsp;<em>631\/2022<\/em>&nbsp;promovido por Miguel, luego de que la Suprema Corte de Justicia de la Naci\u00f3n le devolviera el caso en noviembre de 2024 (amparo directo en revisi\u00f3n&nbsp;<em>6535\/2024<\/em>) para ser juzgado con una perspectiva intercultural.<\/p>\n\n\n\n<figure class=\"wp-block-image\"><a class=\"td-modal-image\" href=\"https:\/\/avispa.org\/wp-content\/uploads\/2024\/06\/Peralta-SCJN2.jpg\"><img decoding=\"async\" src=\"https:\/\/avispa.org\/wp-content\/uploads\/2024\/06\/Peralta-SCJN2-1024x671.jpg\" alt=\"\" class=\"wp-image-116887\"\/><\/a><figcaption class=\"wp-element-caption\"><em><sup>Arte en resistencia con plastilina y otros materiales creada por Valentin Peralta y David Peralta<\/sup><\/em><\/figcaption><\/figure>\n\n\n\n<p>Olivos -defensora del antrop\u00f3logo mazateco-, explic\u00f3 el pasado lunes (5) en&nbsp;conferencia de prensa, que el Tribunal Colegiado acept\u00f3 incluir una nueva prueba clave en el caso: un peritaje antropol\u00f3gico de contexto. Para realizarlo, detall\u00f3 la abogada, se design\u00f3 a un perito oficial del Consejo de la Judicatura Federal, quien elabor\u00f3 dos dict\u00e1menes. Estos documentos constituyen pruebas nuevas que el tribunal deber\u00e1 analizar y considerar antes de emitir una resoluci\u00f3n definitiva.<\/p>\n\n\n\n<h3 class=\"wp-block-heading\" id=\"h-nuevas-pruebas\"><strong>Nuevas pruebas<\/strong><\/h3>\n\n\n\n<p>A partir de la apertura a esta prueba antropol\u00f3gica, los peritajes realizados para contextualizar el conflicto en Eloxochitl\u00e1n de Flores Mag\u00f3n evidenciaron: c\u00f3mo la persecuci\u00f3n penal contra Miguel es consecuencia de una lucha sociopol\u00edtica prolongada; la marcada oposici\u00f3n entre la Asamblea Comunitaria y su Sistema de Usos y Costumbres frente al cacicazgo local; y la asimetr\u00eda de poder que deja en desventaja a la comunidad ante el grupo caciquil que goza de su posici\u00f3n econ\u00f3mica y v\u00ednculos pol\u00edticos externos para someter al pueblo.<\/p>\n\n\n\n<p>Sin embargo, frente a la posibilidad de obtener la libertad de Peralta, quienes acompa\u00f1an de cerca al caso, afirman que el Tribunal pretende reponer el procedimiento, lo cual significar\u00eda \u201cotra d\u00e9cada de lucha en un contexto en el que el propio sistema de justicia penal ha acentuado las asimetr\u00edas entre el grupo caciquil y las familias perseguidas\u201d menciona el Grupo de Apoyo a trav\u00e9s del bolet\u00edn de la conferencia.<\/p>\n\n\n\n<h3 class=\"wp-block-heading\" id=\"h-llamado-a-la-solidaridad\"><strong>Llamado a la solidaridad<\/strong><\/h3>\n\n\n\n<p>Ma\u00f1ana, 10 de octubre a las 9:30 am, familiares de Miguel Peralta, as\u00ed como compa\u00f1erxs de lucha, el colectivo de Mazatecas por la Libertad y el Grupo de Apoyo en Solidaridad con Miguel Peralta, realizar\u00e1n una acci\u00f3n pol\u00edtica de protesta a las afueras del Tribunal Colegiado en Materia Penal y de Trabajo en San Bartolo Coyotepec, Oaxaca, a la que invitan a todo el p\u00fablico a estar atentos y a sumarse.&nbsp;<\/p>\n\n\n\n<p>La acci\u00f3n pol\u00edtica de ma\u00f1ana y las que tendr\u00e1n lugar en fechas posteriores tienen como objetivo que los Magistrados escuchen su reclamo de justicia y se dispongan inmediatamente a estudiar a fondo las pruebas que lleven hacia una pronta y efectiva libertad para Miguel \u00c1ngel Peralta Betanzos, esta vez, sin la m\u00ednima probabilidad de un retorno a la prisi\u00f3n.<\/p>\n","protected":false},"excerpt":{"rendered":"<p>Fuente: Avispa Midia Por Roc\u00edo Heredia En portada: Audiencia final de Miguel Peralta en el Juzgado Mixto de Huautla de Jim\u00e9nez en 2019. Desde del penal de Cuicatl\u00e1n, Oaxaca, en septiembre del 2019, Miguel \u00c1ngel Peralta Betanzos -defensor comunitario, antrop\u00f3logo y activista ind\u00edgena mazateco- iniciaba su segunda huelga de hambre para exigir su propia liberaci\u00f3n, [&hellip;]<\/p>\n","protected":false},"author":21,"featured_media":52613,"comment_status":"open","ping_status":"closed","sticky":false,"template":"","format":"standard","meta":{"footnotes":""},"categories":[957,51,826,958,954,962,935],"tags":[58,53,567,147,545,87,148,27,483],"class_list":["post-52612","post","type-post","status-publish","format-standard","has-post-thumbnail","hentry","category-autonomia","category-autor","category-medios-libres-2","category-megaproyectos","category-mexico","category-presos","category-temas","tag-derechos-humanos","tag-justicia","tag-megaproyectos","tag-militarizacion","tag-pueblos-indigenas","tag-represion","tag-resistencia","tag-solidaridad","tag-tierra-y-territorio"],"_links":{"self":[{"href":"https:\/\/radiozapatista.org\/index.php?rest_route=\/wp\/v2\/posts\/52612","targetHints":{"allow":["GET"]}}],"collection":[{"href":"https:\/\/radiozapatista.org\/index.php?rest_route=\/wp\/v2\/posts"}],"about":[{"href":"https:\/\/radiozapatista.org\/index.php?rest_route=\/wp\/v2\/types\/post"}],"author":[{"embeddable":true,"href":"https:\/\/radiozapatista.org\/index.php?rest_route=\/wp\/v2\/users\/21"}],"replies":[{"embeddable":true,"href":"https:\/\/radiozapatista.org\/index.php?rest_route=%2Fwp%2Fv2%2Fcomments&post=52612"}],"version-history":[{"count":1,"href":"https:\/\/radiozapatista.org\/index.php?rest_route=\/wp\/v2\/posts\/52612\/revisions"}],"predecessor-version":[{"id":52614,"href":"https:\/\/radiozapatista.org\/index.php?rest_route=\/wp\/v2\/posts\/52612\/revisions\/52614"}],"wp:featuredmedia":[{"embeddable":true,"href":"https:\/\/radiozapatista.org\/index.php?rest_route=\/wp\/v2\/media\/52613"}],"wp:attachment":[{"href":"https:\/\/radiozapatista.org\/index.php?rest_route=%2Fwp%2Fv2%2Fmedia&parent=52612"}],"wp:term":[{"taxonomy":"category","embeddable":true,"href":"https:\/\/radiozapatista.org\/index.php?rest_route=%2Fwp%2Fv2%2Fcategories&post=52612"},{"taxonomy":"post_tag","embeddable":true,"href":"https:\/\/radiozapatista.org\/index.php?rest_route=%2Fwp%2Fv2%2Ftags&post=52612"}],"curies":[{"name":"wp","href":"https:\/\/api.w.org\/{rel}","templated":true}]}}