{"id":52602,"date":"2025-10-12T03:35:34","date_gmt":"2025-10-12T09:35:34","guid":{"rendered":"https:\/\/radiozapatista.org\/?p=52602"},"modified":"2025-10-12T03:36:45","modified_gmt":"2025-10-12T09:36:45","slug":"organizaciones-de-chiapas-se-movilizan-ante-ataques-a-comunidades-zapatistas","status":"publish","type":"post","link":"https:\/\/radiozapatista.org\/?p=52602","title":{"rendered":"Organizaciones de Chiapas se movilizan ante ataques a comunidades zapatistas"},"content":{"rendered":"\n<p>El 11 de octubre de 2025, colectivos, organizaciones e individuos se movilizaron en San Crist\u00f3bal de Las Casas para denunciar las agresiones, despojo y desplazamiento forzado cometidos en el poblado de Bel\u00e9n, pereneciente al Caracol de Dolores Hidalgo, en el municipio oficial de Ocosingo. <\/p>\n\n\n\n<p>Enseguida, el pronunciamiento le\u00eddo durante la acci\u00f3n colectiva:<\/p>\n\n\n\n<hr class=\"wp-block-separator has-alpha-channel-opacity\"\/>\n\n\n\n<p class=\"has-text-align-center\"><strong>Pronunciamiento de resistencia y memoria ante los ataques en tierra recuperada zapatista en Bel\u00e9n, Chiapas.<\/strong><\/p>\n\n\n\n<p class=\"has-text-align-right\">Valle de Jovel, 11 de octubre.<\/p>\n\n\n\n<p>A la Sexta Nacional e Internacional.<br>A la sociedad civil nacional e internacional,<br>A los pueblos de M\u00e9xico y el mundo.<br>A los medios independientes, colectivos y redes de solidaridad:<\/p>\n\n\n\n<p>Hoy levantamos la voz,con la digna rabia que lxs zapatistas nos han ense\u00f1ado, donde la ternura organizada tiene un importante lugar. Desde aqu\u00ed, denunciamos lo que est\u00e1 pasando en Bel\u00e9n, en el coraz\u00f3n del Caracol 8 Dolores Hidalgo, Chiapas (municipio oficial de Ocosingo). Ah\u00ed, se llev\u00f3 a cabo: despojo violento, hostigamiento sistem\u00e1tico,quema de viviendas y desplazamiento forzado de compa\u00f1eras y compa\u00f1eros bases de apoyo zapatistas y campesinos ind\u00edgenas no zapatistas con quienes trabajan en ese territorio. Todo lo anterior, son actos de guerra contra la vida colectiva y la propuesta zapatista del Com\u00fan.<\/p>\n\n\n\n<p>Esta es una ofensiva, dentro de una estrategia continua contra los derechos de los pueblos, principalmente su derecho a la Tierra y el Territorio. No se trata de un ataque aislado, forma parte de una estrategia de contrainsurgencia renovada: blandir la ley como garrote, usar el poder judicial y otros cuerpos del Estado para sembrar impunidad, terror y fragmentar el tejido de lo com\u00fan.<\/p>\n\n\n\n<p>Desde abril de este a\u00f1o,se han documentado incursiones, amenazas, destruccci\u00f3n de letreros, mediciones de territorio, robo de cosechas, quemas de casas. Todo ello presentado, desde el discurso del mal gobierno, como un conflicto agrario. Narrativa que busca ocultar la estrategia de guerra continua contra las comunidades zapatistas. Una muestra clara de su verdadera intenci\u00f3n, es el involucramiento de polic\u00edas municipales de Ocosingo, fuerzas de seguridad estatales, ej\u00e9rcito mexicano y la Fiscal\u00eda General del Estado de Chiapas, en la legalizaci\u00f3n de tierras recuperadas por lxs zapatistas, para facilitar su despojo y orillar al EZLN a defenderse por las v\u00edas que sean necesarias.<\/p>\n\n\n\n<p>Debemos recordar que este territorio fue recuperado en 1994 y ha sido sostenido en com\u00fan, desde entonces, entre zapatistas y no zapatistas. Tambi\u00e9n recordamos que, en 1996, el Estado realiz\u00f3 la llamada &#8220;indemnizacion&#8221;. Mecanismo a trav\u00e9s del cual, se pagaron todas las tierras recuperadas a quienes, en ese momento, fueron reconocidos por el Estado como los propietarios &#8220;legales&#8221;. Hoy, ese mismo Estado y su mal gobierno de la supuesta Transformaci\u00f3n, pretende arrebatar las tierras recuperadas por el EZLN. De tal modo: pisotea la historia de luchas por la tierra en Chiapas, muestra su desprecio por un proyecto pol\u00edtico que genera condiciones de convivencia pac\u00edfica y vida digna, adem\u00e1s de que traiciona la lucha agraria reivindicada desde el zapatismo de 1910.<\/p>\n\n\n\n<p>Quieren transformar territorio recuperado, puesto en com\u00fan, en tierras de finqueros otra vez. Buscan convertir la memoria en papel de desecho. Usurpan lo que no les pertenece para entregarlo al gran capital, al turismo que irremediablemente es extractivista y a los megaproyectos. El despojo de territorios de los pueblos para el gran capital, es una estrategia mundial. La vemos en su expresi\u00f3n m\u00e1s cruda y violenta, en el genocidio contra el digno pueblo palestino.<\/p>\n\n\n\n<p>Por todo lo anterior, exigimos:<\/p>\n\n\n\n<ul class=\"wp-block-list\">\n<li>Que se respete la integridad f\u00edsica y territorial de las bases de apoyo zapatistas y de las familias que trabajan con ellas en El Com\u00fan. Comenzando por restituirles de manera inmediata las tierras del Poblado Bel\u00e9n.<\/li>\n\n\n\n<li>Que se retiren inmediatamente todas las fuerzas policiales, militares y fiscales que se han hecho presentes en Bel\u00e9n.<\/li>\n\n\n\n<li>Que se suspendan mediciones agrarias o cualquier otro acto que pretenda legitimar y legalizar el despojo del territorio recuperado.<\/li>\n\n\n\n<li>Que el Estado mexicano detenga, de una vez por todas, los ataques a las comunidades zapatistas.<\/li>\n\n\n\n<li>En lo internacional, nos sumamos a la exigencia de ruptura de relaciones con Israel y el alto al genocidio.<\/li>\n<\/ul>\n\n\n\n<p>Por \u00faltimo, queremos reiterar que \u00e9ste no es un conflicto local, sino que es parte del modelo de despojo de la 4T. Despojo que avanza disfrazado de democracia y pretende repetir historias de dominaciones que lxs zapatistas han desafiado con la autonom\u00eda. El proyecto de lxs compa\u00f1erxs zapatistas es el Com\u00fan y el del mal gobierno es el de la propiedad privada al servicio del que all\u00e1 arriba sigue construyendo pir\u00e1mides.<\/p>\n\n\n\n<p>Que resuenen todas nuestras voces y que nuestros corazones latan para defender cada territorio recuperado. Que aqu\u00ed, como en otras partes del mundo, dejemos claro que las comunidades zapatistas no est\u00e1n solas y junto a ellas defenderemos El Com\u00fan.<\/p>\n\n\n\n<p>Les invitamos a que sembremos estas semillas de indignaci\u00f3n para que florezca ser compa\u00f1erxs de lucha. Porque la lucha es nuestra y no s\u00f3lo defendemos un pedazo de tierra. Defendemos, tambi\u00e9n, la construcci\u00f3n de ese otro mundo posible donde depositamos nuestros sue\u00f1os.<\/p>\n\n\n\n<p>Nuestra rabia no ser\u00e1 silencio.<br>Nuestra resistencia no ser\u00e1 apagada.<br>La vida no se rinde, nuestros corazones y millones m\u00e1s le abrir\u00e1n paso.<\/p>\n\n\n\n<p>Por la memoria, por la vida, por el Com\u00fan\u2026<br>!Vivan los Pueblos Zapatistas y viva Palestina libre!<\/p>\n\n\n\n<figure class=\"wp-block-embed is-type-video is-provider-youtube wp-block-embed-youtube wp-embed-aspect-16-9 wp-has-aspect-ratio\"><div class=\"wp-block-embed__wrapper\">\n<iframe loading=\"lazy\" title=\"Movilizaci\u00f3n en San Crist\u00f3bal ante ataques y despojo al poblado Bel\u00e9n en territorio zapatista\" width=\"500\" height=\"281\" src=\"https:\/\/www.youtube.com\/embed\/4zd1kuGrLiw?feature=oembed\" frameborder=\"0\" allow=\"accelerometer; autoplay; clipboard-write; encrypted-media; gyroscope; picture-in-picture; web-share\" referrerpolicy=\"strict-origin-when-cross-origin\" allowfullscreen><\/iframe>\n<\/div><\/figure>\n\n\n\n<figure class=\"wp-block-gallery has-nested-images columns-default is-cropped wp-block-gallery-1 is-layout-flex wp-block-gallery-is-layout-flex\">\n<figure class=\"wp-block-image size-large\"><a href=\"https:\/\/radiozapatista.org\/wp-content\/uploads\/2025\/10\/3.jpeg\"><img loading=\"lazy\" decoding=\"async\" width=\"576\" height=\"1024\" data-id=\"52603\" src=\"https:\/\/radiozapatista.org\/wp-content\/uploads\/2025\/10\/3-576x1024.jpeg\" alt=\"\" class=\"wp-image-52603\" srcset=\"https:\/\/radiozapatista.org\/wp-content\/uploads\/2025\/10\/3-576x1024.jpeg 576w, https:\/\/radiozapatista.org\/wp-content\/uploads\/2025\/10\/3-169x300.jpeg 169w, https:\/\/radiozapatista.org\/wp-content\/uploads\/2025\/10\/3-768x1365.jpeg 768w, https:\/\/radiozapatista.org\/wp-content\/uploads\/2025\/10\/3-864x1536.jpeg 864w, https:\/\/radiozapatista.org\/wp-content\/uploads\/2025\/10\/3.jpeg 900w\" sizes=\"auto, (max-width: 576px) 100vw, 576px\" \/><\/a><\/figure>\n\n\n\n<figure class=\"wp-block-image size-large\"><a href=\"https:\/\/radiozapatista.org\/wp-content\/uploads\/2025\/10\/2.jpeg\"><img loading=\"lazy\" decoding=\"async\" width=\"576\" height=\"1024\" data-id=\"52604\" src=\"https:\/\/radiozapatista.org\/wp-content\/uploads\/2025\/10\/2-576x1024.jpeg\" alt=\"\" class=\"wp-image-52604\" srcset=\"https:\/\/radiozapatista.org\/wp-content\/uploads\/2025\/10\/2-576x1024.jpeg 576w, https:\/\/radiozapatista.org\/wp-content\/uploads\/2025\/10\/2-169x300.jpeg 169w, https:\/\/radiozapatista.org\/wp-content\/uploads\/2025\/10\/2-768x1365.jpeg 768w, https:\/\/radiozapatista.org\/wp-content\/uploads\/2025\/10\/2-864x1536.jpeg 864w, https:\/\/radiozapatista.org\/wp-content\/uploads\/2025\/10\/2.jpeg 900w\" sizes=\"auto, (max-width: 576px) 100vw, 576px\" \/><\/a><\/figure>\n<\/figure>\n\n\n\n<figure class=\"wp-block-image size-large\"><img loading=\"lazy\" decoding=\"async\" width=\"1024\" height=\"715\" src=\"https:\/\/radiozapatista.org\/wp-content\/uploads\/2025\/10\/1-1024x715.jpeg\" alt=\"\" class=\"wp-image-52605\" srcset=\"https:\/\/radiozapatista.org\/wp-content\/uploads\/2025\/10\/1-1024x715.jpeg 1024w, https:\/\/radiozapatista.org\/wp-content\/uploads\/2025\/10\/1-350x244.jpeg 350w, https:\/\/radiozapatista.org\/wp-content\/uploads\/2025\/10\/1-768x536.jpeg 768w, https:\/\/radiozapatista.org\/wp-content\/uploads\/2025\/10\/1-1536x1072.jpeg 1536w, https:\/\/radiozapatista.org\/wp-content\/uploads\/2025\/10\/1.jpeg 1600w\" sizes=\"auto, (max-width: 1024px) 100vw, 1024px\" \/><\/figure>\n","protected":false},"excerpt":{"rendered":"<p>El 11 de octubre de 2025, colectivos, organizaciones e individuos se movilizaron en San Crist\u00f3bal de Las Casas para denunciar las agresiones, despojo y desplazamiento forzado cometidos en el poblado de Bel\u00e9n, pereneciente al Caracol de Dolores Hidalgo, en el municipio oficial de Ocosingo. Enseguida, el pronunciamiento le\u00eddo durante la acci\u00f3n colectiva: Pronunciamiento de resistencia [&hellip;]<\/p>\n","protected":false},"author":1,"featured_media":52606,"comment_status":"open","ping_status":"closed","sticky":false,"template":"","format":"standard","meta":{"footnotes":""},"categories":[6,190,222],"tags":[1288,79,917,36,235,255,926,27,483],"class_list":["post-52602","post","type-post","status-publish","format-standard","has-post-thumbnail","hentry","category-chiapas","category-radiozapatista","category-video","tag-4t","tag-autonomia","tag-chiapas","tag-comunidades-zapatistas","tag-contrainsurgencia","tag-despojo","tag-ezln","tag-solidaridad","tag-tierra-y-territorio"],"_links":{"self":[{"href":"https:\/\/radiozapatista.org\/index.php?rest_route=\/wp\/v2\/posts\/52602","targetHints":{"allow":["GET"]}}],"collection":[{"href":"https:\/\/radiozapatista.org\/index.php?rest_route=\/wp\/v2\/posts"}],"about":[{"href":"https:\/\/radiozapatista.org\/index.php?rest_route=\/wp\/v2\/types\/post"}],"author":[{"embeddable":true,"href":"https:\/\/radiozapatista.org\/index.php?rest_route=\/wp\/v2\/users\/1"}],"replies":[{"embeddable":true,"href":"https:\/\/radiozapatista.org\/index.php?rest_route=%2Fwp%2Fv2%2Fcomments&post=52602"}],"version-history":[{"count":2,"href":"https:\/\/radiozapatista.org\/index.php?rest_route=\/wp\/v2\/posts\/52602\/revisions"}],"predecessor-version":[{"id":52608,"href":"https:\/\/radiozapatista.org\/index.php?rest_route=\/wp\/v2\/posts\/52602\/revisions\/52608"}],"wp:featuredmedia":[{"embeddable":true,"href":"https:\/\/radiozapatista.org\/index.php?rest_route=\/wp\/v2\/media\/52606"}],"wp:attachment":[{"href":"https:\/\/radiozapatista.org\/index.php?rest_route=%2Fwp%2Fv2%2Fmedia&parent=52602"}],"wp:term":[{"taxonomy":"category","embeddable":true,"href":"https:\/\/radiozapatista.org\/index.php?rest_route=%2Fwp%2Fv2%2Fcategories&post=52602"},{"taxonomy":"post_tag","embeddable":true,"href":"https:\/\/radiozapatista.org\/index.php?rest_route=%2Fwp%2Fv2%2Ftags&post=52602"}],"curies":[{"name":"wp","href":"https:\/\/api.w.org\/{rel}","templated":true}]}}