{"id":52591,"date":"2025-10-11T14:08:24","date_gmt":"2025-10-11T20:08:24","guid":{"rendered":"https:\/\/radiozapatista.org\/?p=52591"},"modified":"2025-10-11T14:08:26","modified_gmt":"2025-10-11T20:08:26","slug":"denuncia-y-exigencia-urgente-de-los-convocantes-al-tercer-foro-regional-por-la-defensa-de-la-vida-y-los-territorios","status":"publish","type":"post","link":"https:\/\/radiozapatista.org\/?p=52591","title":{"rendered":"Denuncia y exigencia urgente de los convocantes al Tercer Foro regional por la defensa de la vida y los territorios"},"content":{"rendered":"\n<p>BOLET\u00cdN DE DENUNCIA Y EXIGENCIA URGENTE<\/p>\n\n\n\n<p>Parte de la Jornada Nacional e Internacional por el Alto a la Guerra contra los Pueblos Zapatistas<\/p>\n\n\n\n<p>A los medios de comunicaci\u00f3n,<\/p>\n\n\n\n<p>A la opini\u00f3n p\u00fablica nacional e internacional,<\/p>\n\n\n\n<p>A las organizaciones sociales, solidarias y democr\u00e1ticas en lucha,<\/p>\n\n\n\n<p>Al Congreso Nacional Ind\u00edgena,<\/p>\n\n\n\n<p>Al Ej\u00e9rcito Zapatista de Liberaci\u00f3n Nacional,<\/p>\n\n\n\n<p>A los pueblos en resistencia,<\/p>\n\n\n\n<p>A quienes aman y defienden la tierra, el agua y la vida,<\/p>\n\n\n\n<p>A las mujeres y hombres que construyen con sus actos un mundo diferente:<\/p>\n\n\n\n<p>Nosotros, los pueblos, organizaciones, colectivos hombres y mujeres abajo firmantes, quienes hemos sido convocantes al Tercer Foro Regional por la Defensa de la Vida y los Territorios, que se celebrar\u00eda los d\u00edas 11 y 12 de octubre de 2025 en Los Reyes Mezontla, Puebla, denunciamos: que debido a amenazas, hostigamientos y agresiones que se han intensificado en los \u00faltimos d\u00edas \u2014particularmente a un d\u00eda de la realizaci\u00f3n del foro\u2014, dirigidas contra las personas organizadoras, participantes y, de manera especial, contra las mujeres de la comunidad ind\u00edgena inwiva que recibir\u00edan este importante encuentro se mover\u00e1 de sede al centro de formaci\u00f3n para la autonom\u00eda Teocentli en Tehuac\u00e1n Puebla.<\/p>\n\n\n\n<p>Estas amenazas provienen directamente de los intereses mineros y de los prestanombres que aparece en las concesiones otorgadas por la Secrtaria de econom\u00eda y la Secretar\u00eda de minas del estado mexicano, as\u00ed como los operadores directos que aparecen como beneficiarios de la concesi\u00f3n otorgadas, en conjunto con las empresas que pretenden imponer el saqueo minero en territorio inwiva y mixteco,<\/p>\n\n\n\n<p>Entre las concesiones vigentes se encuentran:<\/p>\n\n\n\n<p>&nbsp;\u2022 T\u00edtulo de concesi\u00f3n minera No. 238199, Lote Cactus Fracci\u00f3n 1, con una superficie de 479.6185 hect\u00e1reas, otorgada por 50 a\u00f1os (2011\u20132061) a Eligio Bravo Hern\u00e1ndez (33.34%), Alberto Gonz\u00e1lez Luna (33.33%) y Mart\u00edn Gonz\u00e1lez Hern\u00e1ndez (33.33%).<\/p>\n\n\n\n<p>\u2022 T\u00edtulo de concesi\u00f3n No. 240946, Lote Cactus III, con 97.3514 hect\u00e1reas, otorgada tambi\u00e9n por 50 a\u00f1os (2012\u20132062) a Eligio Bravo Hern\u00e1ndez (40%), Isaac Manuel Gonz\u00e1lez Luna (30%) y Wenceslao Balderas Pacheco (30%).<\/p>\n\n\n\n<p>\u2022 T\u00edtulo de concesi\u00f3n No. 238518, Lote Los Reyes, con 100 hect\u00e1reas, vigente de 2011 a 2061, a nombre de Jaime Cruz Cort\u00e9s, concesionario \u00fanico.<\/p>\n\n\n\n<p>As\u00edmismo, denunciamos adem\u00e1s, la complicidad de las autoridades locales de Reyes Metzontla, en particular la regidora de gobernaci\u00f3n Seime Ju\u00e1rez Hern\u00e1ndez y del comisariado de bienes ejidales Claudio Flores Balderas, quienes han actuado como operadores pol\u00edticos de la minera y amenazado abiertamente con no garantizar la seguridad e integridad de quienes asistan al foro y que \u201csi llegara a pasarnos algo\u201dser\u00e1 responsabilidad nuestra, el cual, consta en el oficio girado el d\u00eda de ayer con fecha 10 de octubre.<\/p>\n\n\n\n<p>Estas autoridades son c\u00f3mplices de la destrucci\u00f3n , del saqueo y del robo que la minera ha estado haciendo ya que no cuenta con ning\u00fan permiso como lo ha manifestado la CONAP, la PROFEPA y la SEMARNAT en diversas mesas de trabajo realizadas con autoridades agrarias de la regi\u00f3n, que saben que est\u00e1n extrayendo ilegalmente cientos de toneladas de minerales \u2014entre ellos hierro, silicio y manganeso\u2014 de los cerros del territorio inwiva, acumulando ganancias millonarias a costa del despojo, la contaminaci\u00f3n y la violencia, mientras las autoridades competentes en materia ambiental en esta regi\u00f3n permanecen en silencio o se hacen c\u00f3mplices con su omisi\u00f3n.<\/p>\n\n\n\n<p>Tambi\u00e9n se\u00f1alamos y denunciamos al supuesto \u201casesor de los pueblos inwiva\u201d, Rolando Aguilar , vinculado al Instituto Nacional de los Pueblos Ind\u00edgenas (INPI), quien, actuando como operador pol\u00edtico promotor de la miner\u00eda, manifestando y promoviendo el<\/p>\n\n\n\n<p>\u201cPlan de justicia\u201d, quien ha realizado reuniones a puerta cerrada con autoridades para buscar acuerdos ileg\u00edtimos con las mineras bajo la figura de \u201cconcesiones comunitarias\u201d, con el fin de legitimar el despojo y dividir a las comunidades expresando que es mandado por Hugo Aguilar para operar el tema y que con la nueva reforma de ley podr\u00e1n las comunidades negociar directamente con la miner\u00edas que buscan los recursos estrat\u00e9gicos del capital trasnacional.<\/p>\n\n\n\n<p>Estas acciones forman parte de un modelo neoextractivista y colonial que busca apropiarse de los minerales estrat\u00e9gicos y tierras raras para alimentar las industrias armamentista, tecnol\u00f3gica y la transici\u00f3n energ\u00e9tica, a costa de la vida y la dignidad de los pueblos ind\u00edgenas.<\/p>\n\n\n\n<p>Frente a esta situaci\u00f3n, hemos decidido reubicar el Foro Regional por motivos de seguridad.<\/p>\n\n\n\n<p>El encuentro se llevar\u00e1 a cabo en el Centro de Formaci\u00f3n para la Autonom\u00eda \u201cTeocentli\u201d, en la ciudad de Tehuac\u00e1n, Puebla, los mismos d\u00edas 11 y 12 de octubre. https:\/\/maps.app.goo.gl\/eZDGD8H1fijzAs5Y9?g_st=iw<\/p>\n\n\n\n<p>Este foro se mantiene como un espacio de articulaci\u00f3n, reflexi\u00f3n y denuncia, frente al despojo, la impunidad y la violencia que los megaproyectos imponen en nuestros territorios.<\/p>\n\n\n\n<p>EXIGIMOS:<\/p>\n\n\n\n<p>Garant\u00edas de seguridad e integridad para todas las personas de la comunidad y organizaciones participantes en el foro.<\/p>\n\n\n\n<p>Investigaci\u00f3n inmediata de las amenazas y hostigamientos contra las mujeres y habitantes de Los Reyes Mezontla quienes se declaran en asamblea informativa con los vecinos y pueblos aleda\u00f1os.<\/p>\n\n\n\n<p>Cancelaci\u00f3n definitiva de las concesiones mineras en el territorio inwiva y en toda la Reserva de la Biosfera Tehuac\u00e1n\u2013Cuicatl\u00e1n.<\/p>\n\n\n\n<p>Fin al saqueo minero y al modelo extractivista que destruye la tierra y viola los derechos de los pueblos ind\u00edgenas, as\u00ed como la investigaci\u00f3n inmediata de qui\u00e9nes son, quienes est\u00e1n sustrayendo los minerales y d\u00f3nde se han llevado.<\/p>\n\n\n\n<p>Respeto pleno a la autodeterminaci\u00f3n y autonom\u00eda de Agua Mezquite parte del pueblo originarios inwiva.<\/p>\n\n\n\n<p>\u00a1Denunciamos la guerra contra los pueblos que defienden la vida!<\/p>\n\n\n\n<p>\u00a1Alto a la guerra contra los pueblos zapatistas y todos los pueblos en resistencia!<\/p>\n\n\n\n<p>\u00a1La tierra no se vende, se ama y se defiende!<\/p>\n\n\n\n<p>Atentamente:<\/p>\n\n\n\n<p>Pueblos, comunidades, organizaciones y colectivos que integran el proceso regional por la defensa de la vida y los territorios.<\/p>\n\n\n\n<p>Tehuac\u00e1n, Puebla, octubre de 2025.<\/p>\n\n\n\n<p>CNI (Congreso Nacional Ind\u00edgena) MAIZ(Movimiento Agrario Ind\u00edgena Zapatista )<\/p>\n\n\n\n<p>Radios Ecos de la Sal, Zapotitl\u00e1n Salinas, Frente NO a la Miner\u00eda por un Futuro de todos y todas, Foro Permanente en Defensa de la Tierra y el Territorio, Educa,Campo AC, GLEFAS, Centro de Formaci\u00f3n para la Autonom\u00eda Teocentli, UCIZONI (Union de Comunidades de la Zona Norte del Istmo), Pueblos Unidos de la Regi\u00f3n Cholulteca y de los Volcanes, La Flor Peri Odico \u00abIn x\u00f3chitl in cu\u00edcatl\u00bb, El Tekpatl \u00abperi\u00f3dico cr\u00edtico y de combate\u00bb, Red de Radios Ind\u00edgenas y Comunitarias del Sureste Mexicano, Red de Accio\u2019n frente al Libre Comercio (RMALC), el Grupo de Trabajo \u00abFronteras, regionalizaci\u00f3n y globalizaci\u00f3n del Consejo Latinoamericano de Ciencias Sociales y el Seminario Permanente de Estudioz Chicanos y de Fronteras. Laboratorio Popular de Medios Libres, Noticias de abajo, Cooperativa Nutze, Radio Comunitaria las Voces de los pueblos, Buen d\u00eda compas, Colectivo Altepechikawalistli, Vivero Comunitario San Juan del R\u00edo,&nbsp; Radio Comunitaria ind\u00edgena Zacatepec \u00abLa voz del pueblo\u00bb, Colectiva Mujeres que luchan, Xalapa, Colectiva Ayuuk Tox\u00ebjk, Colectivo Huitzil Urbano, Ollin Quetza, A.C, colectivo guam\u00fachil, Semillas de Luz, Radio Pochota Amatlan, Suscribimos: CDH Tepeyac del Istmo de Tehuantepec, A. C, Centro de derechos humanos de los pueblos del sur de Veracruz \u00bb Bety cari\u00f1o\u00bb, Corriente del sol rojo, Comision de derechos humanos y laborales del valle de Tehuac\u00e1n.<\/p>\n","protected":false},"excerpt":{"rendered":"<p>BOLET\u00cdN DE DENUNCIA Y EXIGENCIA URGENTE Parte de la Jornada Nacional e Internacional por el Alto a la Guerra contra los Pueblos Zapatistas A los medios de comunicaci\u00f3n, A la opini\u00f3n p\u00fablica nacional e internacional, A las organizaciones sociales, solidarias y democr\u00e1ticas en lucha, Al Congreso Nacional Ind\u00edgena, Al Ej\u00e9rcito Zapatista de Liberaci\u00f3n Nacional, A [&hellip;]<\/p>\n","protected":false},"author":21,"featured_media":52592,"comment_status":"open","ping_status":"closed","sticky":false,"template":"","format":"standard","meta":{"footnotes":""},"categories":[957,51,958,954,935],"tags":[58,53,567,147,545,87,148,27,483],"class_list":["post-52591","post","type-post","status-publish","format-standard","has-post-thumbnail","hentry","category-autonomia","category-autor","category-megaproyectos","category-mexico","category-temas","tag-derechos-humanos","tag-justicia","tag-megaproyectos","tag-militarizacion","tag-pueblos-indigenas","tag-represion","tag-resistencia","tag-solidaridad","tag-tierra-y-territorio"],"_links":{"self":[{"href":"https:\/\/radiozapatista.org\/index.php?rest_route=\/wp\/v2\/posts\/52591","targetHints":{"allow":["GET"]}}],"collection":[{"href":"https:\/\/radiozapatista.org\/index.php?rest_route=\/wp\/v2\/posts"}],"about":[{"href":"https:\/\/radiozapatista.org\/index.php?rest_route=\/wp\/v2\/types\/post"}],"author":[{"embeddable":true,"href":"https:\/\/radiozapatista.org\/index.php?rest_route=\/wp\/v2\/users\/21"}],"replies":[{"embeddable":true,"href":"https:\/\/radiozapatista.org\/index.php?rest_route=%2Fwp%2Fv2%2Fcomments&post=52591"}],"version-history":[{"count":1,"href":"https:\/\/radiozapatista.org\/index.php?rest_route=\/wp\/v2\/posts\/52591\/revisions"}],"predecessor-version":[{"id":52593,"href":"https:\/\/radiozapatista.org\/index.php?rest_route=\/wp\/v2\/posts\/52591\/revisions\/52593"}],"wp:featuredmedia":[{"embeddable":true,"href":"https:\/\/radiozapatista.org\/index.php?rest_route=\/wp\/v2\/media\/52592"}],"wp:attachment":[{"href":"https:\/\/radiozapatista.org\/index.php?rest_route=%2Fwp%2Fv2%2Fmedia&parent=52591"}],"wp:term":[{"taxonomy":"category","embeddable":true,"href":"https:\/\/radiozapatista.org\/index.php?rest_route=%2Fwp%2Fv2%2Fcategories&post=52591"},{"taxonomy":"post_tag","embeddable":true,"href":"https:\/\/radiozapatista.org\/index.php?rest_route=%2Fwp%2Fv2%2Ftags&post=52591"}],"curies":[{"name":"wp","href":"https:\/\/api.w.org\/{rel}","templated":true}]}}