{"id":52579,"date":"2025-10-07T09:46:23","date_gmt":"2025-10-07T15:46:23","guid":{"rendered":"https:\/\/radiozapatista.org\/?p=52579"},"modified":"2025-10-07T09:46:24","modified_gmt":"2025-10-07T15:46:24","slug":"11-oct-sclc-caminata-y-performance-defendamos-el-comun","status":"publish","type":"post","link":"https:\/\/radiozapatista.org\/?p=52579","title":{"rendered":"[11 oct &#8211; SCLC] Caminata y performance &#8220;Defendamos El Com\u00fan&#8221;"},"content":{"rendered":"\n<p class=\"has-text-align-center\">Ven a caminar, a resistir, y a gritar con el coraz\u00f3n.<br><strong>Este s\u00e1bado 11 de octubre | 4PM | Plaza de la Paz.<\/strong><br>Nos encontraremos para levantar la voz, los corazones y la dignidad.<\/p>\n\n\n\n<p>Durante los \u00faltimos meses, Bases de Apoyo Zapatistas del Caracol 8 \u201cDolores Hidalgo\u201d, en la comunidad de Bel\u00e9n, han sido amenazados varias veces con presencia del Ej\u00e9rcito y la Polic\u00eda. Debido a la estrategia de despojo del mal gobierno, en septiembre, se han quemado casas y robado cosechas de la milpa, sustento y trabajo com\u00fan de zapatistas y no zapatistas. <\/p>\n\n\n\n<p>As\u00ed como en este territorio llamado Chiapas, el mal gobierno impide que los pueblos cosechen sus alimentos, en Palestina, el perverso gobierno de Israel provoca hambruna y contin\u00faa el cruel genocidio, por eso decimos: \u00a1Alto a la guerra contra los pueblos! y \u00a1Viva Palestina libre!<\/p>\n\n\n<div class=\"wp-block-image\">\n<figure class=\"aligncenter size-large\"><img loading=\"lazy\" decoding=\"async\" width=\"662\" height=\"1024\" src=\"https:\/\/radiozapatista.org\/wp-content\/uploads\/2025\/10\/Imagen-de-WhatsApp-2025-10-07-a-las-09.40.02_faff2255-662x1024.jpg\" alt=\"\" class=\"wp-image-52580\" srcset=\"https:\/\/radiozapatista.org\/wp-content\/uploads\/2025\/10\/Imagen-de-WhatsApp-2025-10-07-a-las-09.40.02_faff2255-662x1024.jpg 662w, https:\/\/radiozapatista.org\/wp-content\/uploads\/2025\/10\/Imagen-de-WhatsApp-2025-10-07-a-las-09.40.02_faff2255-194x300.jpg 194w, https:\/\/radiozapatista.org\/wp-content\/uploads\/2025\/10\/Imagen-de-WhatsApp-2025-10-07-a-las-09.40.02_faff2255-768x1187.jpg 768w, https:\/\/radiozapatista.org\/wp-content\/uploads\/2025\/10\/Imagen-de-WhatsApp-2025-10-07-a-las-09.40.02_faff2255.jpg 828w\" sizes=\"auto, (max-width: 662px) 100vw, 662px\" \/><\/figure>\n<\/div>","protected":false},"excerpt":{"rendered":"<p>Ven a caminar, a resistir, y a gritar con el coraz\u00f3n.Este s\u00e1bado 11 de octubre | 4PM | Plaza de la Paz.Nos encontraremos para levantar la voz, los corazones y la dignidad. Durante los \u00faltimos meses, Bases de Apoyo Zapatistas del Caracol 8 \u201cDolores Hidalgo\u201d, en la comunidad de Bel\u00e9n, han sido amenazados varias veces [&hellip;]<\/p>\n","protected":false},"author":1,"featured_media":0,"comment_status":"open","ping_status":"closed","sticky":false,"template":"","format":"standard","meta":{"footnotes":""},"categories":[957,6,183],"tags":[1288,917,36,235,1533,27],"class_list":["post-52579","post","type-post","status-publish","format-standard","hentry","category-autonomia","category-chiapas","category-blog","tag-4t","tag-chiapas","tag-comunidades-zapatistas","tag-contrainsurgencia","tag-el-comun","tag-solidaridad"],"_links":{"self":[{"href":"https:\/\/radiozapatista.org\/index.php?rest_route=\/wp\/v2\/posts\/52579","targetHints":{"allow":["GET"]}}],"collection":[{"href":"https:\/\/radiozapatista.org\/index.php?rest_route=\/wp\/v2\/posts"}],"about":[{"href":"https:\/\/radiozapatista.org\/index.php?rest_route=\/wp\/v2\/types\/post"}],"author":[{"embeddable":true,"href":"https:\/\/radiozapatista.org\/index.php?rest_route=\/wp\/v2\/users\/1"}],"replies":[{"embeddable":true,"href":"https:\/\/radiozapatista.org\/index.php?rest_route=%2Fwp%2Fv2%2Fcomments&post=52579"}],"version-history":[{"count":1,"href":"https:\/\/radiozapatista.org\/index.php?rest_route=\/wp\/v2\/posts\/52579\/revisions"}],"predecessor-version":[{"id":52581,"href":"https:\/\/radiozapatista.org\/index.php?rest_route=\/wp\/v2\/posts\/52579\/revisions\/52581"}],"wp:attachment":[{"href":"https:\/\/radiozapatista.org\/index.php?rest_route=%2Fwp%2Fv2%2Fmedia&parent=52579"}],"wp:term":[{"taxonomy":"category","embeddable":true,"href":"https:\/\/radiozapatista.org\/index.php?rest_route=%2Fwp%2Fv2%2Fcategories&post=52579"},{"taxonomy":"post_tag","embeddable":true,"href":"https:\/\/radiozapatista.org\/index.php?rest_route=%2Fwp%2Fv2%2Ftags&post=52579"}],"curies":[{"name":"wp","href":"https:\/\/api.w.org\/{rel}","templated":true}]}}