{"id":52558,"date":"2025-10-06T14:00:00","date_gmt":"2025-10-06T20:00:00","guid":{"rendered":"https:\/\/radiozapatista.org\/?p=52558"},"modified":"2025-10-06T19:41:36","modified_gmt":"2025-10-07T01:41:36","slug":"carta-a-la-presidenta-claudia-sheinbaum-pardo-de-mujeres-y-disidencias-de-mexico-y-el-mundo","status":"publish","type":"post","link":"https:\/\/radiozapatista.org\/?p=52558","title":{"rendered":"Carta a la presidenta Claudia Sheinbaum Pardo de mujeres y disidencias de M\u00e9xico y el mundo"},"content":{"rendered":"\n<h3 class=\"wp-block-heading has-text-align-center\">Jornadas de lucha y resistencia en defensa del Com\u00fan y en contra de la Guerra a los Pueblos Zapatistas<\/h3>\n\n\n\n<p class=\"has-text-align-right\">06 de octubre de 2025<\/p>\n\n\n\n<p>CLAUDIA SHEINBAUM PARDO <br>Presidenta de M\u00e9xico: <\/p>\n\n\n\n<p>Nosotras, mujeres y disidencias de distintos estratos econ\u00f3micos, distintas geograf\u00edas, culturas, lenguas y colores, organizadas y no organizadas, sentimos en nuestro coraz\u00f3n el dolor de las mujeres y ni\u00f1as zapatistas, as\u00ed como de las hermanxs no zapatistas que junto a sus familias participan del Com\u00fan y que, ahora, est\u00e1n sufriendo el despojo de su territorio. Lugar que guarda los ombligos y los esp\u00edritus de nuestrxs ancestrxs que fueron explotadxs, primero por los invasores y luego por los finqueros en tierras recuperadas en 1994. <\/p>\n\n\n\n<p>Se\u00f1ora Presidenta: <\/p>\n\n\n\n<p>\u00bfQu\u00e9 siente usted frente a estas violencias?, \u00bfD\u00f3nde est\u00e1 el respeto a los pueblos originarios que su gobierno predica?, \u00bfUsted es parte de esta estrategia para confrontar a los pueblos? <\/p>\n\n\n\n<p>Legalizar las tierras con papeles para unos y despojar de tierras a otrxs que las trabajan, parece perversa restituci\u00f3n, que nada tiene que ver con la Justicia. <\/p>\n\n\n\n<p>Le recordamos que como mujeres desde tiempos ancestrales organizamos y construimos la vida familiar, comunitaria y social, para el bien y cuidado com\u00fan, no para el enriquecimiento de unos cuantos. <\/p>\n\n\n\n<p class=\"has-text-align-center\"><strong>\u00a1Respeto a las Autonom\u00edas y a los territorios recuperados por las luchas de los pueblos\u2026 y viva Palestina libre!<\/strong> <\/p>\n\n\n\n<p><strong>Atentamente, las abajo firmantes. <\/strong><\/p>\n\n\n\n<p><strong>Firmas nacionales de Colectivxs y organizaciones: <\/strong><\/p>\n\n\n\n<p>Casa de apoyo a la mujer Ixim Antsetic. Chiapas.&nbsp;<\/p>\n\n\n\n<p>Coarte, Chiapas.<\/p>\n\n\n\n<p>Colectiva Cereza, Chiapas.<\/p>\n\n\n\n<p>Colectiva de Mujeres Forenses la Wiccan forense, M\u00e9xico.<\/p>\n\n\n\n<p>Colectiva Nuestra Alegre Rebeld\u00eda, Morelos.<\/p>\n\n\n\n<p>Colectivo Antsetik Ts&#8217;unun. Chiapas.&nbsp;<\/p>\n\n\n\n<p>Colectivo Nasakobajk, Chiapas.&nbsp;<\/p>\n\n\n\n<p>Colectivo Tsijil ba&#8217; bij. Chiapas.<\/p>\n\n\n\n<p>El bordado de Ramona. CDMX.<\/p>\n\n\n\n<p>Espacio de Mujeres de la Sexta Jovel, Chiapas.<\/p>\n\n\n\n<p>Grupo de Medicina Tradicional de San Pedro Atlapulco. Estado de M\u00e9xico.<\/p>\n\n\n\n<p>Grupo de Salud y Naturaleza de la Sierra de Santa Catarina. Estado de M\u00e9xico.<\/p>\n\n\n\n<p>La Flor de la Palabra, Medicina Tradicional, M\u00e9xico.<\/p>\n\n\n\n<p>Movilidades Libres y Elegidas-Colibres, Chiapas.<\/p>\n\n\n\n<p>Movimiento de Mujeres de Kurdistan en Abya Yala, Am\u00e9rica Latina.<\/p>\n\n\n\n<p>Movimiento de Mujeres en Defensa de la Madre Tierra y nuestros territorios, Chiapas.<\/p>\n\n\n\n<p>Movimiento de Salud y Naturaleza. Estado de M\u00e9xico.<\/p>\n\n\n\n<p>Mujeres de la Comisi\u00f3n de Apoyo a la Unidad y Reconciliaci\u00f3n Comunitaria (CORECO).&nbsp;Chiapas.<\/p>\n\n\n\n<p>Mujeres de la Red de Resistencias y Rebeld\u00edas AJMAQ. Chiapas.<\/p>\n\n\n\n<p>Mujeres de Ma\u00edz en Resistencia, Chiapas.<\/p>\n\n\n\n<p>Mujeres del Centro de Derechos Humanos Fray Bartolom\u00e9 de Las Casas, Chiapas.<\/p>\n\n\n\n<p>Mujeres del Colectivo Batsilk&#8217;op, Chiapas.<\/p>\n\n\n\n<p>Mujeres del Colectivo La Insurgente, Chiapas.<\/p>\n\n\n\n<p>Mujeres del Espacio de Lucha contra el Olvido y la Represi\u00f3n (ELCOR), Chiapas.<\/p>\n\n\n\n<p>Mujeres del Grupo de trabajo no estamos todxs. Chiapas.<\/p>\n\n\n\n<p>Mujeres integrantes de Servicios para una Educaci\u00f3n Alternativa AC, EDUCA, Oaxaca.<\/p>\n\n\n\n<p>Mujeres Tierra y Libertad, CDMX.<\/p>\n\n\n\n<p>Red de abogadas ind\u00edgenas, Cap\u00edtulo Chiapas.<\/p>\n\n\n\n<p>Red de mujeres chiapanecas.<\/p>\n\n\n\n<p>Red de Mujeres de la Costa en Rebeld\u00eda. Chiapas.<\/p>\n\n\n\n<p>Red de Mujeres que Luchan en el Oriente. Edo de M\u00e9xico.<\/p>\n\n\n\n<p>Red de mujeres Zoques, Construyendo Esperanza, Chiapas.<\/p>\n\n\n\n<p>RICCA_M\u00e9xico.<\/p>\n\n\n\n<p>RIZOMA, Chiapas.&nbsp;<\/p>\n\n\n\n<p>Unitierra Kaxunik, M\u00e9xico.<\/p>\n\n\n\n<p>Unitierra, Puebla.<\/p>\n\n\n\n<p>Vivas nos queremos. Arte y acci\u00f3n feminista, Chiapas.<\/p>\n\n\n\n<p>Xch&#8217;ulel Antsetik San Crist\u00f3bal de Las Casas, Chiapas.<\/p>\n\n\n\n<p><strong>Firmas nacionales individuales<\/strong><\/p>\n\n\n\n<p>Adel Guti\u00e9rrez, Colectiva zapatista somos batallas ganadas&nbsp;CDMX.<\/p>\n\n\n\n<p>Alejandra Vargas de la Cruz. CDMX.<\/p>\n\n\n\n<p>Aleida Ruiz Alem\u00e1n. CDMX.<\/p>\n\n\n\n<p>Araceli Osorio Mart\u00ednez. CDMX.<\/p>\n\n\n\n<p>Aurelia Cano \u00c1lvarez, CDMX.<\/p>\n\n\n\n<p>Azalia Hern\u00e1ndez Rodr\u00edguez, comunicadora, Chiapas.<\/p>\n\n\n\n<p>Beatriz V\u00e1zquez Torres. CDMX.<\/p>\n\n\n\n<p>Bertha Navarro, cineasta, CDMX.<\/p>\n\n\n\n<p>Blanca Estrella Ruiz,&nbsp;Estado de M\u00e9xico.<\/p>\n\n\n\n<p>Blanca Ibarra, M\u00e9xico.<\/p>\n\n\n\n<p>Blanca Lilia Narv\u00e1ez Ribera, Baja California, M\u00e9xico<\/p>\n\n\n\n<p>Bonifacia Hern\u00e1ndez Flores, Baja California, M\u00e9xico<\/p>\n\n\n\n<p>Brenda Natividad Hern\u00e1ndez Cruz, buscadora, Veracruz.<\/p>\n\n\n\n<p>Carmen Maldonado Vargas, Facultad de Ciencias UNAM, CDMX.<\/p>\n\n\n\n<p>Carolina D\u00edaz, CDMX.<\/p>\n\n\n\n<p>Cecilia V\u00e1zques Olivera. Defensora de derechos humanos, Chiapas.<\/p>\n\n\n\n<p>Cecilia Zeled\u00f3n, Puebla.<\/p>\n\n\n\n<p>Citlali Yisel Anguiano Hern\u00e1ndez, Etnohistoriadora feminista. CDMX.<\/p>\n\n\n\n<p>Concepci\u00f3n Su\u00e1rez Aguilar, defensora y realizadora de Nantik Meche comunicaci\u00f3n popular, Chiapas.<\/p>\n\n\n\n<p>Cristina Gonz\u00e1lez Serna. Chiapas.<\/p>\n\n\n\n<p>Dalia Alejandra Luna Mu\u00f1oz, CDMX.<\/p>\n\n\n\n<p>Debhora Vega, Colima.<\/p>\n\n\n\n<p>Demetria Cano \u00c1lvarez, CDMX.<\/p>\n\n\n\n<p>Diana Gabriela&nbsp;Aranguren Quevedo, Baja California, M\u00e9xico.<\/p>\n\n\n\n<p>Diana Itzu Guti\u00e9rrez Luna. Defensora, Chiapas.&nbsp;<\/p>\n\n\n\n<p>Edith Rosales Guti\u00e9rrez, M\u00e9xico.<\/p>\n\n\n\n<p>Elena Katzestein Ferrer, Baja California, M\u00e9xico.<\/p>\n\n\n\n<p>Elisa Cruz Rueda, profesora investigadora de tiempo completo, de la Escuela de Gesti\u00f3n y Autodesarrollo Ind\u00edgena, UNACH, Chiapas.<\/p>\n\n\n\n<p>Fernanda Navarro, fil\u00f3sofa, CDMX.<\/p>\n\n\n\n<p>Gabriela Vega Mart\u00ednez, socioantrop\u00f3loga feminista, CDMX.<\/p>\n\n\n\n<p>Gloria Guadalupe Flores Ruiz, defensora, Chiapas.<\/p>\n\n\n\n<p>Gloria Luz Rasc\u00f3n Mart\u00ednez, Mujeres y la sexta, CDMX.<\/p>\n\n\n\n<p>Gloria Marina Figueroa Aguilar, defensora, Chiapas.<\/p>\n\n\n\n<p>Guadalupe Andrea P\u00e9rez Mendoza, S\u00e1nchez. Terapeuta de adultas mayores, Chiapas.<\/p>\n\n\n\n<p>Guadalupe Cantoral Cantoral, Acad\u00e9mica, Chiapas.<\/p>\n\n\n\n<p>Guadalupe Castillo Feliciano, profesora, CDMX.<\/p>\n\n\n\n<p>Guadalupe D\u00edaz Hern\u00e1ndez, defensora, Chiapas.<\/p>\n\n\n\n<p>Heleanne Beltr\u00e1n S\u00e1nchez, CDMX.<\/p>\n\n\n\n<p>Iliana V\u00e1zquez D\u00edaz, defensora y Maestra en estudios de la mujer, CDMX.<\/p>\n\n\n\n<p>Iraz\u00fa G\u00f3mez Garc\u00eda, antrop\u00f3loga Feminista, Chiapas.<\/p>\n\n\n\n<p>Juana Ch\u00e1vez Hern\u00e1ndez, Estado de M\u00e9xico.<\/p>\n\n\n\n<p>Jennifer Haza Guti\u00e9rrez, defensora de derechos humanos, Chiapas.<\/p>\n\n\n\n<p>Jesica Araceli Maldonado, CDMX<\/p>\n\n\n\n<p>Julieta Hern\u00e1ndez G\u00f3mez, abogada feminista, Chiapas.&nbsp;<\/p>\n\n\n\n<p>Katia Tirado, CDMX.<\/p>\n\n\n\n<p>Liliana Aguilar del Valle, Chiapas.<\/p>\n\n\n\n<p>Liliana L\u00f3pez, cineasta, Chiapas.<\/p>\n\n\n\n<p>Lourdes Guti\u00e9rrez, promotora rural, Chiapas.<\/p>\n\n\n\n<p>Luciana Kaplan, cineasta, M\u00e9xico.<\/p>\n\n\n\n<p>Lucrecia Guti\u00e9rrez Maupom\u00e9, editora de cine, M\u00e9xico.<\/p>\n\n\n\n<p>Magali Caballero, editora, Chiapas.<\/p>\n\n\n\n<p>Magdalena Garc\u00eda Dur\u00e1n, Pueblo Mazahua, CDMX.<\/p>\n\n\n\n<p>Malva Marina Carrera, Michoac\u00e1n.<\/p>\n\n\n\n<p>Manuela Mart\u00ednez, originaria del pueblo Santa Cruz Acalpixcan, Xochimilco, CDMX.<\/p>\n\n\n\n<p>Marcela Fern\u00e1ndez Camacho, abogada feminista. San Luis Potos\u00ed.<\/p>\n\n\n\n<p>Mar\u00eda Cristina Peralta Casillas, Baja California, M\u00e9xico.<\/p>\n\n\n\n<p>Mar\u00eda de la Luz Garc\u00eda Moya, docente de Antropolog\u00eda Social, Chiapas.<\/p>\n\n\n\n<p>Mar\u00eda del Carmen Brice\u00f1o Fuentes, Baja California.<\/p>\n\n\n\n<p>Mar\u00eda Elena Aguayo Hern\u00e1ndez, M\u00e9xico.&nbsp;<\/p>\n\n\n\n<p>Mar\u00eda Estela Barco Huerta, defensora, Chiapas.<\/p>\n\n\n\n<p>Mar\u00eda Gabriela L\u00f3pez Su\u00e1rez, comunicadora independiente, profesora-investigadora, Chiapas.<\/p>\n\n\n\n<p>Mar\u00eda In\u00e9s Roqu\u00e9, cineasta y docente, CDMX.<\/p>\n\n\n\n<p>Mar\u00eda Luisa de la Garza Ch\u00e1vez, acad\u00e9mica, Chiapas.<\/p>\n\n\n\n<p>Mariana Mart\u00edn Romero, Tijuana\/CDMX.<\/p>\n\n\n\n<p>Maricela S\u00e1nchez G\u00f3mez, abogada tseltal, Chiapas.<\/p>\n\n\n\n<p>Maris Sof\u00eda Flores Cruz del REDMYCZ y Mujeres y la Sexta, acad\u00e9mica del CCH Sur, CDMX.<\/p>\n\n\n\n<p>Marisa Ruiz Trejo, Pluriversidades Feministas, Chiapas.<\/p>\n\n\n\n<p>Marta Alicia P\u00e9rez S\u00e1nchez,Baja California.<\/p>\n\n\n\n<p>Martha Cano \u00c1lvarez, CDMX.<\/p>\n\n\n\n<p>Miriam Itzel Linares Rojas, MC en manejo de recursos naturales y desarrollo rural, Chiapas.<\/p>\n\n\n\n<p>Noelia Rodr\u00edguez Casta\u00f1eda, Chiapas.<\/p>\n\n\n\n<p>Norma Ang\u00e9lica Silva G\u00f3mez, CDMX.<\/p>\n\n\n\n<p>Nuria Natalio Modesta. Chiapas.<\/p>\n\n\n\n<p>Oralba Castillo N\u00e1jera, Red morelense de apoyo al CNI y CIG, Morelos.<\/p>\n\n\n\n<p>Perla O. Fragoso Lugo, antrop\u00f3loga social. Chiapas.<\/p>\n\n\n\n<p>Rebeca Francisca Lara Flores, antrop\u00f3loga feminista, Chiapas.&nbsp;<\/p>\n\n\n\n<p>Rocio Martinez, Ts&#8217;ujul, historiadora, Chiapas.<\/p>\n\n\n\n<p>Rosa Esther Rosano Rodr\u00edguez, Oaxaca.<\/p>\n\n\n\n<p>Rosa L\u00f3pez Santiz, defensora de derechos humanos, Chiapas.<\/p>\n\n\n\n<p>Rosa Luz P\u00e9rez Espinoza, soci\u00f3loga, Chiapas.<\/p>\n\n\n\n<p>Rosa Paulina Res\u00e9ndiz Flores, Baja California.<\/p>\n\n\n\n<p>Rosalba Estanislao Guti\u00e9rrez, Estado de M\u00e9xico.<\/p>\n\n\n\n<p>Sandra Estrada Cano, Estado de M\u00e9xico.<\/p>\n\n\n\n<p>Sashenka Fierro Resendiz, Baja California.<\/p>\n\n\n\n<p>Siria Garibay Marr\u00f3n, Baja California.<\/p>\n\n\n\n<p>Stella Maris Figueroa, Chiapas.<\/p>\n\n\n\n<p>Tamara Faro Aguilar, Chiapas.<\/p>\n\n\n\n<p>Tania Mitzi Gallaga Hern\u00e1ndez, Baja California.<\/p>\n\n\n\n<p>Valentina Leduc, documentalista, CDMX.<\/p>\n\n\n\n<p>Vanessa Guadalupe V\u00e1zquez Ortiz, Estado de M\u00e9xico.<\/p>\n\n\n\n<p>Yalina Montes Cruz, profesora jubilada. Chiapas.<\/p>\n\n\n\n<p>Yolanda Nime, M\u00e9xico.<\/p>\n\n\n\n<p><strong>Firmas internacionales de organizaciones y colectivxs:<\/strong><\/p>\n\n\n\n<p>Asamblea de Mujeres y Disidencias del Movimiento por el Agua y los Territorios MAT, Chile.<\/p>\n\n\n\n<p>Barr\u00eda Aut\u00f3noma Disidente Trasnacional M\u00e9xico- USA.<\/p>\n\n\n\n<p>Colectiva de Mujeres Arpilleristas de Francia.<\/p>\n\n\n\n<p>Comit\u00e9 de mujeres Chiapas &#8211; Kurdist\u00e1n.<\/p>\n\n\n\n<p>Cooperativa Agr\u00edcola de Pau Brasil.<\/p>\n\n\n\n<p>Feminismo Comunitario Antipatriarcal, Bolivia.<\/p>\n\n\n\n<p>Hackeo cultural, Mesoam\u00e9rica.<\/p>\n\n\n\n<p>Instituto ECOBAHIA, Brasil.<\/p>\n\n\n\n<p>Instituto Pau, Brasil.<\/p>\n\n\n\n<p>La Revuelta, Grupo de econom\u00eda feminista emancipatoria, AbyaYala.<\/p>\n\n\n\n<p>Las Cabras del Cerro, Valpara\u00edso, Chile.<\/p>\n\n\n\n<p>Mujeres y disidencias de la Sexta en la Otra Europa y Abya Yala, Red de Resistencia y Rebeld\u00eda.<\/p>\n\n\n\n<p>N\u00facleo de Agroecolog\u00eda e Permacutura de Universidades Estadual do Sudoeste da Bah\u00eda.<\/p>\n\n\n\n<p>Red Futuros Ind\u00edgenas, Abya Yala.<\/p>\n\n\n\n<p><strong>Firmas internacionales individuales:<\/strong><\/p>\n\n\n\n<p>Adriana Guzm\u00e1n Arroyo, Feminista Comunitaria, Bolivia.<\/p>\n\n\n\n<p>Adriana Luna, Marsella, Francia.<\/p>\n\n\n\n<p>Andrea Ixchi\u00fa, maya k\u00b4\u00edche, defensora y comunicadora, Totonicap\u00e1n, Guatemala.<\/p>\n\n\n\n<p>Antonieta Pardo Alarcon, Grenoble, Francia.<\/p>\n\n\n\n<p>Br\u00edgida Salgado<em>,&nbsp;<\/em>Escola das \u00c1guas Nascentes, Associa\u00e7\u00e3o das Caiporas, Brasil.<\/p>\n\n\n\n<p>Cyb\u00e8le David, maestra y sindicalista. Sud Solidaires, Francia.<\/p>\n\n\n\n<p>Hortensia In\u00e9s, activista en Sindicato Solidaires Francia.<\/p>\n\n\n\n<p>Jeanne Daniellot, Francia.<\/p>\n\n\n\n<p>Jules Falquet, soci\u00f3loga. Francia.<\/p>\n\n\n\n<p>Juliette Duquesne, Carnets d\u00b4alerte, periodista, Francia.<\/p>\n\n\n\n<p>Liliana Huljich, Red de solidaridad con Chiapas de Rosario, Argentina.<\/p>\n\n\n\n<p>Maria Luiza Raberes Ara\u00fajo, Coletivo Buranh\u00e9m, Porto Seguro e regi\u00e3o, Bahia, Brasil.<\/p>\n\n\n\n<p>M\u00f3nica Hern\u00e1ndez Rej\u00f3n, Malm\u00f6, Suecia.<\/p>\n\n\n\n<p>Nuvia Alarcon, Grenoble, Francia.<\/p>\n\n\n\n<p>Rozilene Lemos de Oliveira, MLT &#8211; Movimento de Luta pela Terra, Eun\u00e1polis, Bahia, Brasil.<\/p>\n\n\n\n<p>Suzana Raberes Rocha, NUPOMAR &#8211; N\u00facleo de Pesquisa, M\u00eddias e Arte, Camac\u00e3, Bahia, Brasil.<\/p>\n\n\n\n<p>Violeta Gallardo, activista en Sindicato Solidaires Francia.<\/p>\n\n\n<div class=\"wp-block-image\">\n<figure class=\"aligncenter size-large\"><img loading=\"lazy\" decoding=\"async\" width=\"704\" height=\"1024\" src=\"https:\/\/radiozapatista.org\/wp-content\/uploads\/2025\/10\/comun1-704x1024.jpeg\" alt=\"\" class=\"wp-image-52562\" srcset=\"https:\/\/radiozapatista.org\/wp-content\/uploads\/2025\/10\/comun1-704x1024.jpeg 704w, https:\/\/radiozapatista.org\/wp-content\/uploads\/2025\/10\/comun1-206x300.jpeg 206w, https:\/\/radiozapatista.org\/wp-content\/uploads\/2025\/10\/comun1-768x1117.jpeg 768w, https:\/\/radiozapatista.org\/wp-content\/uploads\/2025\/10\/comun1.jpeg 1000w\" sizes=\"auto, (max-width: 704px) 100vw, 704px\" \/><\/figure>\n<\/div>","protected":false},"excerpt":{"rendered":"<p>Jornadas de lucha y resistencia en defensa del Com\u00fan y en contra de la Guerra a los Pueblos Zapatistas 06 de octubre de 2025 CLAUDIA SHEINBAUM PARDO Presidenta de M\u00e9xico: Nosotras, mujeres y disidencias de distintos estratos econ\u00f3micos, distintas geograf\u00edas, culturas, lenguas y colores, organizadas y no organizadas, sentimos en nuestro coraz\u00f3n el dolor de [&hellip;]<\/p>\n","protected":false},"author":1,"featured_media":52561,"comment_status":"open","ping_status":"closed","sticky":false,"template":"","format":"standard","meta":{"footnotes":""},"categories":[957,51,6,955,954,961,953],"tags":[1288,917,1549,926,147,41],"class_list":["post-52558","post","type-post","status-publish","format-standard","has-post-thumbnail","hentry","category-autonomia","category-autor","category-chiapas","category-ezln-temas","category-mexico","category-mujeres","category-mundo","tag-4t","tag-chiapas","tag-disidencias","tag-ezln","tag-militarizacion","tag-mujeres"],"_links":{"self":[{"href":"https:\/\/radiozapatista.org\/index.php?rest_route=\/wp\/v2\/posts\/52558","targetHints":{"allow":["GET"]}}],"collection":[{"href":"https:\/\/radiozapatista.org\/index.php?rest_route=\/wp\/v2\/posts"}],"about":[{"href":"https:\/\/radiozapatista.org\/index.php?rest_route=\/wp\/v2\/types\/post"}],"author":[{"embeddable":true,"href":"https:\/\/radiozapatista.org\/index.php?rest_route=\/wp\/v2\/users\/1"}],"replies":[{"embeddable":true,"href":"https:\/\/radiozapatista.org\/index.php?rest_route=%2Fwp%2Fv2%2Fcomments&post=52558"}],"version-history":[{"count":7,"href":"https:\/\/radiozapatista.org\/index.php?rest_route=\/wp\/v2\/posts\/52558\/revisions"}],"predecessor-version":[{"id":52569,"href":"https:\/\/radiozapatista.org\/index.php?rest_route=\/wp\/v2\/posts\/52558\/revisions\/52569"}],"wp:featuredmedia":[{"embeddable":true,"href":"https:\/\/radiozapatista.org\/index.php?rest_route=\/wp\/v2\/media\/52561"}],"wp:attachment":[{"href":"https:\/\/radiozapatista.org\/index.php?rest_route=%2Fwp%2Fv2%2Fmedia&parent=52558"}],"wp:term":[{"taxonomy":"category","embeddable":true,"href":"https:\/\/radiozapatista.org\/index.php?rest_route=%2Fwp%2Fv2%2Fcategories&post=52558"},{"taxonomy":"post_tag","embeddable":true,"href":"https:\/\/radiozapatista.org\/index.php?rest_route=%2Fwp%2Fv2%2Ftags&post=52558"}],"curies":[{"name":"wp","href":"https:\/\/api.w.org\/{rel}","templated":true}]}}