{"id":52491,"date":"2025-10-02T05:58:31","date_gmt":"2025-10-02T11:58:31","guid":{"rendered":"https:\/\/radiozapatista.org\/?p=52491"},"modified":"2025-10-02T06:00:17","modified_gmt":"2025-10-02T12:00:17","slug":"actualizaciones-de-la-global-sumud-flotilla-tras-la-intercepcion-ilegal-y-secuestro-de-voluntarios","status":"publish","type":"post","link":"https:\/\/radiozapatista.org\/?p=52491","title":{"rendered":"Actualizaciones de la Global Sumud Flotilla tras la intercepci\u00f3n ilegal y secuestro de voluntarios"},"content":{"rendered":"<p><strong>ACTUALIZACIONES DE LA FLOTILLA GLOBAL SUMUD TRAS LA INTERCEPCI\u00d3N ILEGAL Y SECUESTRO DE VOLUNTARIOS<\/strong><br><strong>2 de octubre de 2025<\/strong><\/p>\n\n\n\n<p><strong>MAR MEDITERR\u00c1NEO<\/strong> \u2013 Despu\u00e9s de que las fuerzas navales de ocupaci\u00f3n israel\u00ed interceptaran ilegalmente los barcos de la Flotilla Global Sumud \u2014una caravana pac\u00edfica y no violenta que transportaba alimentos, f\u00f3rmula para beb\u00e9s, medicinas y voluntarios de 47 pa\u00edses hacia Gaza\u2014, cientos de participantes han sido secuestrados y, seg\u00fan informes, llevados a bordo del gran buque naval <strong>MSC Johannesburg<\/strong>. Esto ocurri\u00f3 despu\u00e9s de que fueran atacados con ca\u00f1ones de agua, rociados con agua pestilente y se les bloquearan sistem\u00e1ticamente las comunicaciones, en otro acto m\u00e1s de agresi\u00f3n contra civiles desarmados.<\/p>\n\n\n\n<p>Adem\u00e1s, se inform\u00f3 que varios barcos fueron detenidos por una especie de barrera en forma de cadena en aguas internacionales, donde Israel no tiene jurisdicci\u00f3n, al igual que no la tiene sobre las aguas y la costa de Gaza, lo que agrava a\u00fan m\u00e1s los cr\u00edmenes de guerra y el bloqueo ilegal en curso por parte de Israel.<\/p>\n\n\n\n<p>Los abogados de <strong>Adalah<\/strong>, que representan a los participantes de la flotilla ante las autoridades israel\u00edes, han recibido actualizaciones m\u00ednimas y no se les ha informado si los aproximadamente <strong>443 voluntarios<\/strong> de la flotilla, que fueron retirados por la fuerza de sus embarcaciones, llegar\u00e1n a <strong>Ashdod<\/strong>, donde se espera que sean procesados bajo una detenci\u00f3n ilegal.<\/p>\n\n\n\n<p>Este es un <strong>secuestro ilegal<\/strong>, en <strong>violaci\u00f3n directa del derecho internacional<\/strong> y de los <strong>derechos humanos fundamentales<\/strong>. Interceptar embarcaciones humanitarias en aguas internacionales es un <strong>crimen de guerra<\/strong>; negar acceso a asesor\u00eda legal y ocultar el paradero de los detenidos agrava a\u00fan m\u00e1s ese crimen. <strong>Exigimos que los gobiernos, l\u00edderes mundiales e instituciones internacionales intervengan de inmediato para obtener informaci\u00f3n sobre los participantes desaparecidos, garantizar su seguridad y exigir su liberaci\u00f3n inmediata.<\/strong><\/p>\n\n\n\n<p>Nuestro compromiso sigue siendo claro: <strong>romper el sitio ilegal de Israel y poner fin al genocidio en curso contra el pueblo palestino<\/strong>. Cada acto de represi\u00f3n contra nuestra flotilla, cada escalada de violencia en Gaza y cada intento de reprimir las acciones de solidaridad no hacen m\u00e1s que <strong>fortalecer nuestra determinaci\u00f3n<\/strong>.<\/p>\n\n\n\n<p>El barco <strong>Mikeno<\/strong>, que navega bajo bandera francesa, puede haber entrado en aguas territoriales palestinas seg\u00fan datos del AIS, pero actualmente est\u00e1 fuera de contacto. El <strong>Marinette<\/strong>, bajo bandera polaca, a\u00fan mantiene conexi\u00f3n v\u00eda Starlink y est\u00e1 en comunicaci\u00f3n, con un total de <strong>6 pasajeros a bordo<\/strong>.<\/p>\n\n\n\n<h3 class=\"wp-block-heading\">Las siguientes embarcaciones han sido confirmadas como interceptadas ilegalmente:<\/h3>\n\n\n\n<ul class=\"wp-block-list\">\n<li>Free Willy \u2013 Bandera de Polonia<\/li>\n\n\n\n<li>Captain Nikos \u2013 Bandera de Polonia<\/li>\n\n\n\n<li>Florida \u2013 Bandera de Polonia<\/li>\n\n\n\n<li>All In \u2013 Bandera de Francia<\/li>\n\n\n\n<li>Karma<\/li>\n\n\n\n<li>Oxygono \u2013 Bandera de Polonia<\/li>\n\n\n\n<li>Mohammad Bhar \u2013 Bandera de los Pa\u00edses Bajos<\/li>\n\n\n\n<li>Jeannot \u2013 Bandera de Espa\u00f1a<\/li>\n\n\n\n<li>Seulle \u2013 Bandera de Polonia<\/li>\n\n\n\n<li>Hio \u2013 Bandera de Polonia<\/li>\n\n\n\n<li>Morgana \u2013 Bandera de Italia<\/li>\n\n\n\n<li>Otaria \u2013 Bandera de Italia<\/li>\n\n\n\n<li>Grande Blu \u2013 Bandera de Polonia<\/li>\n\n\n\n<li>Deir Yassine \u2013 Bandera de Argelia<\/li>\n\n\n\n<li>Huga \u2013 Bandera de Polonia<\/li>\n\n\n\n<li>Aurora \u2013 Bandera de Italia<\/li>\n\n\n\n<li>Yulara \u2013 Bandera de Espa\u00f1a<\/li>\n\n\n\n<li>Spectre \u2013 Bandera de Espa\u00f1a<\/li>\n\n\n\n<li>Adara \u2013 Bandera de Espa\u00f1a<\/li>\n\n\n\n<li>Alma \u2013 Bandera del Reino Unido<\/li>\n\n\n\n<li>Sirius \u2013 Bandera del Reino Unido<\/li>\n<\/ul>\n\n\n\n<h3 class=\"wp-block-heading\">Las siguientes embarcaciones perdieron contacto hace varias horas y se presume que han sido interceptadas ilegalmente:<\/h3>\n\n\n\n<ul class=\"wp-block-list\">\n<li>MiaMia \u2013 Bandera de Italia<\/li>\n\n\n\n<li>Vangleis \u2013 Bandera de Polonia<\/li>\n\n\n\n<li>Pavlos \u2013 Bandera de Polonia<\/li>\n\n\n\n<li>Wahoo \u2013 Bandera de Polonia<\/li>\n\n\n\n<li>Inana \u2013 Bandera del Reino Unido<\/li>\n\n\n\n<li>Maria \u2013 Bandera de Italia<\/li>\n\n\n\n<li>Alakatalla \u2013 Bandera de Italia<\/li>\n\n\n\n<li>Meteque \u2013 Bandera de Italia<\/li>\n\n\n\n<li>Mango \u2013 Bandera de Polonia<\/li>\n\n\n\n<li>Adagio \u2013 Bandera de Espa\u00f1a<\/li>\n\n\n\n<li>Ahed Tamimi \u2013 Bandera de Polonia<\/li>\n\n\n\n<li>Australe \u2013 Bandera de Polonia<\/li>\n\n\n\n<li>Amsterdam \u2013 Bandera de Pa\u00edses Bajos<\/li>\n\n\n\n<li>Ohwayla \u2013 Bandera del Reino Unido<\/li>\n\n\n\n<li>Selvaggia \u2013 Bandera de Italia<\/li>\n\n\n\n<li>Catalina \u2013 Bandera de Alemania<\/li>\n\n\n\n<li>Estrella \u2013 Bandera de Espa\u00f1a<\/li>\n\n\n\n<li>Fair Lady \u2013 Bandera de Italia<\/li>\n<\/ul>\n\n\n\n<p><strong>Contacto para medios:<\/strong><br><strong>Hasina Kathrada:<\/strong> +44 1414 620 950<br><strong>Correo:<\/strong> <a>media@globalsumudflotilla.org<\/a><br><strong>Instagram\/Telegram:<\/strong> @globalsumudflotilla<\/p>","protected":false},"excerpt":{"rendered":"<p>ACTUALIZACIONES DE LA FLOTILLA GLOBAL SUMUD TRAS LA INTERCEPCI\u00d3N ILEGAL Y SECUESTRO DE VOLUNTARIOS2 de octubre de 2025 MAR MEDITERR\u00c1NEO \u2013 Despu\u00e9s de que las fuerzas navales de ocupaci\u00f3n israel\u00ed interceptaran ilegalmente los barcos de la Flotilla Global Sumud \u2014una caravana pac\u00edfica y no violenta que transportaba alimentos, f\u00f3rmula para beb\u00e9s, medicinas y voluntarios de [&hellip;]<\/p>\n","protected":false},"author":1,"featured_media":52492,"comment_status":"open","ping_status":"closed","sticky":false,"template":"","format":"standard","meta":{"footnotes":""},"categories":[826,953,1327],"tags":[1103,1537,112,27],"class_list":["post-52491","post","type-post","status-publish","format-standard","has-post-thumbnail","hentry","category-medios-libres-2","category-mundo","category-palestina","tag-gaza","tag-globalsumudflotilla","tag-palestina","tag-solidaridad"],"_links":{"self":[{"href":"https:\/\/radiozapatista.org\/index.php?rest_route=\/wp\/v2\/posts\/52491","targetHints":{"allow":["GET"]}}],"collection":[{"href":"https:\/\/radiozapatista.org\/index.php?rest_route=\/wp\/v2\/posts"}],"about":[{"href":"https:\/\/radiozapatista.org\/index.php?rest_route=\/wp\/v2\/types\/post"}],"author":[{"embeddable":true,"href":"https:\/\/radiozapatista.org\/index.php?rest_route=\/wp\/v2\/users\/1"}],"replies":[{"embeddable":true,"href":"https:\/\/radiozapatista.org\/index.php?rest_route=%2Fwp%2Fv2%2Fcomments&post=52491"}],"version-history":[{"count":2,"href":"https:\/\/radiozapatista.org\/index.php?rest_route=\/wp\/v2\/posts\/52491\/revisions"}],"predecessor-version":[{"id":52494,"href":"https:\/\/radiozapatista.org\/index.php?rest_route=\/wp\/v2\/posts\/52491\/revisions\/52494"}],"wp:featuredmedia":[{"embeddable":true,"href":"https:\/\/radiozapatista.org\/index.php?rest_route=\/wp\/v2\/media\/52492"}],"wp:attachment":[{"href":"https:\/\/radiozapatista.org\/index.php?rest_route=%2Fwp%2Fv2%2Fmedia&parent=52491"}],"wp:term":[{"taxonomy":"category","embeddable":true,"href":"https:\/\/radiozapatista.org\/index.php?rest_route=%2Fwp%2Fv2%2Fcategories&post=52491"},{"taxonomy":"post_tag","embeddable":true,"href":"https:\/\/radiozapatista.org\/index.php?rest_route=%2Fwp%2Fv2%2Ftags&post=52491"}],"curies":[{"name":"wp","href":"https:\/\/api.w.org\/{rel}","templated":true}]}}