{"id":52482,"date":"2025-10-01T15:30:33","date_gmt":"2025-10-01T21:30:33","guid":{"rendered":"https:\/\/radiozapatista.org\/?p=52482"},"modified":"2025-10-01T15:30:34","modified_gmt":"2025-10-01T21:30:34","slug":"la-asociacion-civica-mexicanos-unidos-condena-intercepcion-de-la-flotilla-global-sumud","status":"publish","type":"post","link":"https:\/\/radiozapatista.org\/?p=52482","title":{"rendered":"La asociaci\u00f3n c\u00edvica Mexicanos Unidos condena intercepci\u00f3n de la Flotilla Global Sumud"},"content":{"rendered":"\n<h4 class=\"wp-block-heading has-text-align-center\">Condenamos la intercepci\u00f3n a la Flotilla Global Sumud y el secuestro de los activistas<\/h4>\n\n\n\n<p>La asociaci\u00f3n c\u00edvica Mexicanos Unidos condena el nuevo crimen de guerra cometido hace unos minutos por el r\u00e9gimen genocida de Israel.<\/p>\n\n\n\n<p>Han interceptado a los barcos de la Flotilla Global Sumud en aguas internacionales, lo que constituye una nueva violaci\u00f3n del derecho internacional y del derecho internacional humanitario. Hasta el momento de escribir esto, han secuestrado a los participantes a bordo de tres de las embarcaciones, en un operativo militar contra una flotilla que llevaba tan solo ayuda humanitaria a la poblaci\u00f3n de Gaza.<\/p>\n\n\n\n<p>Sobra aclarar que, m\u00e1s all\u00e1 de que el secuestro se est\u00e1 dando en aguas internacionales, los activistas se dirig\u00edan a las costas de Gaza. Israel no tiene autoridad ni en Gaza ni en sus aguas territoriales.<\/p>\n\n\n\n<p>Denunciamos al r\u00e9gimen genocida dirigido por Benzion Mileikovski, alias Benjam\u00edn Netanyahu y exigimos la liberaci\u00f3n inmediata de todos los compa\u00f1eros secuestrados.<\/p>\n\n\n\n<p>Demandamos al gobierno encabezado por la Dra. Claudia Sheinbaum emitir a la brevedad una condena a este nuevo atentado contra la humanidad.<\/p>\n\n\n\n<p>En particular, le demandamos el apoyo inmediato por la v\u00eda de los hechos a los mexicanos participantes en la flotilla y dejar de ser c\u00f3mplice con ese r\u00e9gimen genocida, suspendiendo de inmediato el tratado de libre comercio con esa entidad, cancelando todos los contratos con empresas e instituciones israel\u00edes o de sus representantes y rompiendo relaciones comerciales, culturales, acad\u00e9micas y militares.<\/p>\n\n\n\n<p>Esto no es un asunto de pol\u00edtica interna de ning\u00fan estado, es una violaci\u00f3n flagrante al derecho internacional.<\/p>\n\n\n\n<p>As\u00ed mismo, exigimos la adhesi\u00f3n de M\u00e9xico al Grupo de la Haya.<\/p>\n\n\n\n<p>Requerimos la remoci\u00f3n del Secretario de Relaciones Exteriores por sus probados nexos con el r\u00e9gimen criminal, lo que provoca serias dudas sobre su actuaci\u00f3n \u00e9tica frente al genocidio que ha sido ya reconocido por el gobierno de M\u00e9xico.<\/p>\n\n\n\n<p>\u00a1Sanciones a Israel, ya!<\/p>\n\n\n\n<p>\u00a1Libertad inmediata a los integrantes de la Flotilla Sumud!<\/p>\n\n\n\n<p>M\u00e9xico, 1 de octubre de 2025<\/p>\n","protected":false},"excerpt":{"rendered":"<p>Condenamos la intercepci\u00f3n a la Flotilla Global Sumud y el secuestro de los activistas La asociaci\u00f3n c\u00edvica Mexicanos Unidos condena el nuevo crimen de guerra cometido hace unos minutos por el r\u00e9gimen genocida de Israel. Han interceptado a los barcos de la Flotilla Global Sumud en aguas internacionales, lo que constituye una nueva violaci\u00f3n del [&hellip;]<\/p>\n","protected":false},"author":1,"featured_media":52483,"comment_status":"open","ping_status":"closed","sticky":false,"template":"","format":"standard","meta":{"footnotes":""},"categories":[826,954,953,1327],"tags":[],"class_list":["post-52482","post","type-post","status-publish","format-standard","has-post-thumbnail","hentry","category-medios-libres-2","category-mexico","category-mundo","category-palestina"],"_links":{"self":[{"href":"https:\/\/radiozapatista.org\/index.php?rest_route=\/wp\/v2\/posts\/52482","targetHints":{"allow":["GET"]}}],"collection":[{"href":"https:\/\/radiozapatista.org\/index.php?rest_route=\/wp\/v2\/posts"}],"about":[{"href":"https:\/\/radiozapatista.org\/index.php?rest_route=\/wp\/v2\/types\/post"}],"author":[{"embeddable":true,"href":"https:\/\/radiozapatista.org\/index.php?rest_route=\/wp\/v2\/users\/1"}],"replies":[{"embeddable":true,"href":"https:\/\/radiozapatista.org\/index.php?rest_route=%2Fwp%2Fv2%2Fcomments&post=52482"}],"version-history":[{"count":1,"href":"https:\/\/radiozapatista.org\/index.php?rest_route=\/wp\/v2\/posts\/52482\/revisions"}],"predecessor-version":[{"id":52484,"href":"https:\/\/radiozapatista.org\/index.php?rest_route=\/wp\/v2\/posts\/52482\/revisions\/52484"}],"wp:featuredmedia":[{"embeddable":true,"href":"https:\/\/radiozapatista.org\/index.php?rest_route=\/wp\/v2\/media\/52483"}],"wp:attachment":[{"href":"https:\/\/radiozapatista.org\/index.php?rest_route=%2Fwp%2Fv2%2Fmedia&parent=52482"}],"wp:term":[{"taxonomy":"category","embeddable":true,"href":"https:\/\/radiozapatista.org\/index.php?rest_route=%2Fwp%2Fv2%2Fcategories&post=52482"},{"taxonomy":"post_tag","embeddable":true,"href":"https:\/\/radiozapatista.org\/index.php?rest_route=%2Fwp%2Fv2%2Ftags&post=52482"}],"curies":[{"name":"wp","href":"https:\/\/api.w.org\/{rel}","templated":true}]}}