{"id":52471,"date":"2025-10-01T14:11:13","date_gmt":"2025-10-01T20:11:13","guid":{"rendered":"https:\/\/radiozapatista.org\/?p=52471"},"modified":"2025-10-01T14:24:20","modified_gmt":"2025-10-01T20:24:20","slug":"urgente-ejercito-israeli-intercepta-la-global-sumud-flotilla","status":"publish","type":"post","link":"https:\/\/radiozapatista.org\/?p=52471","title":{"rendered":"URGENTE: Marina israel\u00ed intercepta la Global Sumud Flotilla"},"content":{"rendered":"\n<p>Por lo menos tres embarcaciones de la Global Sumud Flotilla fueron interceptadas y abordadas por las fuerzas navales israel\u00edes en aguas internacionales, en una clara violaci\u00f3n de la legislaci\u00f3n internacional. Adem\u00e1s, se perdi\u00f3 la comunicaci\u00f3n con otras embarcaciones y se teme que tambi\u00e9n hayan sido interceptadas. <\/p>\n\n\n\n<p>Aqu\u00ed el comunicado urgente de la Global Sumud Flotilla:<\/p>\n\n\n\n<hr class=\"wp-block-separator has-alpha-channel-opacity\"\/>\n\n\n\n<p class=\"has-text-align-center\"><strong>URGENTE: LA FLOTILLA GLOBAL SUMUD INTERCEPTADA POR FUERZAS NAVALES ISRAEL\u00cdES<\/strong><br><strong>1 de octubre de 2025<\/strong><\/p>\n\n\n\n<p>El mi\u00e9rcoles 1 de octubre de 2025, alrededor de las 8:30 p.m. hora de Gaza, m\u00faltiples embarcaciones de la Flotilla Global Sumud \u2014notablemente <em>Alma<\/em>, <em>Surius<\/em> y <em>Adara<\/em>\u2014 fueron interceptadas y abordadas ilegalmente por las Fuerzas de Ocupaci\u00f3n Israel\u00edes en aguas internacionales.<\/p>\n\n\n\n<p>Antes de abordar ilegalmente los barcos, parece que los buques navales israel\u00edes da\u00f1aron intencionalmente los sistemas de comunicaci\u00f3n de las embarcaciones, en un intento de bloquear se\u00f1ales de socorro y detener la transmisi\u00f3n en vivo del abordaje ilegal.<\/p>\n\n\n\n<p>Adem\u00e1s de las embarcaciones cuya interceptaci\u00f3n ha sido confirmada, se ha perdido la transmisi\u00f3n en vivo y la comunicaci\u00f3n con varios otros barcos. Estamos trabajando con diligencia para ubicar a todos los participantes y tripulaci\u00f3n. Compartiremos actualizaciones en cuanto tengamos informaci\u00f3n confirmada sobre el estado de las embarcaciones, detenciones, heridos y posibles v\u00edctimas fatales.<\/p>\n\n\n\n<p>Este es un ataque ilegal contra humanitarios desarmados en aguas internacionales. Hacemos un llamado a los gobiernos, l\u00edderes mundiales e instituciones internacionales para que exijan la seguridad y liberaci\u00f3n de todos los que est\u00e1n a bordo y contin\u00faen monitoreando de cerca esta situaci\u00f3n.<\/p>\n\n\n\n<p>A pesar de la interceptaci\u00f3n de algunas embarcaciones, la Flotilla Global Sumud se encuentra a 70 millas n\u00e1uticas de la costa de Gaza y continuar\u00e1 su camino sin ser disuadida.<\/p>\n\n\n\n<hr class=\"wp-block-separator has-alpha-channel-opacity\"\/>\n\n\n\n<p>Antes de la acci\u00f3n, se dio este intercambio entre las fuerzas de Israel y Thiago \u00c1vila, del comit\u00e9 directivo de la Flotilla:<\/p>\n\n\n<p>[podcast]https:\/\/radiozapatista.org\/wp-content\/uploads\/2025\/10\/080101-008.mp3[\/podcast]<\/p>\n\n\n\n<blockquote class=\"wp-block-quote is-layout-flow wp-block-quote-is-layout-flow\">\n<p>Ej\u00e9rcito israel\u00ed:<br> &#8230;est\u00e1n entrando a una zona de guerra activa. Si intentan romper el bloqueo naval, vamos a detener sus naves y a actuar para confiscarlas mediante procedimientos legales en la Corte. Ustedes tendr\u00e1n la responsabilidad total de sus acciones.<\/p>\n\n\n\n<p>Thiago \u00c1vila:<br>Dicen que estamos entrando en una zona de guerra activa. Dicen que estamos entrando en un lugar donde se est\u00e1n cometiendo cr\u00edmenes de guerra. Esto es contra la ley internacional.<\/p>\n\n\n\n<p>Una vez m\u00e1s, la Corte Internacional de Justicia emiti\u00f3 una ley provisional en la que cualquier intento de impedir una misi\u00f3n humanitaria a Gaza est\u00e1 prohibido por la ley internacional y se cumple con la solicitud de hacerse responsable del crimen de genocidio. La Corte Internacional de Justicia tiene una orden de arresto activa contra su primer ministro, Benjam\u00edn Netanyahu, por el crimen de provocar la inanici\u00f3n de ni\u00f1os y de matar de hambre a las personas, usando la hambruna y la enfermedad como armas de guerra. Por lo tanto, es nuestro deber moral seguir navegando.<\/p>\n\n\n\n<p>Es nuestro deber moral rechazar cualquier intento por parte de una fuerza de ocupaci\u00f3n de controlar la ayuda humanitaria para los palestinos en Gaza, que tienen el derecho a su soberan\u00eda, que tienen el derecho a su autodeterminaci\u00f3n y a controlar sus propias fronteras. Por lo tanto, no os reconocemos como un agente leg\u00edtimo para controlar cualquier intento de ayudar a los palestinos en Gaza. Les pedimos que eviten cometer otro crimen de guerra entre tantos que han cometido y que no se acercen.<\/p>\n\n\n\n<p>No se acercen a nuestra misi\u00f3n de solidaridad pac\u00edfica, no violenta y humanitaria para los palestinos en Gaza.<\/p>\n<\/blockquote>\n","protected":false},"excerpt":{"rendered":"<p>Por lo menos tres embarcaciones de la Global Sumud Flotilla fueron interceptadas y abordadas por las fuerzas navales israel\u00edes en aguas internacionales, en una clara violaci\u00f3n de la legislaci\u00f3n internacional. Adem\u00e1s, se perdi\u00f3 la comunicaci\u00f3n con otras embarcaciones y se teme que tambi\u00e9n hayan sido interceptadas. Aqu\u00ed el comunicado urgente de la Global Sumud Flotilla: [&hellip;]<\/p>\n","protected":false},"author":1,"featured_media":52477,"comment_status":"open","ping_status":"closed","sticky":false,"template":"","format":"standard","meta":{"footnotes":""},"categories":[953,1327,190],"tags":[1548,1103,112,27],"class_list":["post-52471","post","type-post","status-publish","format-standard","has-post-thumbnail","hentry","category-mundo","category-palestina","category-radiozapatista","tag-global-sumud-flotilla","tag-gaza","tag-palestina","tag-solidaridad"],"_links":{"self":[{"href":"https:\/\/radiozapatista.org\/index.php?rest_route=\/wp\/v2\/posts\/52471","targetHints":{"allow":["GET"]}}],"collection":[{"href":"https:\/\/radiozapatista.org\/index.php?rest_route=\/wp\/v2\/posts"}],"about":[{"href":"https:\/\/radiozapatista.org\/index.php?rest_route=\/wp\/v2\/types\/post"}],"author":[{"embeddable":true,"href":"https:\/\/radiozapatista.org\/index.php?rest_route=\/wp\/v2\/users\/1"}],"replies":[{"embeddable":true,"href":"https:\/\/radiozapatista.org\/index.php?rest_route=%2Fwp%2Fv2%2Fcomments&post=52471"}],"version-history":[{"count":5,"href":"https:\/\/radiozapatista.org\/index.php?rest_route=\/wp\/v2\/posts\/52471\/revisions"}],"predecessor-version":[{"id":52478,"href":"https:\/\/radiozapatista.org\/index.php?rest_route=\/wp\/v2\/posts\/52471\/revisions\/52478"}],"wp:featuredmedia":[{"embeddable":true,"href":"https:\/\/radiozapatista.org\/index.php?rest_route=\/wp\/v2\/media\/52477"}],"wp:attachment":[{"href":"https:\/\/radiozapatista.org\/index.php?rest_route=%2Fwp%2Fv2%2Fmedia&parent=52471"}],"wp:term":[{"taxonomy":"category","embeddable":true,"href":"https:\/\/radiozapatista.org\/index.php?rest_route=%2Fwp%2Fv2%2Fcategories&post=52471"},{"taxonomy":"post_tag","embeddable":true,"href":"https:\/\/radiozapatista.org\/index.php?rest_route=%2Fwp%2Fv2%2Ftags&post=52471"}],"curies":[{"name":"wp","href":"https:\/\/api.w.org\/{rel}","templated":true}]}}