{"id":52469,"date":"2025-10-01T12:27:43","date_gmt":"2025-10-01T18:27:43","guid":{"rendered":"https:\/\/radiozapatista.org\/?p=52469"},"modified":"2025-10-01T12:27:44","modified_gmt":"2025-10-01T18:27:44","slug":"pronunciamiento-de-personas-y-colectivos-que-suscriben-la-declaracion-x-la-vida-en-contra-del-brutal-genocidio-en-gaza-y-la-ocupacion-ilegal-y-asesina-en-cisjordania","status":"publish","type":"post","link":"https:\/\/radiozapatista.org\/?p=52469","title":{"rendered":"Pronunciamiento de personas y colectivos que suscriben la Declaraci\u00f3n x la vida en contra del brutal genocidio en Gaza y la ocupaci\u00f3n ilegal y asesina en Cisjordania"},"content":{"rendered":"<div class=\"wp-block-image\">\n<figure class=\"aligncenter\"><img decoding=\"async\" src=\"https:\/\/i0.wp.com\/enlacezapatista.ezln.org.mx\/wp-content\/uploads\/2025\/09\/chiapasLogo.png?resize=268%2C132&amp;ssl=1\" alt=\"\" class=\"wp-image-25634\"\/><\/figure>\n<\/div>\n\n\n<p class=\"has-text-align-center\"><strong>Pronunciamiento en contra del brutal genocidio en Gaza y la ocupaci\u00f3n ilegal y asesina en Cisjordania<\/strong><\/p>\n\n\n\n<p>A los hermanos y hermanas palestinas,<br>A las y los firmantes de la Declaraci\u00f3n por la vida,<br>Al mundo despierto ante el brutal genocidio ahora naturalizado por las grandes potencias,&nbsp;<\/p>\n\n\n\n<p>Lxs abajo firmantes, una parte peque\u00f1a de las personas y colectivos que suscribimos la Declaraci\u00f3n x la vida desde el lugar llamado M\u00e9xico nos sumamos al clamor mundial de indignaci\u00f3n y rabia contra el brutal genocidio del estado de Israel en Gaza y la ocupaci\u00f3n ilegal y asesina en Cisjordania.<\/p>\n\n\n\n<p>Nos sumamos a la indignaci\u00f3n y rabia de pueblos del mundo contra el descarado respaldo de los gobiernos de Estados Unidos y Europa al genocidio y contra el cobarde silencio c\u00f3mplice de la enorme mayor\u00eda de los gobiernos del mundo, incluyendo el de M\u00e9xico.<\/p>\n\n\n\n<p>Es indignaci\u00f3n contra una atrocidad para la cual no encontramos palabras para describir y denunciar.&nbsp;<\/p>\n\n\n\n<p>Hacemos totalmente nuestra la consigna tod@s somos Gaza en el doble sentido de hermandad con los pueblos que en los cinco continentes se levantan contra las atrocidades del sionismo. Y en el sentido de comprender que las bombas y hambruna que hoy se ensa\u00f1an contra el pueblo de Gaza son un mensaje del poder capitalista contra los pueblos del mundo que desaf\u00eden su dominaci\u00f3n.<\/p>\n\n\n\n<p>Desde M\u00e9xico estamos comprometidos en no dejar de hablar de Palestina realizando cuantas acciones podamos a lo largo y ancho del pa\u00eds, desde Baja California hasta Chiapas.<\/p>\n\n\n\n<p>Evaluamos que el reciente reconocimiento del estado palestino por varios gobiernos del mundo es m\u00e1s una cortina de humo que una acci\u00f3n efectiva para frenar el genocidio y la ocupaci\u00f3n de Palestina. \u00bfD\u00f3nde est\u00e1n? \u00a1No se ven las sanciones a Israel!<\/p>\n\n\n\n<p>Igualmente, el tard\u00edo reconocimiento del gobierno mexicano al genocidio significa nada para presionar al aparato militar asesino sionista y s\u00f3lo le permite tratar de aplacar la creciente e inocultable indignaci\u00f3n ante una injustificada violencia criminal y la m\u00e1s descarada violaci\u00f3n de los Acuerdos de Ginebra que demandan protecci\u00f3n de la poblaci\u00f3n civil en tiempo de guerra.<\/p>\n\n\n\n<p>Denunciamos las simulaciones del gobierno mexicano. Exigimos:<\/p>\n\n\n\n<ol class=\"wp-block-list\">\n<li>La ruptura de relaciones militares, pol\u00edticas, diplom\u00e1ticas y de todo tipo con el estado sionista de Israel.<\/li>\n\n\n\n<li>Que se demande en foros internacionales la condena de todos los involucrados con el genocidio.<\/li>\n\n\n\n<li>Saludando y haciendo nuestra a la Flotilla Global Sumud exigimos que se brinde plena protecci\u00f3n de quienes forman parte de la delegaci\u00f3n mexicana de la Flotilla y un pronunciamiento para que se respete a la Flotilla toda.<\/li>\n<\/ol>\n\n\n\n<p><em>Pronunciamiento promovido desde el Espacio de coordinaci\u00f3n nacional Alto a la guerra contra los pueblos zapatistas<\/em><\/p>\n\n\n\n<h4 class=\"wp-block-heading\">Firmantes:<\/h4>\n\n\n\n<ul class=\"wp-block-list\">\n<li>Ana Mar\u00eda Vera Smith<\/li>\n\n\n\n<li>Brigada Callejera de Apoyo a la Mujer, Elisa Martinez, A. C.<\/li>\n\n\n\n<li>Brigada Dr. Ignacio Mart\u00edn-Bar\u00f3<\/li>\n\n\n\n<li>Brigada Ricardo Flores Mag\u00f3n, La paz BC Sur<\/li>\n\n\n\n<li>Casa obrera Tlaxcala COT<\/li>\n\n\n\n<li>Caf\u00e9 \u201cZapata Vive\u201d<\/li>\n\n\n\n<li>Centro de Derechos Humanos Fray Bartolom\u00e9 de Las Casas<\/li>\n\n\n\n<li>Colectividad Nuestra Alegre Rebeld\u00eda de la Red Morelense de Apoyo al CNI-CIG<\/li>\n\n\n\n<li>Colectivo Criptopozol+DDHH<\/li>\n\n\n\n<li>Colectivo de apoyo al CNI-CIG, EZLN Lleg\u00f3 la hora de los pueblos<\/li>\n\n\n\n<li>Colectiva Miradas cr\u00edticas del territorio desde el feminismo<\/li>\n\n\n\n<li>Colectivo caminando al horizonte en com\u00fan<\/li>\n\n\n\n<li>Colectivo Mujeres Tierra<\/li>\n\n\n\n<li>Colectivx Zapatista La Oveja Roja<\/li>\n\n\n\n<li>Comunidad Ind\u00edgena Nahua Milpa Alta CNI<\/li>\n\n\n\n<li>\u2060Comunidad Ind\u00edgena Otom\u00ed residente en la CDMX<\/li>\n\n\n\n<li>Coordinaci\u00f3n Metropolitana, Anticapitalista y Antipatriarcal con el CIG<\/li>\n\n\n\n<li>Consejo de Bienes Comunales Ind\u00edgena Nahua Tlacotenco<\/li>\n\n\n\n<li>Cooperativa Tlapaltik b\u2019e<\/li>\n\n\n\n<li>El peri\u00f3dico la Flor In X\u00f3chitl in Cu\u00edcatl<\/li>\n\n\n\n<li>El Tekpatl peri\u00f3dico cr\u00edtico y de combate<\/li>\n\n\n\n<li>Escuela Comunal Casa del Arte Tlaixco<\/li>\n\n\n\n<li>Espacio de Lucha contra el Olvido y la represi\u00f3n<\/li>\n\n\n\n<li>\u2060Espacio de Reflexi\u00f3n, Construyendo \u201cEl Com\u00fan\u201d<\/li>\n\n\n\n<li>Ezcuelita GDL \u2060<\/li>\n\n\n\n<li>Frente de Resistencia contra la Represi\u00f3n<\/li>\n\n\n\n<li>Frente de Pueblos en Defensa de la Tierra y el Agua Morelos, Puebla, Tlaxcala<\/li>\n\n\n\n<li>Gabriela Zu\u00f1iga Garc\u00eda<\/li>\n\n\n\n<li>Geo-graf\u00edas comunitarias<\/li>\n\n\n\n<li>Grupo de Trabajo No Estamos Todxs<\/li>\n\n\n\n<li>Grupo Tlali Nantli<\/li>\n\n\n\n<li>Guardia Comunal Tlacotenco<\/li>\n\n\n\n<li>Guardia Comunal Tona<\/li>\n\n\n\n<li>Laboratorio Popular de Medios Libres y Noticias de abajo<\/li>\n\n\n\n<li>L@s hij@s del Maiz Pinto Tlaxcala<\/li>\n\n\n\n<li>La Otra en el Sur de Morelos<\/li>\n\n\n\n<li>ILANCUEITL danza de las Tlacualeras<\/li>\n\n\n\n<li>\u2060La Ceiba<\/li>\n\n\n\n<li>Mariana Mora<\/li>\n\n\n\n<li>Mexicanos Unidos<\/li>\n\n\n\n<li>Mexicali Resiste<\/li>\n\n\n\n<li>M\u00ednima Galer\u00eda \u00cdntima\/Narraturgias de la Memoria<\/li>\n\n\n\n<li>Mujeres transformando mundos<\/li>\n\n\n\n<li>Mujeres y la Sexta<\/li>\n\n\n\n<li>Nodo de Derechos Humanos<\/li>\n\n\n\n<li>Nuria Natalio Modesta<\/li>\n\n\n\n<li>Organizaci\u00f3n Popular Francisco Villa de Izquierda Independiente<\/li>\n\n\n\n<li>Partido de los Comunistas<\/li>\n\n\n\n<li>Polo Castellanos<\/li>\n\n\n\n<li>Pueblos Unidos de la Regi\u00f3n Cholulteca y de los Volcanes<\/li>\n\n\n\n<li>Radio Zapatista Sudcaliforniana, La Paz, BC Sur<\/li>\n\n\n\n<li>Red de Resistencia y Rebeld\u00eda del puerto de Veracruz en apoyo al C.I.G. C.N.I.<\/li>\n\n\n\n<li>Red de apoyo Iztapalapa Sexta (RAIS)<\/li>\n\n\n\n<li>Red de feminismos descoloniales<\/li>\n\n\n\n<li>Red de Resistencias y Rebeldias AJMAQ<\/li>\n\n\n\n<li>Red Morelense de apoyo al CIG-CNI Nuestra Alegre Rebeld\u00eda<\/li>\n\n\n\n<li>Red Movimiento y Coraz\u00f3n Zapatista (RMyCZ)<\/li>\n\n\n\n<li>Red Universitaria Anticapitalista<\/li>\n\n\n\n<li>Regeneraci\u00f3n Radio<\/li>\n\n\n\n<li>Resonancias Radio<\/li>\n\n\n\n<li>Sexta por la libre Yucatan<\/li>\n\n\n\n<li>Tejiendo Organizaci\u00f3n Revolucionaria<\/li>\n\n\n\n<li>Uni\u00f3n popular apizaquence democr\u00e1tica e independiente UPADI, Tlaxcala<\/li>\n<\/ul>\n","protected":false},"excerpt":{"rendered":"<p>Pronunciamiento en contra del brutal genocidio en Gaza y la ocupaci\u00f3n ilegal y asesina en Cisjordania A los hermanos y hermanas palestinas,A las y los firmantes de la Declaraci\u00f3n por la vida,Al mundo despierto ante el brutal genocidio ahora naturalizado por las grandes potencias,&nbsp; Lxs abajo firmantes, una parte peque\u00f1a de las personas y colectivos [&hellip;]<\/p>\n","protected":false},"author":1,"featured_media":46773,"comment_status":"open","ping_status":"closed","sticky":false,"template":"","format":"standard","meta":{"footnotes":""},"categories":[51,956,954,953,1327],"tags":[1103,112,27],"class_list":["post-52469","post","type-post","status-publish","format-standard","has-post-thumbnail","hentry","category-autor","category-sexta","category-mexico","category-mundo","category-palestina","tag-gaza","tag-palestina","tag-solidaridad"],"_links":{"self":[{"href":"https:\/\/radiozapatista.org\/index.php?rest_route=\/wp\/v2\/posts\/52469","targetHints":{"allow":["GET"]}}],"collection":[{"href":"https:\/\/radiozapatista.org\/index.php?rest_route=\/wp\/v2\/posts"}],"about":[{"href":"https:\/\/radiozapatista.org\/index.php?rest_route=\/wp\/v2\/types\/post"}],"author":[{"embeddable":true,"href":"https:\/\/radiozapatista.org\/index.php?rest_route=\/wp\/v2\/users\/1"}],"replies":[{"embeddable":true,"href":"https:\/\/radiozapatista.org\/index.php?rest_route=%2Fwp%2Fv2%2Fcomments&post=52469"}],"version-history":[{"count":1,"href":"https:\/\/radiozapatista.org\/index.php?rest_route=\/wp\/v2\/posts\/52469\/revisions"}],"predecessor-version":[{"id":52470,"href":"https:\/\/radiozapatista.org\/index.php?rest_route=\/wp\/v2\/posts\/52469\/revisions\/52470"}],"wp:featuredmedia":[{"embeddable":true,"href":"https:\/\/radiozapatista.org\/index.php?rest_route=\/wp\/v2\/media\/46773"}],"wp:attachment":[{"href":"https:\/\/radiozapatista.org\/index.php?rest_route=%2Fwp%2Fv2%2Fmedia&parent=52469"}],"wp:term":[{"taxonomy":"category","embeddable":true,"href":"https:\/\/radiozapatista.org\/index.php?rest_route=%2Fwp%2Fv2%2Fcategories&post=52469"},{"taxonomy":"post_tag","embeddable":true,"href":"https:\/\/radiozapatista.org\/index.php?rest_route=%2Fwp%2Fv2%2Ftags&post=52469"}],"curies":[{"name":"wp","href":"https:\/\/api.w.org\/{rel}","templated":true}]}}