{"id":52455,"date":"2025-09-30T13:26:33","date_gmt":"2025-09-30T19:26:33","guid":{"rendered":"https:\/\/radiozapatista.org\/?p=52455"},"modified":"2025-09-30T13:26:34","modified_gmt":"2025-09-30T19:26:34","slug":"el-precio-de-defender-la-tierra-samir-flores-y-los-pueblos-en-resistencia","status":"publish","type":"post","link":"https:\/\/radiozapatista.org\/?p=52455","title":{"rendered":"El precio de defender la tierra: Samir Flores y los pueblos en resistencia"},"content":{"rendered":"\n<p> Por D Moctezuma McQuade y Daniela Guti\u00e9rrez<\/p>\n\n\n\n<p><strong>La impunidad sobre el asesinato de Samir Flores persiste, como lo demuestra el m\u00e1s reciente aplazamiento de la audiencia del pasado 17 de septiembre de 2025, solicitado por la Fiscal\u00eda para localizar a testigos clave. El caso fue reprogramado para el 10 de noviembre del mismo a\u00f1o, manteniendo vivo el reclamo de justicia.<\/strong><\/p>\n\n\n\n<figure class=\"wp-block-image\"><img decoding=\"async\" src=\"https:\/\/fmcholollan.org.mx\/wp-content\/uploads\/2025\/09\/InfografiaSamir-410x1024.png\" alt=\"\" class=\"wp-image-7604\"\/><\/figure>\n\n\n\n<p><strong>2013:<br><\/strong>1.- <a href=\"https:\/\/www.youtube.com\/watch?v=H1qyRERcmBc\">https:\/\/www.youtube.com\/watch?v=H1qyRERcmBc<\/a><br>2.- <a href=\"https:\/\/www.educaoaxaca.org\/comprueban-actos-de-tortura-contra-el-defensor-jaime-dominguez-opositor-del-proyecto-integral-morelos\/\">https:\/\/www.educaoaxaca.org\/comprueban-actos-de-tortura-contra-el-defensor-jaime-dominguez-opositor-del-proyecto-integral-morelos\/<\/a><\/p>\n\n\n\n<p><strong>2014:<br><\/strong>1.-<a href=\"https:\/\/redtdt.org.mx\/archivos\/9261\"> https:\/\/redtdt.org.mx\/archivos\/9261<\/a><\/p>\n\n\n\n<p><strong>9 feb 2019:<br><\/strong>1.-<a href=\"https:\/\/www.ladobe.com.mx\/2019\/02\/asi-fue-la-consulta-ciudadana-sobre-el-gasoducto-morelos-en-puebla\/\">https:\/\/www.ladobe.com.mx\/2019\/02\/asi-fue-la-consulta-ciudadana-sobre-el-gasoducto-morelos-en-puebla\/<\/a><\/p>\n\n\n\n<p><strong>19 feb 2019:<br><\/strong>1.-<a href=\"https:\/\/www.youtube.com\/watch?v=BMuLcU0VEak\">https:\/\/www.youtube.com\/watch?v=BMuLcU0VEak<\/a><\/p>\n\n\n\n<p><strong>20 feb 2019:<br><\/strong>1.-<a href=\"https:\/\/www.proceso.com.mx\/nacional\/2019\/2\/20\/asesinan-lider-opositor-la-termoelectrica-de-huexca-220553.html\">https:\/\/www.proceso.com.mx\/nacional\/2019\/2\/20\/asesinan-lider-opositor-la-termoelectrica-de-huexca-220553.html<\/a><\/p>\n\n\n\n<p><strong>actores se\u00f1alados:<\/strong><br>1.-<a href=\"https:\/\/drive.google.com\/file\/d\/1mbjI6P6OqVdkI-f3FDLbEaRxoZ1q4R7s\/view\">https:\/\/drive.google.com\/file\/d\/1mbjI6P6OqVdkI-f3FDLbEaRxoZ1q4R7s\/view<\/a><\/p>\n\n\n\n<p>La historia de Samir Flores Soberanes est\u00e1 intr\u00ednsecamente ligada a la defensa de la vida del pueblo de Amilcingo, Morelos y su lucha en oposici\u00f3n al Proyecto Integral Morelos (PIM) una iniciativa federal que comprend\u00eda la construcci\u00f3n de una termoel\u00e9ctrica de 620 MW en Huexca, un gasoducto de 160 kil\u00f3metros que atravesar\u00eda m\u00e1s de 60 comunidades en los estados de Morelos, Tlaxcala y Puebla y un acueducto para abastecimiento de agua a la termoel\u00e9ctrica.<\/p>\n\n\n\n<p>\u200b\u200bDetr\u00e1s del PIM se encuentra una red de intereses corporativos transnacionales que incluye a la empresa estadounidense Macquarie Infrastructure Partners que compr\u00f3 el gasoducto a las espa\u00f1olas Elecnor y Enag\u00e1s en 2022, la francesa Saint Gobain, Schaeffler M\u00e9xico, Volkswagen, Audi y la Asociaci\u00f3n de Empresianos del Parque Industrial Ciudad Textil, estas corporaciones han presionado activamente para la operaci\u00f3n del gasoducto a pesar de los riesgos documentados.<\/p>\n\n\n\n<p>Las comunidades de la regi\u00f3n Iztapopo de origen n\u00e1huatl, se opusieron firmemente al proyecto argumentando graves riesgos ambientales y sociales: la termoel\u00e9ctrica al consumir grandes vol\u00famenes de agua, agravar\u00e1 la escasez ya que afecta a la zona y contaminar\u00eda el aire; el gasoducto al pasar por zonas de alta actividad volc\u00e1nica y cerca de poblaciones, representaba un peligro de explosi\u00f3n inminente; y finalmente el acueducto afectar\u00eda los mantos acu\u00edferos locales y el R\u00edo Cuautla, completando una serie de impactos interconectados que motivaron la resistencia comunitaria. Esta resistencia se consolid\u00f3 con la creaci\u00f3n del <strong>Frente de Pueblos en Defensa de la Tierra y el Agua Morelos, Puebla, Tlaxcala (FPDTA-MPT)<\/strong>, constituido formalmente en Huexca, Morelos, en 2012. El Frente, integrado por comunidades ind\u00edgenas y campesinas, coordina la defensa del territorio mediante asambleas, acciones legales, protestas p\u00fablicas y el ejercicio de la comunicaci\u00f3n comunitaria. <strong>A pesar de la resistencia el proyecto recibi\u00f3 luz verde <\/strong>del gobierno federal, que convoc\u00f3 a una <strong>\u00abconsulta\u00bb en febrero de 2019<\/strong>, criticada por las comunidades por estar viciada y no ser libre ni informada.&nbsp;&nbsp;<\/p>\n\n\n\n<figure class=\"wp-block-image\"><img decoding=\"async\" src=\"https:\/\/fmcholollan.org.mx\/wp-content\/uploads\/2025\/09\/WhatsApp-Image-2025-09-30-at-11.51.07-AM-1-825x1024.jpeg\" alt=\"\" class=\"wp-image-7597\"\/><\/figure>\n\n\n\n<p>Fuentes: LADO B&nbsp;<\/p>\n\n\n\n<figure class=\"wp-block-embed is-type-wp-embed is-provider-lado-b wp-block-embed-lado-b\"><div class=\"wp-block-embed__wrapper\">\n<blockquote class=\"wp-embedded-content\" data-secret=\"1fY1tmBTJS\"><a href=\"https:\/\/www.ladobe.com.mx\/2019\/02\/asi-fue-la-consulta-ciudadana-sobre-el-gasoducto-morelos-en-puebla\/\">As\u00ed fue la consulta ciudadana sobre el gasoducto Morelos, en Puebla<\/a><\/blockquote><iframe loading=\"lazy\" class=\"wp-embedded-content\" sandbox=\"allow-scripts\" security=\"restricted\" style=\"position: absolute; visibility: hidden;\" title=\"\u00abAs\u00ed fue la consulta ciudadana sobre el gasoducto Morelos, en Puebla\u00bb \u2014 LADO B\" src=\"https:\/\/www.ladobe.com.mx\/2019\/02\/asi-fue-la-consulta-ciudadana-sobre-el-gasoducto-morelos-en-puebla\/embed\/#?secret=LDJ76r9yKv#?secret=1fY1tmBTJS\" data-secret=\"1fY1tmBTJS\" width=\"500\" height=\"282\" frameborder=\"0\" marginwidth=\"0\" marginheight=\"0\" scrolling=\"no\"><\/iframe>\n<\/div><\/figure>\n\n\n\n<p>La oposici\u00f3n se intensific\u00f3 porque el gasoducto atraviesa rutas de evacuaci\u00f3n del volc\u00e1n Popocat\u00e9petl, ignorando las advertencias del Cenapred y el Instituto de Geof\u00edsica de la UNAM sobre el riesgo catastr\u00f3fico que esto representa para aproximadamente 800,000 personas en caso de erupci\u00f3n.<\/p>\n\n\n\n<figure class=\"wp-block-image\"><img decoding=\"async\" src=\"https:\/\/fmcholollan.org.mx\/wp-content\/uploads\/2025\/09\/mapa-riergo.jpg\" alt=\"\" class=\"wp-image-7596\"\/><\/figure>\n\n\n\n<p>Este a\u00f1o se cumplen <strong>13 a\u00f1os de imposiciones para hacer funcionar el Proyecto Integral Morelos (PIM)<\/strong> y 6 a\u00f1os de lo que las comunidades denominan \u00abla sangrienta traici\u00f3n\u00bb del gobierno federal. El 10 de febrero de 2019, Samir junto a representantes de decenas de pueblos afectados enfrentaron al presidente L\u00f3pez Obrador en Huexca, gritando consignas como<strong> \u00ab\u00a1agua s\u00ed, termo no!<\/strong>\u00bb y exigiendo que cumpliera su palabra de campa\u00f1a de cancelar el proyecto. La respuesta presidencial fue descalificar a los manifestantes tach\u00e1ndolos de <strong>\u00abconservadores\u00bb<\/strong>, en lo que el <strong>FPDTA-MPT <\/strong>considera que<strong> fue una sentencia de muerte para Samir, asesinado 10 d\u00edas despu\u00e9s<\/strong>.<\/p>\n\n\n\n<h2 class=\"wp-block-heading\"><strong>\u00bfQui\u00e9n fue Samir Flores Soberanes?<\/strong><\/h2>\n\n\n\n<figure class=\"wp-block-image\"><img decoding=\"async\" src=\"https:\/\/fmcholollan.org.mx\/wp-content\/uploads\/2025\/09\/samir-en-la-montana-1024x768.png\" alt=\"\" class=\"wp-image-7594\"\/><figcaption class=\"wp-element-caption\">Foto por Miryam Vargas \u2013 Cholollan Radio<\/figcaption><\/figure>\n\n\n\n<p>Samir Flores Soberanes (Amilcingo, Temoac, Morelos; 2 de agosto de 1982 \u2013 20 de febrero de 2019) fue un campesino, comunicador comunitario y defensor de los derechos de los pueblos ind\u00edgenas y el medio ambiente, fundador de la emisora Radio Comunitaria Amilcingo, utiliz\u00f3 este medio para informar y organizar a su comunidad sobre los riesgos del PIM.<\/p>\n\n\n\n<p>Como l\u00edder visible de la resistencia, Samir no solo era un opositor vocal del megaproyecto, sino tambi\u00e9n un <strong>ferviente promotor de la autonom\u00eda de los pueblos y la defensa del territorio<\/strong>. Su trabajo se enmarca en el ejercicio leg\u00edtimo del derecho a la libre expresi\u00f3n, a la informaci\u00f3n y a defender los derechos humanos, reconocidos en instrumentos internacionales como el Convenio 169 de la OIT y la Declaraci\u00f3n de la ONU sobre Defensores de Derechos Humanos.<\/p>\n\n\n\n<p>Desde Radio Amilcingo, Samir informaba a la zona Oriente de Morelos y parte de Puebla sobre las consecuencias del PIM. Su compromiso con la autonom\u00eda comunitaria se extend\u00eda a la construcci\u00f3n de proyectos educativos, de salud comunitaria y la defensa de los usos y costumbres, incluyendo su \u00faltima iniciativa inconclusa: una escuela preparatoria para la comunidad de Amilcingo.<\/p>\n\n\n\n<figure class=\"wp-block-image\"><img decoding=\"async\" src=\"https:\/\/fmcholollan.org.mx\/wp-content\/uploads\/2025\/09\/samir-y-paisaje-1024x768.png\" alt=\"\" class=\"wp-image-7595\"\/><figcaption class=\"wp-element-caption\">Foto por Miryam Vargas \u2013 Cholollan Radio<\/figcaption><\/figure>\n\n\n\n<h2 class=\"wp-block-heading\"><strong>El Asesinato y la Impunidad Persistente<\/strong><\/h2>\n\n\n\n<p>La madrugada del <strong>20 de febrero de 2019<\/strong>, <strong>dos d\u00edas antes de la realizaci\u00f3n de la consulta sobre el PIM<\/strong>, Samir Flores fue asesinado a tiros frente a su domicilio en Amilcingo por sujetos que llegaron en un veh\u00edculo. El crimen fue ampliamente denunciado como un asesinato pol\u00edtico destinado a silenciar la oposici\u00f3n m\u00e1s cr\u00edtica y amedrentar a la comunidad en v\u00edsperas de la votaci\u00f3n.<\/p>\n\n\n\n<p>A pesar de las promesas de justicia, el caso contin\u00faa plagado de impunidad. Han pasado m\u00e1s de seis a\u00f1os y los avances son m\u00ednimos. El proceso judicial contra Javier \u2018N\u2019, presunto autor material del asesinato de Samir Flores, ha registrado <strong>al menos 15 diferimientos de audiencias.<\/strong> Incluso el pasado <strong>17 de septiembre de 2025<\/strong>, la audiencia programada result\u00f3 en un nuevo aplazamiento, luego de que la Fiscal\u00eda solicitara m\u00e1s tiempo para ubicar a testigos clave del caso que no han sido localizados. Tras esta solicitud, se obtuvo una <strong>reprogramaci\u00f3n para el pr\u00f3ximo 10 de noviembre de este mismo a\u00f1o.<\/strong><\/p>\n\n\n\n<p><strong>Tras seis a\u00f1os de impunidad<\/strong>, la lucha por justicia para Samir Flores Soberanes ha trascendido las fronteras de M\u00e9xico, transform\u00e1ndose en un emblem\u00e1tico caso de la criminalizaci\u00f3n global contra defensores ambientales. La internacionalizaci\u00f3n de esta causa se manifest\u00f3 mediante la instalaci\u00f3n de monumentos en honor al \u00abDefensor del Agua\u00bb en diversas ciudades de M\u00e9xico, Francia e Italia, convirti\u00e9ndose en una potente herramienta de visibilizaci\u00f3n y presi\u00f3n internacional.<\/p>\n\n\n\n<p>El Frente de Pueblos ha denunciado una red de poder que conecta a los autores intelectuales y materiales del asesinato. Seg\u00fan sus investigaciones, el entonces superdelegado federal Hugo Erik Flores (abogado de los asesinos de Acteal y l\u00edder del PES) oper\u00f3 la ejecuci\u00f3n, mientras que el exgobernador Cuauht\u00e9moc Blanco habr\u00eda pactado con el C\u00e1rtel Jalisco Nueva Generaci\u00f3n \u00aba cambio de pacificar\u00bb, ordenando al grupo criminal de \u00abLos Aparicio\u00bb la ejecuci\u00f3n de Samir, esta red delincuencial evidenciar\u00eda la existencia de un narcoestado que opera a favor de intereses capitalistas internacionales beneficiados por el PIM.<\/p>\n\n\n\n<p>El diagrama de relaciones del narcogobierno \u2014incluido al final de este documento\u2014 ilustra gr\u00e1ficamente los v\u00ednculos entre actores pol\u00edticos, corporativos y criminales se\u00f1alados en el asesinato de Samir Flores. Este mapeo, desarrollado por el Frente de Pueblos (2025), muestra c\u00f3mo se articulan las conexiones entre el exgobernador Cuauht\u00e9moc Blanco, el ex subdelegado federal Hugo \u00c9rick Flores, el c\u00e1rtel Jalisco Nueva Generaci\u00f3n, el grupo criminal \u00abLos Aparicio\u00bb y las empresas trasnacionales beneficiarias del PIM, configurando una estructura de impunidad y violencia.<\/p>\n\n\n\n<figure class=\"wp-block-image\"><img decoding=\"async\" src=\"https:\/\/fmcholollan.org.mx\/wp-content\/uploads\/2025\/09\/WhatsApp-Image-2025-09-30-at-11.52.05-AM-1024x609.jpeg\" alt=\"\" class=\"wp-image-7599\"\/><\/figure>\n\n\n\n<p>Fuente: Frente de Pueblos en Defensa de la Tierra y el Agua \u2013 Morelos-Puebla-Tlaxcala<\/p>\n\n\n\n<p><a href=\"https:\/\/www.congresonacionalindigena.org\/2025\/02\/13\/mapa-relaciones-del-narcogobierno-en-el-asesinato-de-samir-flores\/\">https:\/\/www.congresonacionalindigena.org\/2025\/02\/13\/mapa-relaciones-del-narcogobierno-en-el-asesinato-de-samir-flores\/<\/a><\/p>\n\n\n\n<p>La violencia contra el <strong>FPDTA-MPT<\/strong> incluye 26 defensores judicializados, 3 detenciones ilegales, el cierre violento de dos medios comunitarios y casos documentados de tortura, adem\u00e1s del asesinato de Samir Flores, por lo que esta represi\u00f3n se enmarca en la imposici\u00f3n del PIM mediante fuerza p\u00fablica estatal y federal, incluyendo el uso del ej\u00e9rcito mexicano para resguardar maquinaria de construcci\u00f3n.<\/p>\n\n\n\n<h2 class=\"wp-block-heading\"><strong>Patr\u00f3n de Violencia: La misma estrategia de silenciamiento se repite<\/strong><\/h2>\n\n\n\n<p>La sombra de la violencia que se cierne sobre los defensores de la tierra y el agua en Morelos se alarg\u00f3 nuevamente en septiembre de 2025. Carolina, una mujer integrante de la Asociaci\u00f3n de Usuarios del R\u00edo Cuautla (ASURCO), fue asesinada a tiros en la comunidad de El Hospital, Cuautla. Este crimen ocurre en un contexto de impunidad estructural, evidenciado por la reciente y tard\u00eda recomendaci\u00f3n de la Comisi\u00f3n Estatal de Derechos Humanos (CEDH) sobre el caso de tortura de Jaime Dom\u00ednguez, ocurrido en 2013, y que solo fue reconocido formalmente doce a\u00f1os despu\u00e9s.<\/p>\n\n\n\n<p>Este crimen contra Carolina resuena como un eco siniestro de otros asesinatos. Francisco Vazquez, integrante del Consejo de Vigilancia en ASURCO, fue asesinado en su campo por dos sujetos a bordo de motocicletas el 10 de febrero del 2022, a su vez ambos homicidios recuerdan el del defensor nahua Samir Flores Soberanes, ocurrido el 20 de febrero de 2019. <strong>Los tres casos permanecen en la m\u00e1s absoluta impunidad.<\/strong><\/p>\n\n\n\n<h2 class=\"wp-block-heading\"><strong>Un sistema que protege a los agresores<\/strong><\/h2>\n\n\n\n<p>La lucha por la justicia para los defensores criminalizados y asesinados se topa con un muro institucional. La CEDH de Morelos emiti\u00f3 finalmente una recomendaci\u00f3n en 2024 por la tortura y detenci\u00f3n ilegal de Jaime Dom\u00ednguez, un opositor al PIM detenido en 2013. Este reconocimiento lleg\u00f3 despu\u00e9s de m\u00e1s de una d\u00e9cada, tras dos intentos fallidos porque el Estado aleg\u00f3 no tener personal especializado para aplicar el Protocolo de Estambul. Esta demora es un ejemplo claro de la negaci\u00f3n sistem\u00e1tica de justicia que enfrentan las v\u00edctimas.<\/p>\n\n\n\n<p>Este patr\u00f3n se repite en los asesinatos: misma causa (pertenecer a ASURCO y oponerse al Proyecto Integral Morelos), mismo m\u00e9todo de agresi\u00f3n (ataques con motocicletas) y misma impunidad. Aunque las autoridades estatales suelen encasillar estos hechos como \u00abviolencia delictiva gen\u00e9rica\u00bb, para las comunidades representan una estrategia coordinada que combina el terror paramilitar con la negligencia estatal para eliminar la oposici\u00f3n social.<\/p>\n\n\n\n<p>Frente a este contexto, las comunidades exigen: la investigaci\u00f3n y castigo a los autores intelectuales de los asesinatos de Carolina, Francisco V\u00e1zquez y Samir Flores, y la cancelaci\u00f3n definitiva del Proyecto Integral Morelos.<\/p>\n\n\n\n<p>La respuesta desde las comunidades sigue siendo la organizaci\u00f3n, la memoria digna y la resistencia que convierte la muerte en semilla de lucha, en un camino donde la solidaridad internacional contrasta con la impunidad local.<\/p>\n\n\n\n<h2 class=\"wp-block-heading\"><strong>Derechos Humanos Violados<\/strong><\/h2>\n\n\n\n<p>El caso de Samir Flores constituye una grave violaci\u00f3n m\u00faltiple de derechos humanos reconocidos internacionalmente, en primer lugar se vulnera su derecho fundamental a la vida, establecido en el Art\u00edculo 3 de la Declaraci\u00f3n Universal de Derechos Humanos, al ser v\u00edctima de una ejecuci\u00f3n extrajudicial directamente relacionada con su labor como defensor ambiental.<\/p>\n\n\n\n<p>Adicionalmente se ha configurado una sistem\u00e1tica negaci\u00f3n de su <strong>derecho a la justicia<\/strong> (Art\u00edculo 8 de la Declaraci\u00f3n Universal), manifestada a trav\u00e9s de las continuas dilaciones procesales y la falta de una investigaci\u00f3n efectiva que permitiera esclarecer completamente los hechos y sancionar a todos los responsables. El crimen tambi\u00e9n represent\u00f3 una violaci\u00f3n al <strong>derecho a la libertad de expresi\u00f3n<\/strong> (Art\u00edculo 19 de la Declaraci\u00f3n Universal) al silenciarse violentamente su voz cr\u00edtica y su trabajo como comunicador comunitario que informaba sobre los impactos del proyecto en su comunidad.<\/p>\n\n\n\n<p>Asimismo, se transgredi\u00f3 el <strong>derecho a defender derechos humanos<\/strong>, reconocido en la Declaraci\u00f3n de la ONU sobre Defensores de Derechos Humanos, mediante la criminalizaci\u00f3n de su protesta social y su leg\u00edtima oposici\u00f3n al megaproyecto.<\/p>\n\n\n\n<p>Finalmente el contexto en el que ocurrieron estos hechos evidencia la violaci\u00f3n al derecho a la consulta previa, libre e informada establecido en el Convenio 169 de la OIT, al imponerse el Proyecto Integral Morelos sin el consentimiento de las comunidades afectadas, lo que cre\u00f3 el ambiente de conflictividad que di\u00f3 paso a estos lamentables acontecimientos.<\/p>\n\n\n\n<p>La violencia, ilegalidad, colonialismo, racismo y arbitrariedad con que se ha impuesto el Proyecto Integral Morelos ha llegado a la Comisi\u00f3n Interamericana de Derechos Humanos (CIDH), donde en los pr\u00f3ximos meses los pueblos del volc\u00e1n y el Estado Mexicano presentar\u00e1n argumentos sobre la problem\u00e1tica instalaci\u00f3n del PIM en zona de riesgo eruptivo y sin consentimiento de los pueblos.<\/p>\n\n\n\n<h2 class=\"wp-block-heading\"><strong>Conclusi\u00f3n<\/strong><\/h2>\n\n\n\n<p>El caso de Samir Flores Soberanes trasciende el asesinato de un defensor ambiental para convertirse en el s\u00edmbolo de una lucha civilizatoria entre dos modelos de mundo antag\u00f3nicos. Por un lado, se encuentra la visi\u00f3n extractivista representada por el Proyecto Integral Morelos respaldada por un entramado de intereses transnacionales sobre los combustibles f\u00f3siles, autoridades coludidas y grupos criminales, <strong>que ven en la tierra y el agua meras mercanc\u00edas para su explotaci\u00f3n<\/strong>. Por el otro, la cosmovisi\u00f3n de los pueblos n\u00e1huatl, que entienden el territorio como un ser vivo, sagrado e inseparable de su existencia cultural y material.<\/p>\n\n\n\n<p>Es en este conflicto donde la figura de Samir ha sido asumida como un s\u00edmbolo de la lucha de los pueblos originarios por la defensa de su territorio por el Congreso Nacional Ind\u00edgena y el Ej\u00e9rcito Zapatista de Liberaci\u00f3n Nacional. Asimismo, el <strong>FPDTA-MPT<\/strong> ha construido una red de solidaridad transnacional con organizaciones como Front Line Defenders y Peace Brigades International, que brindan acompa\u00f1amiento crucial en incidencia, seguridad y visibilizaci\u00f3n internacional.<\/p>\n\n\n\n<p>La implacable impunidad durante seis a\u00f1os no es falla del sistema, sino su funcionamiento esencial: implementaci\u00f3n de necropol\u00edtica, un mecanismo dise\u00f1ado para proteger a los autores intelectuales que operan desde las altas esferas del poder pol\u00edtico y econ\u00f3mico. La red que conecta a Macquarie Infrastructure Partners, funcionarios como Cuauht\u00e9moc Blanco y Hugo \u00c9rick Flores, y grupos criminales como \u00abLos Aparicio\u00bb y el CJNG, revela la verdadera naturaleza del crimen: un <strong>asesinato narco-pol\u00edtico<\/strong> donde el capital global utiliza al crimen organizado como brazo armado para eliminar la resistencia al despojo.<\/p>\n\n\n\n<p>El asesinato de Carolina, integrante de la misma organizaci\u00f3n, confirma que se trata de una estrategia sistem\u00e1tica de terror destinada a aniquilar la resistencia comunitaria. Sin embargo, lejos de lograr su objetivo, la violencia ha internacionalizado la lucha, convirtiendo a Samir Flores en un s\u00edmbolo global de la defensa de la vida frente al capital energ\u00e9tico depredador.<\/p>\n\n\n\n<p>La paradoja final es que las balas que intentaron silenciar a Samir multiplicaron su voz: hoy resuena en las universidades europeas, en los memoriales internacionales, en las radios comunitarias y en las demandas ante la CIDH. Su legado evidencia que la verdadera justicia no llegar\u00e1 desde los tribunales corruptos sino desde la organizaci\u00f3n comunitaria que convierte el duelo en semilla de rebeld\u00eda.<\/p>\n\n\n\n<p>La lucha contin\u00faa porque, como aprendieron los pueblos del volc\u00e1n, defender el agua no es un delito sino el acto m\u00e1s profundo de amor por la vida. Y mientras el gasoducto permanezca como una amenaza latente y los asesinos siguen libres, la palabra de Samir seguir\u00e1 vibrando: <strong>\u00ab<\/strong>piensan que son due\u00f1os de nuestras vidas, de nuestras aguas, de nuestros montes, de nuestros \u00e1rboles y es ah\u00ed donde nosotros, con nuestra posici\u00f3n, no vamos a desistir, no vamos a renunciar a nuestros pueblos, porque aqu\u00ed nacimos y si es posible, en su defensa, aqu\u00ed moriremos\u201d.&nbsp;<\/p>\n\n\n\n<p><strong>Fuentes de Informaci\u00f3n:<\/strong><\/p>\n\n\n\n<ul class=\"wp-block-list\">\n<li><a href=\"https:\/\/fmcholollan.org.mx\/2019\/02\/asesinan-a-samir-flores-opositor-de-termoelectrica-en-morelos\/\">https:\/\/fmcholollan.org.mx\/2019\/02\/asesinan-a-samir-flores-opositor-de-termoelectrica-en-morelos\/<\/a><\/li>\n\n\n\n<li><a href=\"https:\/\/www.jornada.com.mx\/notas\/2023\/07\/04\/estados\/difieren-audiencia-del-presunto-involucrado-en-el-asesinato-de-samir-flores\/\">https:\/\/www.jornada.com.mx\/notas\/2023\/07\/04\/estados\/difieren-audiencia-del-presunto-involucrado-en-el-asesinato-de-samir-flores\/<\/a><\/li>\n\n\n\n<li><a href=\"https:\/\/www.jornada.com.mx\/noticia\/2025\/03\/15\/estados\/aplazan-juicio-oral-de-javier-n-presunto-asesino-de-samir-flores\">https:\/\/www.jornada.com.mx\/noticia\/2025\/03\/15\/estados\/aplazan-juicio-oral-de-javier-n-presunto-asesino-de-samir-flores<\/a><\/li>\n\n\n\n<li><a href=\"https:\/\/oem.com.mx\/elsoldecuautla\/seguridad\/mujer-muere-tras-ataque-armado-en-la-comunidad-el-hospital-25717046\">https:\/\/oem.com.mx\/elsoldecuautla\/seguridad\/mujer-muere-tras-ataque-armado-en-la-comunidad-el-hospital-25717046<\/a><\/li>\n\n\n\n<li><a href=\"https:\/\/www.congresonacionalindigena.org\/2025\/02\/20\/pronunciamiento-a-6-anos-del-asesinato-de-samir-flores-soberanes-impunidad-e-imposicion-reinan-en-el-narcoestado-mexicano\/\">https:\/\/www.congresonacionalindigena.org\/2025\/02\/20\/pronunciamiento-a-6-anos-del-asesinato-de-samir-flores-soberanes-impunidad-e-imposicion-reinan-en-el-narcoestado-mexicano\/<\/a><\/li>\n<\/ul>\n","protected":false},"excerpt":{"rendered":"<p>Por D Moctezuma McQuade y Daniela Guti\u00e9rrez La impunidad sobre el asesinato de Samir Flores persiste, como lo demuestra el m\u00e1s reciente aplazamiento de la audiencia del pasado 17 de septiembre de 2025, solicitado por la Fiscal\u00eda para localizar a testigos clave. El caso fue reprogramado para el 10 de noviembre del mismo a\u00f1o, manteniendo [&hellip;]<\/p>\n","protected":false},"author":21,"featured_media":52456,"comment_status":"open","ping_status":"closed","sticky":false,"template":"","format":"standard","meta":{"footnotes":""},"categories":[957,51,826,958,954,935],"tags":[58,53,567,147,23,545,87,148,27,483],"class_list":["post-52455","post","type-post","status-publish","format-standard","has-post-thumbnail","hentry","category-autonomia","category-autor","category-medios-libres-2","category-megaproyectos","category-mexico","category-temas","tag-derechos-humanos","tag-justicia","tag-megaproyectos","tag-militarizacion","tag-paramilitares","tag-pueblos-indigenas","tag-represion","tag-resistencia","tag-solidaridad","tag-tierra-y-territorio"],"_links":{"self":[{"href":"https:\/\/radiozapatista.org\/index.php?rest_route=\/wp\/v2\/posts\/52455","targetHints":{"allow":["GET"]}}],"collection":[{"href":"https:\/\/radiozapatista.org\/index.php?rest_route=\/wp\/v2\/posts"}],"about":[{"href":"https:\/\/radiozapatista.org\/index.php?rest_route=\/wp\/v2\/types\/post"}],"author":[{"embeddable":true,"href":"https:\/\/radiozapatista.org\/index.php?rest_route=\/wp\/v2\/users\/21"}],"replies":[{"embeddable":true,"href":"https:\/\/radiozapatista.org\/index.php?rest_route=%2Fwp%2Fv2%2Fcomments&post=52455"}],"version-history":[{"count":1,"href":"https:\/\/radiozapatista.org\/index.php?rest_route=\/wp\/v2\/posts\/52455\/revisions"}],"predecessor-version":[{"id":52457,"href":"https:\/\/radiozapatista.org\/index.php?rest_route=\/wp\/v2\/posts\/52455\/revisions\/52457"}],"wp:featuredmedia":[{"embeddable":true,"href":"https:\/\/radiozapatista.org\/index.php?rest_route=\/wp\/v2\/media\/52456"}],"wp:attachment":[{"href":"https:\/\/radiozapatista.org\/index.php?rest_route=%2Fwp%2Fv2%2Fmedia&parent=52455"}],"wp:term":[{"taxonomy":"category","embeddable":true,"href":"https:\/\/radiozapatista.org\/index.php?rest_route=%2Fwp%2Fv2%2Fcategories&post=52455"},{"taxonomy":"post_tag","embeddable":true,"href":"https:\/\/radiozapatista.org\/index.php?rest_route=%2Fwp%2Fv2%2Ftags&post=52455"}],"curies":[{"name":"wp","href":"https:\/\/api.w.org\/{rel}","templated":true}]}}